{"id":13870,"date":"2017-02-21T16:00:33","date_gmt":"2017-02-21T19:00:33","guid":{"rendered":"http:\/\/creapb.org.br\/?p=13870"},"modified":"2017-02-21T16:00:33","modified_gmt":"2017-02-21T19:00:33","slug":"pombal-tera-comissao-municipal-de-combate-ao-uso-indiscriminado-de-agrotoxicos","status":"publish","type":"post","link":"https:\/\/creapb.org.br\/site\/pombal-tera-comissao-municipal-de-combate-ao-uso-indiscriminado-de-agrotoxicos\/","title":{"rendered":"Pombal ter\u00e1 Comiss\u00e3o Municipal de Combate ao Uso Indiscriminado de Agrot\u00f3xicos"},"content":{"rendered":"<p><img fetchpriority=\"high\" decoding=\"async\" class=\"wp-image-13876 size-medium alignleft\" src=\"https:\/\/creapb.org.br\/site\/wp-content\/uploads\/2017\/02\/WhatsApp-Image-2017-02-13-at-16.27.26-300x169.jpeg\" alt=\"WhatsApp Image 2017-02-13 at 16.27.26\" width=\"300\" height=\"169\" srcset=\"https:\/\/creapb.org.br\/site\/wp-content\/uploads\/2017\/02\/WhatsApp-Image-2017-02-13-at-16.27.26-300x169.jpeg 300w, https:\/\/creapb.org.br\/site\/wp-content\/uploads\/2017\/02\/WhatsApp-Image-2017-02-13-at-16.27.26-768x432.jpeg 768w, https:\/\/creapb.org.br\/site\/wp-content\/uploads\/2017\/02\/WhatsApp-Image-2017-02-13-at-16.27.26-1024x576.jpeg 1024w, https:\/\/creapb.org.br\/site\/wp-content\/uploads\/2017\/02\/WhatsApp-Image-2017-02-13-at-16.27.26.jpeg 1152w\" sizes=\"(max-width: 300px) 100vw, 300px\" \/>\u00a0Na \u00faltima semana, o Crea-PB participou de reuni\u00e3o junto ao Minist\u00e9rio P\u00fablico de Pombal para tratar de den\u00fancias referente ao uso indiscriminado de agrot\u00f3xicos. A reuni\u00e3o resultou na cria\u00e7\u00e3o de uma comiss\u00e3o especial que tratar\u00e1 do assunto no munic\u00edpio. O assessor t\u00e9cnico do Conselho, Raimundo Nonato, e o inspetor em Pombal, Felemon Benigno, representaram a entidade. Al\u00e9m do Crea, participaram representantes da Vigil\u00e2ncia Sanit\u00e1ria e Secret\u00e1ria de Meio Ambiente da cidade, SEDAP (Secretaria de Desenvolvimento da Agropecu\u00e1ria e da Pesca), Emater (Empresa de Assist\u00eancia T\u00e9cnica e Extens\u00e3o Rural) e engenheiros da prefeitura de Pombal.<\/p>\n<p>De acordo com o assessor t\u00e9cnico do Crea, Raimundo Nonato, a reuni\u00e3o foi convocada pelo promotor de <img decoding=\"async\" class=\"wp-image-13877 size-medium alignright\" src=\"https:\/\/creapb.org.br\/site\/wp-content\/uploads\/2017\/02\/WhatsApp-Image-2017-02-13-at-16.46.50-300x169.jpeg\" alt=\"WhatsApp Image 2017-02-13 at 16.46.50\" width=\"300\" height=\"169\" srcset=\"https:\/\/creapb.org.br\/site\/wp-content\/uploads\/2017\/02\/WhatsApp-Image-2017-02-13-at-16.46.50-300x169.jpeg 300w, https:\/\/creapb.org.br\/site\/wp-content\/uploads\/2017\/02\/WhatsApp-Image-2017-02-13-at-16.46.50-768x432.jpeg 768w, https:\/\/creapb.org.br\/site\/wp-content\/uploads\/2017\/02\/WhatsApp-Image-2017-02-13-at-16.46.50-1024x576.jpeg 1024w, https:\/\/creapb.org.br\/site\/wp-content\/uploads\/2017\/02\/WhatsApp-Image-2017-02-13-at-16.46.50.jpeg 1152w\" sizes=\"(max-width: 300px) 100vw, 300px\" \/>Justi\u00e7a Jos\u00e9 Carlos Patr\u00edcio a partir de uma s\u00e9rie de den\u00fancias feitas sobre a utiliza\u00e7\u00e3o indiscriminada e irregular de agrot\u00f3xicos nas lavouras e plantios do munic\u00edpio de Pombal. A preocupa\u00e7\u00e3o, segundo o engenheiro agr\u00f4nomo, se justifica pelo fato de que a popula\u00e7\u00e3o da regi\u00e3o pode estar consumindo alimentos contaminados. &#8220;Os agrot\u00f3xicos devem ser prescritos por um t\u00e9cnico capacitado para determinar a quantidade de produto necess\u00e1rio para aquele plantio. Quando o uso desses venenos \u00e9 feito sem nenhum controle legal e t\u00e9cnico, quem est\u00e1 sob amea\u00e7a \u00e9 a seguran\u00e7a alimentar das fam\u00edlias&#8221;, alerta Nonato.<\/p>\n<p>Por isso, a reuni\u00e3o articulada pelo Minist\u00e9rio P\u00fablico resultou na cria\u00e7\u00e3o de uma comiss\u00e3o municipal de combate ao uso indiscriminado de agrot\u00f3xicos no \u00e2mbito municipal, que ser\u00e1 composta pelo MP, Secretarias do Munic\u00edpio, SEDAP e Crea-PB.<\/p>\n<p>Segundo Raimundo, a cria\u00e7\u00e3o dessa comiss\u00e3o permitir\u00e1 que os \u00f3rg\u00e3os envolvidos acompanhem de perto a situa\u00e7\u00e3o do munic\u00edpio e articule fiscaliza\u00e7\u00f5es conjuntas entre os \u00f3rg\u00e3os para coibir o com\u00e9rcio irregular, a exemplo do que tem sido feito entre Crea-PB e Sedap na zona rural do estado.<\/p>\n<p>Nas pr\u00f3ximas semanas, o promotor do MP de Pombal dever\u00e1 encaminhar of\u00edcio aos \u00f3rg\u00e3os para que indiquem seus representantes para a Comiss\u00e3o Municipal.<\/p>\n<p>&nbsp;<\/p>\n<p><em>Grazielle Uch\u00f4a\/Ascom Crea-PB\u00a0<\/em><\/p>\n<p>&nbsp;<\/p>\n<p>&nbsp;<\/p>\n","protected":false},"excerpt":{"rendered":"<p>\u00a0Na \u00faltima semana, o Crea-PB participou de reuni\u00e3o junto ao Minist\u00e9rio P\u00fablico de Pombal para tratar de den\u00fancias referente ao uso indiscriminado de agrot\u00f3xicos. A reuni\u00e3o resultou na cria\u00e7\u00e3o de uma comiss\u00e3o especial que tratar\u00e1 do assunto no munic\u00edpio. O assessor t\u00e9cnico do Conselho, Raimundo Nonato, e o inspetor em Pombal, Felemon Benigno, representaram a entidade. Al\u00e9m do Crea, participaram representantes da Vigil\u00e2ncia Sanit\u00e1ria e Secret\u00e1ria de Meio Ambiente da cidade, SEDAP (Secretaria de Desenvolvimento da Agropecu\u00e1ria e da Pesca), Emater (Empresa de Assist\u00eancia T\u00e9cnica e Extens\u00e3o Rural) e engenheiros da prefeitura de Pombal. De acordo com o assessor t\u00e9cnico [&hellip;]<\/p>\n","protected":false},"author":2,"featured_media":13876,"comment_status":"open","ping_status":"open","sticky":false,"template":"","format":"standard","meta":{"_acf_changed":false,"footnotes":""},"categories":[9],"tags":[],"class_list":["post-13870","post","type-post","status-publish","format-standard","has-post-thumbnail","hentry","category-noticias"],"acf":[],"_links":{"self":[{"href":"https:\/\/creapb.org.br\/site\/wp-json\/wp\/v2\/posts\/13870","targetHints":{"allow":["GET"]}}],"collection":[{"href":"https:\/\/creapb.org.br\/site\/wp-json\/wp\/v2\/posts"}],"about":[{"href":"https:\/\/creapb.org.br\/site\/wp-json\/wp\/v2\/types\/post"}],"author":[{"embeddable":true,"href":"https:\/\/creapb.org.br\/site\/wp-json\/wp\/v2\/users\/2"}],"replies":[{"embeddable":true,"href":"https:\/\/creapb.org.br\/site\/wp-json\/wp\/v2\/comments?post=13870"}],"version-history":[{"count":2,"href":"https:\/\/creapb.org.br\/site\/wp-json\/wp\/v2\/posts\/13870\/revisions"}],"predecessor-version":[{"id":13883,"href":"https:\/\/creapb.org.br\/site\/wp-json\/wp\/v2\/posts\/13870\/revisions\/13883"}],"wp:featuredmedia":[{"embeddable":true,"href":"https:\/\/creapb.org.br\/site\/wp-json\/wp\/v2\/media\/13876"}],"wp:attachment":[{"href":"https:\/\/creapb.org.br\/site\/wp-json\/wp\/v2\/media?parent=13870"}],"wp:term":[{"taxonomy":"category","embeddable":true,"href":"https:\/\/creapb.org.br\/site\/wp-json\/wp\/v2\/categories?post=13870"},{"taxonomy":"post_tag","embeddable":true,"href":"https:\/\/creapb.org.br\/site\/wp-json\/wp\/v2\/tags?post=13870"}],"curies":[{"name":"wp","href":"https:\/\/api.w.org\/{rel}","templated":true}]}}