{"id":13993,"date":"2017-03-16T11:36:51","date_gmt":"2017-03-16T14:36:51","guid":{"rendered":"http:\/\/creapb.org.br\/?p=13993"},"modified":"2017-03-16T11:36:51","modified_gmt":"2017-03-16T14:36:51","slug":"presidente-do-crea-pb-visita-sede-da-mutua","status":"publish","type":"post","link":"https:\/\/creapb.org.br\/site\/presidente-do-crea-pb-visita-sede-da-mutua\/","title":{"rendered":"Presidente do Crea-PB visita sede da M\u00fatua"},"content":{"rendered":"<p><img fetchpriority=\"high\" decoding=\"async\" class=\"alignnone size-full wp-image-13994\" src=\"https:\/\/creapb.org.br\/site\/wp-content\/uploads\/2017\/03\/15_03-Direx-com-presidentes-creas.jpg\" alt=\"15_03 Direx com presidentes creas\" width=\"717\" height=\"450\" srcset=\"https:\/\/creapb.org.br\/site\/wp-content\/uploads\/2017\/03\/15_03-Direx-com-presidentes-creas.jpg 717w, https:\/\/creapb.org.br\/site\/wp-content\/uploads\/2017\/03\/15_03-Direx-com-presidentes-creas-300x188.jpg 300w\" sizes=\"(max-width: 717px) 100vw, 717px\" \/><\/p>\n<p>Nesta\u00a0ter\u00e7a-feira (14), a Diretoria Executiva da M\u00fatua recebeu em sua Sede, em Bras\u00edlia, a visita dos presidentes do Crea-AC, eng\u00aa agr\u00f4noma Carminda Luzia Silva Pinheiro, do Crea-AL, eng. civil Fernando Dacal Reis, e do Crea-PB, eng\u00aa agr\u00f4noma Giuc\u00e9lia Ara\u00fajo de Figueiredo.<\/p>\n<p>Foram temas da reuni\u00e3o parcerias de divulga\u00e7\u00e3o e valoriza\u00e7\u00e3o da Anota\u00e7\u00e3o de Responsabilidade T\u00e9cnica (ART), projetos de fiscaliza\u00e7\u00e3o, eventos regionais e a 74\u00aa Semana Oficial da Engenharia e da Agronomia (Soea), que ser\u00e1 realizada de 8 a 11 de agosto deste ano, em Bel\u00e9m (PA). Ap\u00f3s a reuni\u00e3o, os convidados conheceram parte das depend\u00eancias da M\u00fatua.<\/p>\n<p><img decoding=\"async\" class=\"alignnone size-full wp-image-13995\" src=\"https:\/\/creapb.org.br\/site\/wp-content\/uploads\/2017\/03\/15_03_-GTI-OK-pres-creas.jpg\" alt=\"15_03_ GTI OK pres creas\" width=\"619\" height=\"414\" srcset=\"https:\/\/creapb.org.br\/site\/wp-content\/uploads\/2017\/03\/15_03_-GTI-OK-pres-creas.jpg 619w, https:\/\/creapb.org.br\/site\/wp-content\/uploads\/2017\/03\/15_03_-GTI-OK-pres-creas-300x201.jpg 300w\" sizes=\"(max-width: 619px) 100vw, 619px\" \/><\/p>\n<p>A Ger\u00eancia de Tecnologia da Informa\u00e7\u00e3o (GTI) foi uma das \u00e1reas visitadas. Os convidados ficaram bastante impressionados com a forma\u00e7\u00e3o profissional da equipe, que desenvolveu, entre outros programas, o Sistema Nacional de Gerenciamento de ART (SisART), cuja plataforma visa a integra\u00e7\u00e3o das informa\u00e7\u00f5es de ARTs em todo o territ\u00f3rio nacional.<\/p>\n<p>Os presidentes estiveram na M\u00fatua aproveitando sua estada em Bras\u00edlia, onde participaram, no Conselho Federal de Engenharia e Agronomia, da segunda reuni\u00e3o extraordin\u00e1ria do Comit\u00ea Gestor do Prodesu, o Programa de Desenvolvimento Sustent\u00e1vel do Sistema Confea\/Crea e M\u00fatua. O Programa tem como objetivo angariar e gerenciar recursos or\u00e7ament\u00e1rios para atividades voltadas \u00e0 implementa\u00e7\u00e3o de pol\u00edticas de sustentabilidade do Sistema.<\/p>\n<p>&nbsp;<\/p>\n<p><strong>Fonte e fotos<\/strong>: Gecom\/M\u00fatua<\/p>\n","protected":false},"excerpt":{"rendered":"<p>Nesta\u00a0ter\u00e7a-feira (14), a Diretoria Executiva da M\u00fatua recebeu em sua Sede, em Bras\u00edlia, a visita dos presidentes do Crea-AC, eng\u00aa agr\u00f4noma Carminda Luzia Silva Pinheiro, do Crea-AL, eng. civil Fernando Dacal Reis, e do Crea-PB, eng\u00aa agr\u00f4noma Giuc\u00e9lia Ara\u00fajo de Figueiredo. Foram temas da reuni\u00e3o parcerias de divulga\u00e7\u00e3o e valoriza\u00e7\u00e3o da Anota\u00e7\u00e3o de Responsabilidade T\u00e9cnica (ART), projetos de fiscaliza\u00e7\u00e3o, eventos regionais e a 74\u00aa Semana Oficial da Engenharia e da Agronomia (Soea), que ser\u00e1 realizada de 8 a 11 de agosto deste ano, em Bel\u00e9m (PA). Ap\u00f3s a reuni\u00e3o, os convidados conheceram parte das depend\u00eancias da M\u00fatua. A Ger\u00eancia de [&hellip;]<\/p>\n","protected":false},"author":2,"featured_media":13994,"comment_status":"open","ping_status":"open","sticky":false,"template":"","format":"standard","meta":{"_acf_changed":false,"footnotes":""},"categories":[9],"tags":[],"class_list":["post-13993","post","type-post","status-publish","format-standard","has-post-thumbnail","hentry","category-noticias"],"acf":[],"_links":{"self":[{"href":"https:\/\/creapb.org.br\/site\/wp-json\/wp\/v2\/posts\/13993","targetHints":{"allow":["GET"]}}],"collection":[{"href":"https:\/\/creapb.org.br\/site\/wp-json\/wp\/v2\/posts"}],"about":[{"href":"https:\/\/creapb.org.br\/site\/wp-json\/wp\/v2\/types\/post"}],"author":[{"embeddable":true,"href":"https:\/\/creapb.org.br\/site\/wp-json\/wp\/v2\/users\/2"}],"replies":[{"embeddable":true,"href":"https:\/\/creapb.org.br\/site\/wp-json\/wp\/v2\/comments?post=13993"}],"version-history":[{"count":1,"href":"https:\/\/creapb.org.br\/site\/wp-json\/wp\/v2\/posts\/13993\/revisions"}],"predecessor-version":[{"id":13996,"href":"https:\/\/creapb.org.br\/site\/wp-json\/wp\/v2\/posts\/13993\/revisions\/13996"}],"wp:featuredmedia":[{"embeddable":true,"href":"https:\/\/creapb.org.br\/site\/wp-json\/wp\/v2\/media\/13994"}],"wp:attachment":[{"href":"https:\/\/creapb.org.br\/site\/wp-json\/wp\/v2\/media?parent=13993"}],"wp:term":[{"taxonomy":"category","embeddable":true,"href":"https:\/\/creapb.org.br\/site\/wp-json\/wp\/v2\/categories?post=13993"},{"taxonomy":"post_tag","embeddable":true,"href":"https:\/\/creapb.org.br\/site\/wp-json\/wp\/v2\/tags?post=13993"}],"curies":[{"name":"wp","href":"https:\/\/api.w.org\/{rel}","templated":true}]}}