{"id":14002,"date":"2017-03-17T11:28:55","date_gmt":"2017-03-17T14:28:55","guid":{"rendered":"http:\/\/creapb.org.br\/?p=14002"},"modified":"2017-03-17T11:28:55","modified_gmt":"2017-03-17T14:28:55","slug":"crea-e-mpt-assinam-acordo-de-cooperacao","status":"publish","type":"post","link":"https:\/\/creapb.org.br\/site\/crea-e-mpt-assinam-acordo-de-cooperacao\/","title":{"rendered":"Crea e MPT assinam acordo de coopera\u00e7\u00e3o"},"content":{"rendered":"<p><img fetchpriority=\"high\" decoding=\"async\" class=\"wp-image-14004 alignleft\" src=\"https:\/\/creapb.org.br\/site\/wp-content\/uploads\/2017\/03\/17155484_1297681596965480_1076567015740623919_n.jpg\" alt=\"17155484_1297681596965480_1076567015740623919_n\" width=\"500\" height=\"331\" srcset=\"https:\/\/creapb.org.br\/site\/wp-content\/uploads\/2017\/03\/17155484_1297681596965480_1076567015740623919_n.jpg 960w, https:\/\/creapb.org.br\/site\/wp-content\/uploads\/2017\/03\/17155484_1297681596965480_1076567015740623919_n-300x199.jpg 300w, https:\/\/creapb.org.br\/site\/wp-content\/uploads\/2017\/03\/17155484_1297681596965480_1076567015740623919_n-768x509.jpg 768w\" sizes=\"(max-width: 500px) 100vw, 500px\" \/>Nesta quinta-feira (16), representantes do Crea-PB e do Minist\u00e9rio P\u00fablico do Trabalho reuniram-se para a assinatura de um Acordo de Coopera\u00e7\u00e3o T\u00e9cnica firmado entre os dois \u00f3rg\u00e3os.<\/p>\n<p>A presidente do Crea, Giuc\u00e9lia Figueiredo, e o Procurador-chefe da Procuradoria Regional do Trabalho, Paulo Germano Arruda, assinaram o documento com a presen\u00e7a da Ouvidora do Crea, Alm\u00e9ria Carniato, o presidente do IBAPE, Francisco Ventura, e o representante do MPT, Lindberg Leit\u00e3o.<\/p>\n<p>O acordo prev\u00ea a coopera\u00e7\u00e3o para o aperfei\u00e7oamento das a\u00e7\u00f5es fiscalizadoras. Para isso, o Crea disponibilizar\u00e1 para o MPT o acesso online aos dados das Anota\u00e7\u00f5es de Responsabilidade T\u00e9cnica (ARTs) das empresas e dos profissionais atuantes nas obras e servi\u00e7os de Engenharia.<\/p>\n<p>Por outro lado, o MPT vai colaborar com o Regional na orienta\u00e7\u00e3o aos \u00f3rg\u00e3os jurisdicionados envolvidos na realiza\u00e7\u00e3o de obras e alertar as prefeituras e outros \u00f3rg\u00e3os sempre que as circunst\u00e2ncias exigirem a ART, dando ci\u00eancia ao Crea-PB quando for constatada improbidade.<\/p>\n<p>Na ocasi\u00e3o, Giuc\u00e9lia Figueiredo destacou a parceria cultivada pelo Crea com os v\u00e1rios setores do Minist\u00e9rio P\u00fablico da Para\u00edba. &#8220;Buscamos a coopera\u00e7\u00e3o t\u00e9cnica e institucional com o MP para aprimorar nossos procedimentos e nossa atua\u00e7\u00e3o diante da sociedade&#8221;, ressaltou a presidente do Crea.<\/p>\n<p>O Acordo de Coopera\u00e7\u00e3o t\u00e9cnica ter\u00e1 vig\u00eancia de 36 meses, podendo ser prorrogado por Termo Aditivo.<\/p>\n","protected":false},"excerpt":{"rendered":"<p>Nesta quinta-feira (16), representantes do Crea-PB e do Minist\u00e9rio P\u00fablico do Trabalho reuniram-se para a assinatura de um Acordo de Coopera\u00e7\u00e3o T\u00e9cnica firmado entre os dois \u00f3rg\u00e3os. A presidente do Crea, Giuc\u00e9lia Figueiredo, e o Procurador-chefe da Procuradoria Regional do Trabalho, Paulo Germano Arruda, assinaram o documento com a presen\u00e7a da Ouvidora do Crea, Alm\u00e9ria Carniato, o presidente do IBAPE, Francisco Ventura, e o representante do MPT, Lindberg Leit\u00e3o. O acordo prev\u00ea a coopera\u00e7\u00e3o para o aperfei\u00e7oamento das a\u00e7\u00f5es fiscalizadoras. Para isso, o Crea disponibilizar\u00e1 para o MPT o acesso online aos dados das Anota\u00e7\u00f5es de Responsabilidade T\u00e9cnica (ARTs) das [&hellip;]<\/p>\n","protected":false},"author":2,"featured_media":14004,"comment_status":"open","ping_status":"open","sticky":false,"template":"","format":"standard","meta":{"_acf_changed":false,"footnotes":""},"categories":[9],"tags":[],"class_list":["post-14002","post","type-post","status-publish","format-standard","has-post-thumbnail","hentry","category-noticias"],"acf":[],"_links":{"self":[{"href":"https:\/\/creapb.org.br\/site\/wp-json\/wp\/v2\/posts\/14002","targetHints":{"allow":["GET"]}}],"collection":[{"href":"https:\/\/creapb.org.br\/site\/wp-json\/wp\/v2\/posts"}],"about":[{"href":"https:\/\/creapb.org.br\/site\/wp-json\/wp\/v2\/types\/post"}],"author":[{"embeddable":true,"href":"https:\/\/creapb.org.br\/site\/wp-json\/wp\/v2\/users\/2"}],"replies":[{"embeddable":true,"href":"https:\/\/creapb.org.br\/site\/wp-json\/wp\/v2\/comments?post=14002"}],"version-history":[{"count":2,"href":"https:\/\/creapb.org.br\/site\/wp-json\/wp\/v2\/posts\/14002\/revisions"}],"predecessor-version":[{"id":14005,"href":"https:\/\/creapb.org.br\/site\/wp-json\/wp\/v2\/posts\/14002\/revisions\/14005"}],"wp:featuredmedia":[{"embeddable":true,"href":"https:\/\/creapb.org.br\/site\/wp-json\/wp\/v2\/media\/14004"}],"wp:attachment":[{"href":"https:\/\/creapb.org.br\/site\/wp-json\/wp\/v2\/media?parent=14002"}],"wp:term":[{"taxonomy":"category","embeddable":true,"href":"https:\/\/creapb.org.br\/site\/wp-json\/wp\/v2\/categories?post=14002"},{"taxonomy":"post_tag","embeddable":true,"href":"https:\/\/creapb.org.br\/site\/wp-json\/wp\/v2\/tags?post=14002"}],"curies":[{"name":"wp","href":"https:\/\/api.w.org\/{rel}","templated":true}]}}