{"id":14036,"date":"2018-04-03T12:18:18","date_gmt":"2018-04-03T15:18:18","guid":{"rendered":"http:\/\/creapb.org.br\/?p=14036"},"modified":"2019-03-29T11:47:02","modified_gmt":"2019-03-29T14:47:02","slug":"abril-verde-crea-pb-se-une-a-instituicoes-para-realizar-atividades-durante-todo-o-mes","status":"publish","type":"post","link":"https:\/\/creapb.org.br\/site\/abril-verde-crea-pb-se-une-a-instituicoes-para-realizar-atividades-durante-todo-o-mes\/","title":{"rendered":"Abril Verde: Crea-PB se une a institui\u00e7\u00f5es para realizar atividades durante todo o m\u00eas"},"content":{"rendered":"<p>A\u00e7\u00f5es conjuntas de conscientiza\u00e7\u00e3o ser\u00e3o promovidas todos os dias<\/p>\n<p><img fetchpriority=\"high\" decoding=\"async\" class=\"wp-image-15076 alignleft\" src=\"https:\/\/creapb.org.br\/site\/wp-content\/uploads\/2017\/03\/WhatsApp-Image-2018-04-03-at-14.07.25-1024x1024.jpeg\" alt=\"\" width=\"600\" height=\"600\" srcset=\"https:\/\/creapb.org.br\/site\/wp-content\/uploads\/2017\/03\/WhatsApp-Image-2018-04-03-at-14.07.25-1024x1024.jpeg 1024w, https:\/\/creapb.org.br\/site\/wp-content\/uploads\/2017\/03\/WhatsApp-Image-2018-04-03-at-14.07.25-150x150.jpeg 150w, https:\/\/creapb.org.br\/site\/wp-content\/uploads\/2017\/03\/WhatsApp-Image-2018-04-03-at-14.07.25-300x300.jpeg 300w, https:\/\/creapb.org.br\/site\/wp-content\/uploads\/2017\/03\/WhatsApp-Image-2018-04-03-at-14.07.25-768x769.jpeg 768w, https:\/\/creapb.org.br\/site\/wp-content\/uploads\/2017\/03\/WhatsApp-Image-2018-04-03-at-14.07.25-115x115.jpeg 115w, https:\/\/creapb.org.br\/site\/wp-content\/uploads\/2017\/03\/WhatsApp-Image-2018-04-03-at-14.07.25.jpeg 1279w\" sizes=\"(max-width: 600px) 100vw, 600px\" \/><\/p>\n<p>Diariamente, pelo menos sete trabalhadores no Brasil n\u00e3o voltam para casa no final do dia porque perdem a vida em acidentes de trabalho. Na Para\u00edba,\u00a0a cada hora, as doen\u00e7as e acidentes laborais afastam pelo menos tr\u00eas trabalhadores \u00a0das suas atividades profissionais. De olho nesses \u00edndices alarmantes, o Crea-PB e mais dezenas de \u00f3rg\u00e3os e sindicatos se uniram em prol da campanha Abril Verde, de conscientiza\u00e7\u00e3o sobre a sa\u00fade e seguran\u00e7a dotrabalho.<\/p>\n<p>O m\u00eas de abril foi escolhido para a realiza\u00e7\u00e3o da campanha por conter duas importantes datas para o tema: o dia 7 de abril, Dia Mundial da Sa\u00fade, e 28 de abril, Dia Internacional em Mem\u00f3ria \u00e0s V\u00edtimas de Acidentes do Trabalho.\u00a0A conselheira do Crea-PB e presidente da Associa\u00e7\u00e3o de Engenheiros de Seguran\u00e7a do Trabalho da Para\u00edba (Aest-PB) \u00e9 a idealizadora do movimento na Para\u00edba, juntamente com o presidente do Sintest-PB, Nivaldo Barbosa. As duas entidades e v\u00e1rios outros sindicatos, como o Sinduscon\u00a0e Sintricom, al\u00e9m de \u00f3rg\u00e3os parceiros, institui\u00e7\u00f5es p\u00fablicas e privadas, empresas, organiza\u00e7\u00f5es e sociedade civil organizada realizar\u00e3o, ao longo de todo o m\u00eas de abril, atividades por todo o estado, com o objetivo de conscientizar \u00a0as pessoas em rela\u00e7\u00e3o \u00e0 import\u00e2ncia da preven\u00e7\u00e3o contra as doen\u00e7as e acidentes laborais.<\/p>\n<p>Para o presidente do Crea-PB, Antonio Carlos de Arag\u00e3o, o movimento Abril Verde j\u00e1 est\u00e1 consagrado no calend\u00e1rio nacional como um importante instrumento de luta por condi\u00e7\u00f5es mais dignas e seguras de trabalho. &#8220;Fazemos quest\u00e3o de abra\u00e7ar o Abril Verde e levantar essa bandeira junto com as entidades de classe e demais institui\u00e7\u00f5es. Esse \u00e9 um servi\u00e7o que estamos prestando, com orgulho, \u00e0 Para\u00edba&#8221;, comenta.<\/p>\n<p>&nbsp;<\/p>\n<p><em>Grazielle Uch\u00f4a\/Ascom Crea-PB<\/em><\/p>\n","protected":false},"excerpt":{"rendered":"<p>A\u00e7\u00f5es conjuntas de conscientiza\u00e7\u00e3o ser\u00e3o promovidas todos os dias Diariamente, pelo menos sete trabalhadores no Brasil n\u00e3o voltam para casa no final do dia porque perdem a vida em acidentes de trabalho. Na Para\u00edba,\u00a0a cada hora, as doen\u00e7as e acidentes laborais afastam pelo menos tr\u00eas trabalhadores \u00a0das suas atividades profissionais. De olho nesses \u00edndices alarmantes, o Crea-PB e mais dezenas de \u00f3rg\u00e3os e sindicatos se uniram em prol da campanha Abril Verde, de conscientiza\u00e7\u00e3o sobre a sa\u00fade e seguran\u00e7a dotrabalho. O m\u00eas de abril foi escolhido para a realiza\u00e7\u00e3o da campanha por conter duas importantes datas para o tema: o [&hellip;]<\/p>\n","protected":false},"author":2,"featured_media":15076,"comment_status":"open","ping_status":"open","sticky":false,"template":"","format":"standard","meta":{"_acf_changed":false,"footnotes":""},"categories":[9],"tags":[],"class_list":["post-14036","post","type-post","status-publish","format-standard","has-post-thumbnail","hentry","category-noticias"],"acf":[],"_links":{"self":[{"href":"https:\/\/creapb.org.br\/site\/wp-json\/wp\/v2\/posts\/14036","targetHints":{"allow":["GET"]}}],"collection":[{"href":"https:\/\/creapb.org.br\/site\/wp-json\/wp\/v2\/posts"}],"about":[{"href":"https:\/\/creapb.org.br\/site\/wp-json\/wp\/v2\/types\/post"}],"author":[{"embeddable":true,"href":"https:\/\/creapb.org.br\/site\/wp-json\/wp\/v2\/users\/2"}],"replies":[{"embeddable":true,"href":"https:\/\/creapb.org.br\/site\/wp-json\/wp\/v2\/comments?post=14036"}],"version-history":[{"count":7,"href":"https:\/\/creapb.org.br\/site\/wp-json\/wp\/v2\/posts\/14036\/revisions"}],"predecessor-version":[{"id":16014,"href":"https:\/\/creapb.org.br\/site\/wp-json\/wp\/v2\/posts\/14036\/revisions\/16014"}],"wp:featuredmedia":[{"embeddable":true,"href":"https:\/\/creapb.org.br\/site\/wp-json\/wp\/v2\/media\/15076"}],"wp:attachment":[{"href":"https:\/\/creapb.org.br\/site\/wp-json\/wp\/v2\/media?parent=14036"}],"wp:term":[{"taxonomy":"category","embeddable":true,"href":"https:\/\/creapb.org.br\/site\/wp-json\/wp\/v2\/categories?post=14036"},{"taxonomy":"post_tag","embeddable":true,"href":"https:\/\/creapb.org.br\/site\/wp-json\/wp\/v2\/tags?post=14036"}],"curies":[{"name":"wp","href":"https:\/\/api.w.org\/{rel}","templated":true}]}}