{"id":14084,"date":"2017-04-12T14:15:50","date_gmt":"2017-04-12T17:15:50","guid":{"rendered":"http:\/\/creapb.org.br\/?p=14084"},"modified":"2017-04-12T14:15:50","modified_gmt":"2017-04-12T17:15:50","slug":"nao-havera-expediente-na-proxima-quinta-13-e-sexta-feira-14","status":"publish","type":"post","link":"https:\/\/creapb.org.br\/site\/nao-havera-expediente-na-proxima-quinta-13-e-sexta-feira-14\/","title":{"rendered":"N\u00e3o haver\u00e1 expediente na pr\u00f3xima quinta (13) e sexta-feira (14)"},"content":{"rendered":"<p>Em virtude do feriado nacional da Semana Santa, o Crea-PB e suas inspetorias estar\u00e3o fechados na pr\u00f3xima quinta (13) e sexta-feira (14). O Regional retomar\u00e1 suas atividades na segunda-feira (17), com o hor\u00e1rio de atendimento normalizado, das 8h \u00e0s 16h30.<\/p>\n<p><img fetchpriority=\"high\" decoding=\"async\" class=\"alignnone wp-image-14089\" src=\"https:\/\/creapb.org.br\/site\/wp-content\/uploads\/2017\/04\/WhatsApp-Image-2017-04-11-at-17.40.08-1024x1024.jpeg\" alt=\"WhatsApp Image 2017-04-11 at 17.40.08\" width=\"700\" height=\"700\" srcset=\"https:\/\/creapb.org.br\/site\/wp-content\/uploads\/2017\/04\/WhatsApp-Image-2017-04-11-at-17.40.08-1024x1024.jpeg 1024w, https:\/\/creapb.org.br\/site\/wp-content\/uploads\/2017\/04\/WhatsApp-Image-2017-04-11-at-17.40.08-150x150.jpeg 150w, https:\/\/creapb.org.br\/site\/wp-content\/uploads\/2017\/04\/WhatsApp-Image-2017-04-11-at-17.40.08-300x300.jpeg 300w, https:\/\/creapb.org.br\/site\/wp-content\/uploads\/2017\/04\/WhatsApp-Image-2017-04-11-at-17.40.08-768x768.jpeg 768w, https:\/\/creapb.org.br\/site\/wp-content\/uploads\/2017\/04\/WhatsApp-Image-2017-04-11-at-17.40.08-115x115.jpeg 115w, https:\/\/creapb.org.br\/site\/wp-content\/uploads\/2017\/04\/WhatsApp-Image-2017-04-11-at-17.40.08.jpeg 1280w\" sizes=\"(max-width: 700px) 100vw, 700px\" \/><\/p>\n","protected":false},"excerpt":{"rendered":"<p>Em virtude do feriado nacional da Semana Santa, o Crea-PB e suas inspetorias estar\u00e3o fechados na pr\u00f3xima quinta (13) e sexta-feira (14). O Regional retomar\u00e1 suas atividades na segunda-feira (17), com o hor\u00e1rio de atendimento normalizado, das 8h \u00e0s 16h30.<\/p>\n","protected":false},"author":2,"featured_media":14089,"comment_status":"open","ping_status":"open","sticky":false,"template":"","format":"standard","meta":{"_acf_changed":false,"footnotes":""},"categories":[9],"tags":[],"class_list":["post-14084","post","type-post","status-publish","format-standard","has-post-thumbnail","hentry","category-noticias"],"acf":[],"_links":{"self":[{"href":"https:\/\/creapb.org.br\/site\/wp-json\/wp\/v2\/posts\/14084","targetHints":{"allow":["GET"]}}],"collection":[{"href":"https:\/\/creapb.org.br\/site\/wp-json\/wp\/v2\/posts"}],"about":[{"href":"https:\/\/creapb.org.br\/site\/wp-json\/wp\/v2\/types\/post"}],"author":[{"embeddable":true,"href":"https:\/\/creapb.org.br\/site\/wp-json\/wp\/v2\/users\/2"}],"replies":[{"embeddable":true,"href":"https:\/\/creapb.org.br\/site\/wp-json\/wp\/v2\/comments?post=14084"}],"version-history":[{"count":3,"href":"https:\/\/creapb.org.br\/site\/wp-json\/wp\/v2\/posts\/14084\/revisions"}],"predecessor-version":[{"id":14091,"href":"https:\/\/creapb.org.br\/site\/wp-json\/wp\/v2\/posts\/14084\/revisions\/14091"}],"wp:featuredmedia":[{"embeddable":true,"href":"https:\/\/creapb.org.br\/site\/wp-json\/wp\/v2\/media\/14089"}],"wp:attachment":[{"href":"https:\/\/creapb.org.br\/site\/wp-json\/wp\/v2\/media?parent=14084"}],"wp:term":[{"taxonomy":"category","embeddable":true,"href":"https:\/\/creapb.org.br\/site\/wp-json\/wp\/v2\/categories?post=14084"},{"taxonomy":"post_tag","embeddable":true,"href":"https:\/\/creapb.org.br\/site\/wp-json\/wp\/v2\/tags?post=14084"}],"curies":[{"name":"wp","href":"https:\/\/api.w.org\/{rel}","templated":true}]}}