{"id":14092,"date":"2017-04-17T16:54:14","date_gmt":"2017-04-17T19:54:14","guid":{"rendered":"http:\/\/creapb.org.br\/?p=14092"},"modified":"2017-04-17T16:54:14","modified_gmt":"2017-04-17T19:54:14","slug":"pmoc-de-ares-condicionados-e-tema-de-palestra-no-crea-pb","status":"publish","type":"post","link":"https:\/\/creapb.org.br\/site\/pmoc-de-ares-condicionados-e-tema-de-palestra-no-crea-pb\/","title":{"rendered":"PMOC de ares-condicionados \u00e9 tema de palestra no Crea-PB"},"content":{"rendered":"<p>No pr\u00f3ximo dia 26 de abril, o plen\u00e1rio do Crea-PB, em Jo\u00e3o Pessoa, recebe profissionais e estudantes interessados em aprimorar seus conhecimentos sobre\u00a0PMOC \u2013 Plano de Manuten\u00e7\u00e3o, Opera\u00e7\u00e3o e Controle de Sistemas de Ar Condicionado. A palestra, ministrada pelo engenheiro mec\u00e2nico Francisco de Assis Medeiros, acontecer\u00e1 a partir das 15h e \u00e9 gratuita.<\/p>\n<p>O\u00a0tema \u00e9 de extrema relev\u00e2ncia porque envolve a qualidade do ar de interiores em ambientes climatizados, regido pela Portaria N\u00ba 3.523 de 28\/08\/1998. \u00c9\u00a0atrav\u00e9s do atendimento a essa Portaria, da manuten\u00e7\u00e3o e cumprimento do checklist do PMOC, \u00a0que \u00e9 poss\u00edvel controlar a polui\u00e7\u00e3o do ar em ambientes interiores e promover a preven\u00e7\u00e3o de riscos \u00e0 sa\u00fade dos trabalhadores e da popula\u00e7\u00e3o em ambientes p\u00fablicos, como os shoppings centers e \u00e1reas de viv\u00eancia climatizadas.<\/p>\n<p>Confira os assuntos que ser\u00e3o tratados na palestra:<\/p>\n<blockquote><p><em><strong>&#8211; Qualidade do ar e controle de polui\u00e7\u00e3o em ambientes interiores;<\/strong><\/em><\/p>\n<p><em><strong>-Import\u00e2ncia de profissionais legalmente habilitados para implanta\u00e7\u00e3o do programa;<\/strong><\/em><\/p>\n<p><em><strong>&#8211; \u00a0Plano de a\u00e7\u00e3o para fiscaliza\u00e7\u00e3o em 100% das empresas industriais e comerciais por meio de a\u00e7\u00f5es conjunta CREA\/Vigil\u00e2ncia Sanit\u00e1ria\/SRTE\/PB;<\/strong><\/em><\/p>\n<p><em><strong>-Treinamentos para fiscaliza\u00e7\u00e3o e para os engenheiros mec\u00e2nicos;<\/strong><\/em><\/p>\n<p><em><strong>-Riscos de acidentes nas manuten\u00e7\u00f5es de condensadoras dos SPLIT\u2019s em fachadas;<\/strong><\/em><\/p>\n<p><em><strong>-Promo\u00e7\u00e3o da abertura de mercado para os engenheiros mec\u00e2nicos.<\/strong><\/em><\/p><\/blockquote>\n<p><img fetchpriority=\"high\" decoding=\"async\" class=\"alignnone size-large wp-image-14093\" src=\"https:\/\/creapb.org.br\/site\/wp-content\/uploads\/2017\/04\/Palestra-PMOC-Paraiba-page-001-1024x724.jpg\" alt=\"Palestra PMOC - Paraiba-page-001\" width=\"1024\" height=\"724\" srcset=\"https:\/\/creapb.org.br\/site\/wp-content\/uploads\/2017\/04\/Palestra-PMOC-Paraiba-page-001-1024x724.jpg 1024w, https:\/\/creapb.org.br\/site\/wp-content\/uploads\/2017\/04\/Palestra-PMOC-Paraiba-page-001-300x212.jpg 300w, https:\/\/creapb.org.br\/site\/wp-content\/uploads\/2017\/04\/Palestra-PMOC-Paraiba-page-001-768x543.jpg 768w, https:\/\/creapb.org.br\/site\/wp-content\/uploads\/2017\/04\/Palestra-PMOC-Paraiba-page-001.jpg 1754w\" sizes=\"(max-width: 1024px) 100vw, 1024px\" \/><\/p>\n","protected":false},"excerpt":{"rendered":"<p>No pr\u00f3ximo dia 26 de abril, o plen\u00e1rio do Crea-PB, em Jo\u00e3o Pessoa, recebe profissionais e estudantes interessados em aprimorar seus conhecimentos sobre\u00a0PMOC \u2013 Plano de Manuten\u00e7\u00e3o, Opera\u00e7\u00e3o e Controle de Sistemas de Ar Condicionado. A palestra, ministrada pelo engenheiro mec\u00e2nico Francisco de Assis Medeiros, acontecer\u00e1 a partir das 15h e \u00e9 gratuita. O\u00a0tema \u00e9 de extrema relev\u00e2ncia porque envolve a qualidade do ar de interiores em ambientes climatizados, regido pela Portaria N\u00ba 3.523 de 28\/08\/1998. \u00c9\u00a0atrav\u00e9s do atendimento a essa Portaria, da manuten\u00e7\u00e3o e cumprimento do checklist do PMOC, \u00a0que \u00e9 poss\u00edvel controlar a polui\u00e7\u00e3o do ar em ambientes [&hellip;]<\/p>\n","protected":false},"author":2,"featured_media":14094,"comment_status":"open","ping_status":"open","sticky":false,"template":"","format":"standard","meta":{"_acf_changed":false,"footnotes":""},"categories":[9],"tags":[],"class_list":["post-14092","post","type-post","status-publish","format-standard","has-post-thumbnail","hentry","category-noticias"],"acf":[],"_links":{"self":[{"href":"https:\/\/creapb.org.br\/site\/wp-json\/wp\/v2\/posts\/14092","targetHints":{"allow":["GET"]}}],"collection":[{"href":"https:\/\/creapb.org.br\/site\/wp-json\/wp\/v2\/posts"}],"about":[{"href":"https:\/\/creapb.org.br\/site\/wp-json\/wp\/v2\/types\/post"}],"author":[{"embeddable":true,"href":"https:\/\/creapb.org.br\/site\/wp-json\/wp\/v2\/users\/2"}],"replies":[{"embeddable":true,"href":"https:\/\/creapb.org.br\/site\/wp-json\/wp\/v2\/comments?post=14092"}],"version-history":[{"count":2,"href":"https:\/\/creapb.org.br\/site\/wp-json\/wp\/v2\/posts\/14092\/revisions"}],"predecessor-version":[{"id":14096,"href":"https:\/\/creapb.org.br\/site\/wp-json\/wp\/v2\/posts\/14092\/revisions\/14096"}],"wp:featuredmedia":[{"embeddable":true,"href":"https:\/\/creapb.org.br\/site\/wp-json\/wp\/v2\/media\/14094"}],"wp:attachment":[{"href":"https:\/\/creapb.org.br\/site\/wp-json\/wp\/v2\/media?parent=14092"}],"wp:term":[{"taxonomy":"category","embeddable":true,"href":"https:\/\/creapb.org.br\/site\/wp-json\/wp\/v2\/categories?post=14092"},{"taxonomy":"post_tag","embeddable":true,"href":"https:\/\/creapb.org.br\/site\/wp-json\/wp\/v2\/tags?post=14092"}],"curies":[{"name":"wp","href":"https:\/\/api.w.org\/{rel}","templated":true}]}}