{"id":14107,"date":"2017-04-27T14:22:12","date_gmt":"2017-04-27T17:22:12","guid":{"rendered":"http:\/\/creapb.org.br\/?p=14107"},"modified":"2017-04-20T14:24:10","modified_gmt":"2017-04-20T17:24:10","slug":"abertas-as-inscricoes-para-a-74a-soea","status":"publish","type":"post","link":"https:\/\/creapb.org.br\/site\/abertas-as-inscricoes-para-a-74a-soea\/","title":{"rendered":"Abertas as inscri\u00e7\u00f5es para a 74\u00aa SOEA"},"content":{"rendered":"<p>O <a title=\"lan\u00e7amento da Soea\" href=\"http:\/\/www.confea.org.br\/cgi\/cgilua.exe\/sys\/start.htm?infoid=22114&amp;sid=10\" target=\"_blank\">lan\u00e7amento da Soea<\/a>, na noite do \u00faltimo dia 10, em Bel\u00e9m, foi marcado tamb\u00e9m pela apresenta\u00e7\u00e3o do <a title=\"hotsite\" href=\"http:\/\/www.soea.org.br\/\" target=\"_blank\">hotsite<\/a> do evento, onde os participantes poder\u00e3o obter informa\u00e7\u00f5es sobre os preparativos da Soea, al\u00e9m de fazer a inscri\u00e7\u00e3o. Durante o lan\u00e7amento do site, o presidente do Confea, do Crea Par\u00e1 e da M\u00fatua fizeram as primeiras inscri\u00e7\u00f5es para a Semana Oficial.<\/p>\n<p><a title=\"[FA\u00c7A SUA INSCRI\u00c7\u00c3O]\" href=\"http:\/\/inscricaosoea.soea.org.br\/Account\/Login?ReturnUrl=%2F\" target=\"_blank\">[FA\u00c7A SUA INSCRI\u00c7\u00c3O]<\/a><\/p>\n<p>A 74\u00aa Soea ser\u00e1 realizada de 08 a 11 de agosto, no Hangar Centro de Conven\u00e7\u00f5es e Feiras da Amaz\u00f4nia, em Bel\u00e9m (PA), e deve reunir mais de tr\u00eas mil pessoas. Da sua programa\u00e7\u00e3o, consta a realiza\u00e7\u00e3o do 4\u00ba Congresso T\u00e9cnico Cient\u00edfico (Contecc), que re\u00fane estudantes, professores e pesquisadores de todo o pa\u00eds e revela talentos por meio de projetos inovadores. Em paralelo, acontece a ExpoSoea, que trar\u00e1 representantes dos 27 Creas e de entidades nacionais e regionais ligadas ao Sistema Confea\/Crea. A M\u00fatua, Caixa de Assist\u00eancia dos Profissionais do Crea, promove a segunda edi\u00e7\u00e3o do M\u00fatua Premia, que dever\u00e1 congregar o sucesso da primeira edi\u00e7\u00e3o dos pr\u00eamios da M\u00fatua ligados ao empreendedorismo e inova\u00e7\u00e3o realizados em 2016.<\/p>\n<p><b>Fernanda Pimentel<br \/>\nEquipe de Comunica\u00e7\u00e3o do Confea<\/b><\/p>\n","protected":false},"excerpt":{"rendered":"<p>O lan\u00e7amento da Soea, na noite do \u00faltimo dia 10, em Bel\u00e9m, foi marcado tamb\u00e9m pela apresenta\u00e7\u00e3o do hotsite do evento, onde os participantes poder\u00e3o obter informa\u00e7\u00f5es sobre os preparativos da Soea, al\u00e9m de fazer a inscri\u00e7\u00e3o. Durante o lan\u00e7amento do site, o presidente do Confea, do Crea Par\u00e1 e da M\u00fatua fizeram as primeiras inscri\u00e7\u00f5es para a Semana Oficial. [FA\u00c7A SUA INSCRI\u00c7\u00c3O] A 74\u00aa Soea ser\u00e1 realizada de 08 a 11 de agosto, no Hangar Centro de Conven\u00e7\u00f5es e Feiras da Amaz\u00f4nia, em Bel\u00e9m (PA), e deve reunir mais de tr\u00eas mil pessoas. Da sua programa\u00e7\u00e3o, consta a realiza\u00e7\u00e3o [&hellip;]<\/p>\n","protected":false},"author":2,"featured_media":14108,"comment_status":"open","ping_status":"open","sticky":false,"template":"","format":"standard","meta":{"_acf_changed":false,"footnotes":""},"categories":[9],"tags":[],"class_list":["post-14107","post","type-post","status-publish","format-standard","has-post-thumbnail","hentry","category-noticias"],"acf":[],"_links":{"self":[{"href":"https:\/\/creapb.org.br\/site\/wp-json\/wp\/v2\/posts\/14107","targetHints":{"allow":["GET"]}}],"collection":[{"href":"https:\/\/creapb.org.br\/site\/wp-json\/wp\/v2\/posts"}],"about":[{"href":"https:\/\/creapb.org.br\/site\/wp-json\/wp\/v2\/types\/post"}],"author":[{"embeddable":true,"href":"https:\/\/creapb.org.br\/site\/wp-json\/wp\/v2\/users\/2"}],"replies":[{"embeddable":true,"href":"https:\/\/creapb.org.br\/site\/wp-json\/wp\/v2\/comments?post=14107"}],"version-history":[{"count":1,"href":"https:\/\/creapb.org.br\/site\/wp-json\/wp\/v2\/posts\/14107\/revisions"}],"predecessor-version":[{"id":14109,"href":"https:\/\/creapb.org.br\/site\/wp-json\/wp\/v2\/posts\/14107\/revisions\/14109"}],"wp:featuredmedia":[{"embeddable":true,"href":"https:\/\/creapb.org.br\/site\/wp-json\/wp\/v2\/media\/14108"}],"wp:attachment":[{"href":"https:\/\/creapb.org.br\/site\/wp-json\/wp\/v2\/media?parent=14107"}],"wp:term":[{"taxonomy":"category","embeddable":true,"href":"https:\/\/creapb.org.br\/site\/wp-json\/wp\/v2\/categories?post=14107"},{"taxonomy":"post_tag","embeddable":true,"href":"https:\/\/creapb.org.br\/site\/wp-json\/wp\/v2\/tags?post=14107"}],"curies":[{"name":"wp","href":"https:\/\/api.w.org\/{rel}","templated":true}]}}