{"id":14142,"date":"2017-05-22T17:33:42","date_gmt":"2017-05-22T20:33:42","guid":{"rendered":"http:\/\/creapb.org.br\/?p=14142"},"modified":"2017-05-22T17:33:42","modified_gmt":"2017-05-22T20:33:42","slug":"ananma-pb-promove-ii-encontro-de-gestores-ambientais-municipais-da-paraiba","status":"publish","type":"post","link":"https:\/\/creapb.org.br\/site\/ananma-pb-promove-ii-encontro-de-gestores-ambientais-municipais-da-paraiba\/","title":{"rendered":"ANANMA-PB promove II Encontro de Gestores Ambientais Municipais da Para\u00edba"},"content":{"rendered":"<p>No pr\u00f3ximo dia 9 de junho, a Associa\u00e7\u00e3o Nacional dos \u00d3rg\u00e3os Municipais de Meio Ambiente &#8211; Seccional Para\u00edba (ANAMMA-PB), promover\u00e1, na Esta\u00e7\u00e3o das Artes &#8211; Cabo Branco, o\u00a0II Encontro de Gestores Ambientais Municipais da Para\u00edba. O evento busca fortalecer o Sistema Municipal de Meio Ambiente, sendo uma grande oportunidade para troca de conhecimentos t\u00e9cnicos e experi\u00eancias profissionais entre prefeitos e gestores ambientais, que discutir\u00e3o assuntos relacionados ao meio ambiente e a necessidade da coopera\u00e7\u00e3o e interc\u00e2mbio permanente entre eles.<\/p>\n<p>O conselheiro do CREA-PB no Conselho Municipal de Meio Ambiente de Jo\u00e3o Pessoa (COMAM), geogr\u00e1fo Henrique Gutierres participar\u00e1 do Encontro e far\u00e1 parte do<span style=\"font-family: 'comic sans ms';\">\u00a0<\/span>&#8220;GT1: Como estruturar uma Secretaria de Meio Ambiente&#8221;, no per\u00edodo da tarde. Para o conselheiro, a\u00a0participa\u00e7\u00e3o de um representante do conselho profissional num GT com essa tem\u00e1tica \u00e9 fundamental pois, segundo ele, a estrutura\u00e7\u00e3o de um \u00f3rg\u00e3o ambiental municipal passa pelo exerc\u00edcio profissional daqueles que ir\u00e3o trabalhar no \u00f3rg\u00e3o. &#8220;E, como sabemos, o CREA possui uma gama de profissionais diretamente relacionados as atividades inerentes ao vasto campo de atua\u00e7\u00e3o na \u00e1rea ambiental, como ge\u00f3logos, agr\u00f4nomos,ge\u00f3grafos, engenheiros ambientais, florestais e de minas&#8221;, complementa.<\/p>\n<p>O p\u00fablico alvo do evento s\u00e3o os prefeitos e gestores ambientais (Secret\u00e1rios, Coordenadores, Diretores de Meio Ambiente ou o respons\u00e1vel pela pol\u00edtica ambiental do Munic\u00edpio).\u00a0Cada Prefeitura poder\u00e1 inscrever at\u00e9 03 participantes. As inscri\u00e7\u00f5es podem ser feitas atrav\u00e9s do link: https:\/\/goo.gl\/ZzHX9Y \u00a0 ou do site: https:\/\/sites.google.com\/view\/anammapb<\/p>\n<p>Informa\u00e7\u00f5es: Wellint\u00e2nia (83)98811-7280 \/\u00a0anammapb83@gmail.com<\/p>\n<p>&nbsp;<\/p>\n<p>Confira a programa\u00e7\u00e3o:<\/p>\n<p><img fetchpriority=\"high\" decoding=\"async\" class=\"alignnone wp-image-14144 size-large\" src=\"https:\/\/creapb.org.br\/site\/wp-content\/uploads\/2017\/05\/PROGRAMACAO-ENCONTRO-ANAMMA-PB-2017-page-001-724x1024.jpg\" alt=\"PROGRAMACAO - ENCONTRO ANAMMA-PB 2017-page-001\" width=\"724\" height=\"1024\" srcset=\"https:\/\/creapb.org.br\/site\/wp-content\/uploads\/2017\/05\/PROGRAMACAO-ENCONTRO-ANAMMA-PB-2017-page-001-724x1024.jpg 724w, https:\/\/creapb.org.br\/site\/wp-content\/uploads\/2017\/05\/PROGRAMACAO-ENCONTRO-ANAMMA-PB-2017-page-001-212x300.jpg 212w, https:\/\/creapb.org.br\/site\/wp-content\/uploads\/2017\/05\/PROGRAMACAO-ENCONTRO-ANAMMA-PB-2017-page-001-768x1086.jpg 768w, https:\/\/creapb.org.br\/site\/wp-content\/uploads\/2017\/05\/PROGRAMACAO-ENCONTRO-ANAMMA-PB-2017-page-001.jpg 1240w\" sizes=\"(max-width: 724px) 100vw, 724px\" \/><\/p>\n","protected":false},"excerpt":{"rendered":"<p>No pr\u00f3ximo dia 9 de junho, a Associa\u00e7\u00e3o Nacional dos \u00d3rg\u00e3os Municipais de Meio Ambiente &#8211; Seccional Para\u00edba (ANAMMA-PB), promover\u00e1, na Esta\u00e7\u00e3o das Artes &#8211; Cabo Branco, o\u00a0II Encontro de Gestores Ambientais Municipais da Para\u00edba. O evento busca fortalecer o Sistema Municipal de Meio Ambiente, sendo uma grande oportunidade para troca de conhecimentos t\u00e9cnicos e experi\u00eancias profissionais entre prefeitos e gestores ambientais, que discutir\u00e3o assuntos relacionados ao meio ambiente e a necessidade da coopera\u00e7\u00e3o e interc\u00e2mbio permanente entre eles. O conselheiro do CREA-PB no Conselho Municipal de Meio Ambiente de Jo\u00e3o Pessoa (COMAM), geogr\u00e1fo Henrique Gutierres participar\u00e1 do Encontro e [&hellip;]<\/p>\n","protected":false},"author":2,"featured_media":14145,"comment_status":"open","ping_status":"open","sticky":false,"template":"","format":"standard","meta":{"_acf_changed":false,"footnotes":""},"categories":[9],"tags":[],"class_list":["post-14142","post","type-post","status-publish","format-standard","has-post-thumbnail","hentry","category-noticias"],"acf":[],"_links":{"self":[{"href":"https:\/\/creapb.org.br\/site\/wp-json\/wp\/v2\/posts\/14142","targetHints":{"allow":["GET"]}}],"collection":[{"href":"https:\/\/creapb.org.br\/site\/wp-json\/wp\/v2\/posts"}],"about":[{"href":"https:\/\/creapb.org.br\/site\/wp-json\/wp\/v2\/types\/post"}],"author":[{"embeddable":true,"href":"https:\/\/creapb.org.br\/site\/wp-json\/wp\/v2\/users\/2"}],"replies":[{"embeddable":true,"href":"https:\/\/creapb.org.br\/site\/wp-json\/wp\/v2\/comments?post=14142"}],"version-history":[{"count":2,"href":"https:\/\/creapb.org.br\/site\/wp-json\/wp\/v2\/posts\/14142\/revisions"}],"predecessor-version":[{"id":14146,"href":"https:\/\/creapb.org.br\/site\/wp-json\/wp\/v2\/posts\/14142\/revisions\/14146"}],"wp:featuredmedia":[{"embeddable":true,"href":"https:\/\/creapb.org.br\/site\/wp-json\/wp\/v2\/media\/14145"}],"wp:attachment":[{"href":"https:\/\/creapb.org.br\/site\/wp-json\/wp\/v2\/media?parent=14142"}],"wp:term":[{"taxonomy":"category","embeddable":true,"href":"https:\/\/creapb.org.br\/site\/wp-json\/wp\/v2\/categories?post=14142"},{"taxonomy":"post_tag","embeddable":true,"href":"https:\/\/creapb.org.br\/site\/wp-json\/wp\/v2\/tags?post=14142"}],"curies":[{"name":"wp","href":"https:\/\/api.w.org\/{rel}","templated":true}]}}