{"id":14187,"date":"2017-06-06T11:37:24","date_gmt":"2017-06-06T14:37:24","guid":{"rendered":"http:\/\/creapb.org.br\/?p=14187"},"modified":"2017-06-06T11:42:55","modified_gmt":"2017-06-06T14:42:55","slug":"seminario-reune-entidades-para-discutir-meio-ambiente-e-seguranca-alimentar","status":"publish","type":"post","link":"https:\/\/creapb.org.br\/site\/seminario-reune-entidades-para-discutir-meio-ambiente-e-seguranca-alimentar\/","title":{"rendered":"Semin\u00e1rio re\u00fane entidades para discutir Meio Ambiente e Seguran\u00e7a Alimentar"},"content":{"rendered":"<p><img fetchpriority=\"high\" decoding=\"async\" class=\"alignleft size-medium wp-image-14188\" src=\"https:\/\/creapb.org.br\/site\/wp-content\/uploads\/2017\/06\/P1330049-300x225.jpg\" alt=\"P1330049\" width=\"300\" height=\"225\" srcset=\"https:\/\/creapb.org.br\/site\/wp-content\/uploads\/2017\/06\/P1330049-300x225.jpg 300w, https:\/\/creapb.org.br\/site\/wp-content\/uploads\/2017\/06\/P1330049-768x576.jpg 768w, https:\/\/creapb.org.br\/site\/wp-content\/uploads\/2017\/06\/P1330049-1024x768.jpg 1024w\" sizes=\"(max-width: 300px) 100vw, 300px\" \/>Nesta segunda-feira (5), Dia Mundial do Meio Ambiente, foi realizado, no audit\u00f3rio do Minist\u00e9rio P\u00fablico da Para\u00edba, o Semin\u00e1rio sobre &#8220;Meio Ambiente e Seguran\u00e7a Alimentar, promovido pelo Crea-PB e as Associa\u00e7\u00f5es de Engenheiros Ambientais e Agr\u00f4nomos, com apoio da M\u00fatua, do Clube de Engenharia e do Sindicato dos Engenheiros da Para\u00edba.<\/p>\n<p>Participaram do evento promotores do Minist\u00e9rio P\u00fablico, representantes da Pol\u00edcia Militar e Civil, Secretaria de Meio Ambiente, SEDAP, UFPB, al\u00e9m de entidades da \u00e1rea tecnol\u00f3gica. Todos ressaltaram a import\u00e2ncia do debate em torno do tema e congratularam o Crea pelo trabalho cont\u00ednuo em prol das quest\u00f5es ambientais e fitossanit\u00e1rias.\u00a0<img decoding=\"async\" class=\"alignright size-medium wp-image-14190\" src=\"https:\/\/creapb.org.br\/site\/wp-content\/uploads\/2017\/06\/P1320986-300x225.jpg\" alt=\"P1320986\" width=\"300\" height=\"225\" srcset=\"https:\/\/creapb.org.br\/site\/wp-content\/uploads\/2017\/06\/P1320986-300x225.jpg 300w, https:\/\/creapb.org.br\/site\/wp-content\/uploads\/2017\/06\/P1320986-768x576.jpg 768w, https:\/\/creapb.org.br\/site\/wp-content\/uploads\/2017\/06\/P1320986-1024x768.jpg 1024w\" sizes=\"(max-width: 300px) 100vw, 300px\" \/><\/p>\n<p>Durante a abertura, a presidente do Crea, Giuc\u00e9lia Figueiredo, levantou a problem\u00e1tica ambiental a partir do \u00a0\u00a0contexto internacional. &#8220;Vemos pa\u00edses desenvolvidos, como os Estados Unidos, dispostos a colocar em cheque os esfor\u00e7os globais pela preserva\u00e7\u00e3o do nosso planeta. No entanto, n\u00e3o podemos ficar inertes, precisamos agir&#8221;, afirmou. Giuc\u00e9lia lembrou a import\u00e2ncia do controle do uso de agrot\u00f3xicos como instrumento para assegurar a seguran\u00e7a alimentar e destacou as a\u00e7\u00f5es de fiscaliza\u00e7\u00e3o do Crea em conjunto com outros \u00f3rg\u00e3os para inibir o uso e com\u00e9rcio indiscriminado desses produtos. Ela destacou, em especial, a parceria do Minist\u00e9rio P\u00fablico nessas a\u00e7\u00f5es. &#8220;\u00c9 tamb\u00e9m simb\u00f3lico o fato de estarmos realizando este evento na casa do MP, j\u00e1 este tem sido um parceiro fundamental do Crea em todas as quest\u00f5es que envolvem as nossas a\u00e7\u00f5es em defesa da popula\u00e7\u00e3o&#8221;, concluiu.<\/p>\n<p>Na ocasi\u00e3o, a presidente do Crea e o auditor do Minist\u00e9rio do Trabalho e Emprego, Jos\u00e9 Ribamar Gomes, foram homenageados pela Comiss\u00e3o de Meio Ambiente do Regional e pela Associa\u00e7\u00e3o <img decoding=\"async\" class=\"alignleft size-medium wp-image-14191\" src=\"https:\/\/creapb.org.br\/site\/wp-content\/uploads\/2017\/06\/P1330008-300x225.jpg\" alt=\"P1330008\" width=\"300\" height=\"225\" srcset=\"https:\/\/creapb.org.br\/site\/wp-content\/uploads\/2017\/06\/P1330008-300x225.jpg 300w, https:\/\/creapb.org.br\/site\/wp-content\/uploads\/2017\/06\/P1330008-768x576.jpg 768w, https:\/\/creapb.org.br\/site\/wp-content\/uploads\/2017\/06\/P1330008-1024x768.jpg 1024w\" sizes=\"(max-width: 300px) 100vw, 300px\" \/>de Engenheiros Ambientais, com certificado de honra, pelos servi\u00e7os prestados em prol do Meio Ambiente.<\/p>\n<p>A programa\u00e7\u00e3o do Semin\u00e1rio teve in\u00edcio com o lan\u00e7amento da cartilha sobre Receitu\u00e1rio Agron\u00f4mico, editada pelo Crea-PB. A publica\u00e7\u00e3o \u00e9 in\u00e9dita no Brasil e, segundo os autores presentes no evento, os agr\u00f4nomos Raimundo Nonato e Luiz Carlos Barros, tem o objetivo de \u00a0disponibilizar mais uma ferramenta de dissemina\u00e7\u00e3o da import\u00e2ncia do receitu\u00e1rio agron\u00f4mico como um instrumento de assist\u00eancia t\u00e9cnica, orientando o uso racional dos agrot\u00f3xicos e ressaltando a necessidade do seu acompanhamento por profissionais habilitados.<\/p>\n<p>Em seguida, o agr\u00f4nomo Jos\u00e9 Reis, coordenador da C\u00e2mara Especializada de Agronomia do Crea Goi\u00e1s, iniciou a <img loading=\"lazy\" decoding=\"async\" class=\"alignright size-medium wp-image-14194\" src=\"https:\/\/creapb.org.br\/site\/wp-content\/uploads\/2017\/06\/P1330029-300x225.jpg\" alt=\"P1330029\" width=\"300\" height=\"225\" srcset=\"https:\/\/creapb.org.br\/site\/wp-content\/uploads\/2017\/06\/P1330029-300x225.jpg 300w, https:\/\/creapb.org.br\/site\/wp-content\/uploads\/2017\/06\/P1330029-768x576.jpg 768w, https:\/\/creapb.org.br\/site\/wp-content\/uploads\/2017\/06\/P1330029-1024x768.jpg 1024w\" sizes=\"(max-width: 300px) 100vw, 300px\" \/>sequencia de palestras abordando as mudan\u00e7as trazidas na legisla\u00e7\u00e3o dos Agrot\u00f3xicos atrav\u00e9s do Projeto de Lei 3200\/2015. Logo ap\u00f3s, o professor da UFPB, eng. agr\u00f4nomo Alexandre de Ara\u00fajo, fez uma exposi\u00e7\u00e3o sobre a seguran\u00e7a alimentar a partir da Agroecologia, mostrando experi\u00eancias de sucesso em munic\u00edpios do\u00a0interior paraibano. Encerrando o evento, o coordenador da C\u00e2mara de Agronomia do Crea-PB, Jo\u00e3o Alberto de Souza abordou em sua palestra a fiscaliza\u00e7\u00e3o dos agrot\u00f3xicos, comentando os avan\u00e7os alcan\u00e7ados e os desafios para o controle do com\u00e9rcio, inclusive eletr\u00f4nico, desses produtos qu\u00edmicos.<\/p>\n<p><a href=\"https:\/\/www.facebook.com\/pg\/creapb\/photos\/?tab=album&amp;album_id=1353210371466464\">CLIQUE AQUI PARA VER TODAS AS FOTOS DO EVENTO<\/a><\/p>\n","protected":false},"excerpt":{"rendered":"<p>Nesta segunda-feira (5), Dia Mundial do Meio Ambiente, foi realizado, no audit\u00f3rio do Minist\u00e9rio P\u00fablico da Para\u00edba, o Semin\u00e1rio sobre &#8220;Meio Ambiente e Seguran\u00e7a Alimentar, promovido pelo Crea-PB e as Associa\u00e7\u00f5es de Engenheiros Ambientais e Agr\u00f4nomos, com apoio da M\u00fatua, do Clube de Engenharia e do Sindicato dos Engenheiros da Para\u00edba. Participaram do evento promotores do Minist\u00e9rio P\u00fablico, representantes da Pol\u00edcia Militar e Civil, Secretaria de Meio Ambiente, SEDAP, UFPB, al\u00e9m de entidades da \u00e1rea tecnol\u00f3gica. Todos ressaltaram a import\u00e2ncia do debate em torno do tema e congratularam o Crea pelo trabalho cont\u00ednuo em prol das quest\u00f5es ambientais e fitossanit\u00e1rias.\u00a0 [&hellip;]<\/p>\n","protected":false},"author":2,"featured_media":14188,"comment_status":"open","ping_status":"open","sticky":false,"template":"","format":"standard","meta":{"_acf_changed":false,"footnotes":""},"categories":[9],"tags":[],"class_list":["post-14187","post","type-post","status-publish","format-standard","has-post-thumbnail","hentry","category-noticias"],"acf":[],"_links":{"self":[{"href":"https:\/\/creapb.org.br\/site\/wp-json\/wp\/v2\/posts\/14187","targetHints":{"allow":["GET"]}}],"collection":[{"href":"https:\/\/creapb.org.br\/site\/wp-json\/wp\/v2\/posts"}],"about":[{"href":"https:\/\/creapb.org.br\/site\/wp-json\/wp\/v2\/types\/post"}],"author":[{"embeddable":true,"href":"https:\/\/creapb.org.br\/site\/wp-json\/wp\/v2\/users\/2"}],"replies":[{"embeddable":true,"href":"https:\/\/creapb.org.br\/site\/wp-json\/wp\/v2\/comments?post=14187"}],"version-history":[{"count":6,"href":"https:\/\/creapb.org.br\/site\/wp-json\/wp\/v2\/posts\/14187\/revisions"}],"predecessor-version":[{"id":14198,"href":"https:\/\/creapb.org.br\/site\/wp-json\/wp\/v2\/posts\/14187\/revisions\/14198"}],"wp:featuredmedia":[{"embeddable":true,"href":"https:\/\/creapb.org.br\/site\/wp-json\/wp\/v2\/media\/14188"}],"wp:attachment":[{"href":"https:\/\/creapb.org.br\/site\/wp-json\/wp\/v2\/media?parent=14187"}],"wp:term":[{"taxonomy":"category","embeddable":true,"href":"https:\/\/creapb.org.br\/site\/wp-json\/wp\/v2\/categories?post=14187"},{"taxonomy":"post_tag","embeddable":true,"href":"https:\/\/creapb.org.br\/site\/wp-json\/wp\/v2\/tags?post=14187"}],"curies":[{"name":"wp","href":"https:\/\/api.w.org\/{rel}","templated":true}]}}