{"id":14213,"date":"2017-06-12T13:45:59","date_gmt":"2017-06-12T16:45:59","guid":{"rendered":"http:\/\/creapb.org.br\/?p=14213"},"modified":"2017-06-12T13:51:28","modified_gmt":"2017-06-12T16:51:28","slug":"sestsenat-abre-processo-seletivo-para-tecnico-de-formacao-profissional","status":"publish","type":"post","link":"https:\/\/creapb.org.br\/site\/sestsenat-abre-processo-seletivo-para-tecnico-de-formacao-profissional\/","title":{"rendered":"SEST\/SENAT abre processo seletivo para t\u00e9cnico de forma\u00e7\u00e3o profissional"},"content":{"rendered":"<p>O Servi\u00e7o Social de Transporte (SEST\/SENAT) abriu processo seletivo para t\u00e9cnico de forma\u00e7\u00e3o profissional, para atuar em Jo\u00e3o Pessoa. Os interessados devem enviar curr\u00edculo para o email\u00a0 joaopessoa.pb@sestsenat.org.br at\u00e9 o dia 20\/06\/2017. Ser\u00e1 obrigat\u00f3rio informar no campo \u201cassunto\u201d o c\u00f3digo da vaga, que \u00e9\u00a0\u00a0TEC. I\/2017. \u00a0Ser\u00e3o aceitas forma\u00e7\u00f5es em v\u00e1rias modalidades de Engenharia, tendo o profissional registro ativo no Crea.<\/p>\n<p><strong>\u00a0Saiba mais informa\u00e7\u00f5es:\u00a0<\/strong><\/p>\n<p><img decoding=\"async\" class=\"alignleft size-medium wp-image-14215\" src=\"https:\/\/creapb.org.br\/site\/wp-content\/uploads\/2017\/06\/Sest-Senat-300x134.jpg\" alt=\"Sest-Senat\" width=\"300\" height=\"134\" srcset=\"https:\/\/creapb.org.br\/site\/wp-content\/uploads\/2017\/06\/Sest-Senat-300x134.jpg 300w, https:\/\/creapb.org.br\/site\/wp-content\/uploads\/2017\/06\/Sest-Senat.jpg 570w\" sizes=\"(max-width: 300px) 100vw, 300px\" \/><\/p>\n<p><strong>T\u00c9CNICO DE FORMA\u00c7\u00c3O PROFISSIONAL I PARA ATUAR\u00a0<\/strong><strong>EM JO\u00c3O PESSOA\/PB :<\/strong><\/p>\n<p><strong>C\u00f3digo: TEC. I\/2017<\/strong><\/p>\n<p><strong>\u00a0<\/strong><strong>Requisitos Necess\u00e1rios<\/strong><\/p>\n<ul>\n<li>N\u00edvel Superior Completo e Forma\u00e7\u00e3o Completa em T\u00e9cnico de Seguran\u00e7a do Trabalho com Registro ativo no CREA <strong><u>ou<\/u><\/strong>, uma das forma\u00e7\u00f5es de N\u00edvel Superior Completa a seguir: Engenharia de Automa\u00e7\u00e3o Industrial, Engenharia Eletromec\u00e2nica, Engenharia de Manuten\u00e7\u00e3o, Engenharia de M\u00e1quinas Industriais, Engenharia Mec\u00e2nica, Engenharia Mecatr\u00f4nica, Engenharia Civil, Engenharia de Seguran\u00e7a do Trabalho, Tecnologia em Automa\u00e7\u00e3o Industrial, Tecnologia em Eletromec\u00e2nica, Tecnologia em Eletrot\u00e9cnica, Tecnologia em Manuten\u00e7\u00e3o Industrial, Tecnologia em Manuten\u00e7\u00e3o Aeron\u00e1utica, Tecnologia em Mec\u00e2nica, Tecnologia em Mecatr\u00f4nica ou Tecnologia em Seguran\u00e7a do Trabalho, com Registro ativo no CREA.<\/li>\n<\/ul>\n<ul>\n<li>Possuir Certifica\u00e7\u00e3o do Curso de Operador de Empilhadeira.<\/li>\n<\/ul>\n<ul>\n<li>Possuir registro no SIRPWEB do Minist\u00e9rio do Trabalho ou Registro no CREA.<\/li>\n<li>Ser maior de 21 anos de idade.<\/li>\n<li>Ter mais de 1 ano de habilita\u00e7\u00e3o (CNH).<\/li>\n<li>Experi\u00eancia em atividades pedag\u00f3gicas, elabora\u00e7\u00e3o e avalia\u00e7\u00e3o de projetos, atendimento ao cliente e ministrar aulas.<\/li>\n<\/ul>\n<p><strong>Requisitos Desej\u00e1veis<\/strong><\/p>\n<ul>\n<li>Desej\u00e1vel forma\u00e7\u00e3o de Instrutor de Tr\u00e2nsito e\/ou Diretor de Ensino.<\/li>\n<\/ul>\n<p><strong>\u00a0<\/strong><strong>Conhecimentos <\/strong><\/p>\n<ul>\n<li>Planejamento e elabora\u00e7\u00e3o de cursos.<\/li>\n<li>No\u00e7\u00f5es de ensino \u00e0 dist\u00e2ncia e programas de educa\u00e7\u00e3o profissional.<\/li>\n<\/ul>\n<ul>\n<li>Inform\u00e1tica (Pacote Office).<\/li>\n<\/ul>\n<ul>\n<li>L\u00edngua Portuguesa.<\/li>\n<\/ul>\n<p><strong>\u00a0<\/strong>O processo seletivo ter\u00e1 as seguintes etapas: avalia\u00e7\u00e3o curricular, prova de conhecimentos espec\u00edficos e entrevista.<\/p>\n<p>&nbsp;<\/p>\n<p><strong>Interessados\u00a0enviar o curr\u00edculo para o e-mail: <\/strong><strong>joaopessoa.pb@sestsenat.org.br <\/strong><strong>at\u00e9 o dia 20\/06\/2017.<\/strong><\/p>\n<p><strong>Para cadastro no processo seletivo ser\u00e1 obrigat\u00f3rio informar no campo \u201cassunto\u201d o c\u00f3digo da vaga. <\/strong><\/p>\n<p><em>Se pessoa com defici\u00eancia, conforme defini\u00e7\u00e3o do art. 2\u00ba da Lei N\u00ba 13.146, de 16 de julho de 2015, aprovada no Processo, ter\u00e1 prioridade na contrata\u00e7\u00e3o, conforme previsto no artigo 93 da Lei 8.213\/91. No entanto, ser\u00e1 imprescind\u00edvel apresenta\u00e7\u00e3o de laudo m\u00e9dico conclusivo do enquadramento no Decreto n\u00ba 3298\/99 ou Certificado de reabilita\u00e7\u00e3o profissional emitido pelo INSS.<\/em><\/p>\n<p><strong>Esse processo seletivo ter\u00e1 validade de 12 meses a partir da data do an\u00fancio.<\/strong><\/p>\n<p>&nbsp;<\/p>\n<p>&nbsp;<\/p>\n","protected":false},"excerpt":{"rendered":"<p>O Servi\u00e7o Social de Transporte (SEST\/SENAT) abriu processo seletivo para t\u00e9cnico de forma\u00e7\u00e3o profissional, para atuar em Jo\u00e3o Pessoa. Os interessados devem enviar curr\u00edculo para o email\u00a0 joaopessoa.pb@sestsenat.org.br at\u00e9 o dia 20\/06\/2017. Ser\u00e1 obrigat\u00f3rio informar no campo \u201cassunto\u201d o c\u00f3digo da vaga, que \u00e9\u00a0\u00a0TEC. I\/2017. \u00a0Ser\u00e3o aceitas forma\u00e7\u00f5es em v\u00e1rias modalidades de Engenharia, tendo o profissional registro ativo no Crea. \u00a0Saiba mais informa\u00e7\u00f5es:\u00a0 T\u00c9CNICO DE FORMA\u00c7\u00c3O PROFISSIONAL I PARA ATUAR\u00a0EM JO\u00c3O PESSOA\/PB : C\u00f3digo: TEC. I\/2017 \u00a0Requisitos Necess\u00e1rios N\u00edvel Superior Completo e Forma\u00e7\u00e3o Completa em T\u00e9cnico de Seguran\u00e7a do Trabalho com Registro ativo no CREA ou, uma das forma\u00e7\u00f5es de [&hellip;]<\/p>\n","protected":false},"author":2,"featured_media":14214,"comment_status":"open","ping_status":"open","sticky":false,"template":"","format":"standard","meta":{"_acf_changed":false,"footnotes":""},"categories":[9],"tags":[],"class_list":["post-14213","post","type-post","status-publish","format-standard","has-post-thumbnail","hentry","category-noticias"],"acf":[],"_links":{"self":[{"href":"https:\/\/creapb.org.br\/site\/wp-json\/wp\/v2\/posts\/14213","targetHints":{"allow":["GET"]}}],"collection":[{"href":"https:\/\/creapb.org.br\/site\/wp-json\/wp\/v2\/posts"}],"about":[{"href":"https:\/\/creapb.org.br\/site\/wp-json\/wp\/v2\/types\/post"}],"author":[{"embeddable":true,"href":"https:\/\/creapb.org.br\/site\/wp-json\/wp\/v2\/users\/2"}],"replies":[{"embeddable":true,"href":"https:\/\/creapb.org.br\/site\/wp-json\/wp\/v2\/comments?post=14213"}],"version-history":[{"count":3,"href":"https:\/\/creapb.org.br\/site\/wp-json\/wp\/v2\/posts\/14213\/revisions"}],"predecessor-version":[{"id":14218,"href":"https:\/\/creapb.org.br\/site\/wp-json\/wp\/v2\/posts\/14213\/revisions\/14218"}],"wp:featuredmedia":[{"embeddable":true,"href":"https:\/\/creapb.org.br\/site\/wp-json\/wp\/v2\/media\/14214"}],"wp:attachment":[{"href":"https:\/\/creapb.org.br\/site\/wp-json\/wp\/v2\/media?parent=14213"}],"wp:term":[{"taxonomy":"category","embeddable":true,"href":"https:\/\/creapb.org.br\/site\/wp-json\/wp\/v2\/categories?post=14213"},{"taxonomy":"post_tag","embeddable":true,"href":"https:\/\/creapb.org.br\/site\/wp-json\/wp\/v2\/tags?post=14213"}],"curies":[{"name":"wp","href":"https:\/\/api.w.org\/{rel}","templated":true}]}}