{"id":14273,"date":"2017-07-05T16:34:40","date_gmt":"2017-07-05T19:34:40","guid":{"rendered":"http:\/\/creapb.org.br\/?p=14273"},"modified":"2017-07-05T16:44:40","modified_gmt":"2017-07-05T19:44:40","slug":"crea-e-mutua-promovem-evento-de-capacitacao-para-estudantes-de-engenharia","status":"publish","type":"post","link":"https:\/\/creapb.org.br\/site\/crea-e-mutua-promovem-evento-de-capacitacao-para-estudantes-de-engenharia\/","title":{"rendered":"Crea e M\u00fatua promovem evento de capacita\u00e7\u00e3o para estudantes de Engenharia"},"content":{"rendered":"<p>O evento faz parte do Crea Jr, programa que aproxima \u00a0os acad\u00eamicos do Conselho profissional<\/p>\n<p><img fetchpriority=\"high\" decoding=\"async\" class=\"alignleft wp-image-14277\" src=\"https:\/\/creapb.org.br\/site\/wp-content\/uploads\/2017\/07\/WhatsApp-Image-2017-06-30-at-13.33.04-1024x1024.jpeg\" alt=\"\" width=\"350\" height=\"350\" srcset=\"https:\/\/creapb.org.br\/site\/wp-content\/uploads\/2017\/07\/WhatsApp-Image-2017-06-30-at-13.33.04-1024x1024.jpeg 1024w, https:\/\/creapb.org.br\/site\/wp-content\/uploads\/2017\/07\/WhatsApp-Image-2017-06-30-at-13.33.04-150x150.jpeg 150w, https:\/\/creapb.org.br\/site\/wp-content\/uploads\/2017\/07\/WhatsApp-Image-2017-06-30-at-13.33.04-300x300.jpeg 300w, https:\/\/creapb.org.br\/site\/wp-content\/uploads\/2017\/07\/WhatsApp-Image-2017-06-30-at-13.33.04-768x768.jpeg 768w, https:\/\/creapb.org.br\/site\/wp-content\/uploads\/2017\/07\/WhatsApp-Image-2017-06-30-at-13.33.04-115x115.jpeg 115w, https:\/\/creapb.org.br\/site\/wp-content\/uploads\/2017\/07\/WhatsApp-Image-2017-06-30-at-13.33.04.jpeg 1280w\" sizes=\"(max-width: 350px) 100vw, 350px\" \/><\/p>\n<p>Na \u00faltima semana, O Crea-PB e a M\u00fatua realizaram, em Jo\u00e3o Pessoa e Campina Grande, a primeira edi\u00e7\u00e3o do Capacita Crea Jr, que tem o objetivo para integrar os representantes de curso das institui\u00e7\u00f5es de ensino superior da \u00e1rea tecnol\u00f3gica na Para\u00edba. Nesta semana, a \u00faltima etapa do Capacita ocorrer\u00e1 em Pombal, no dia 8 de julho, no campus da Universidade Federal da Para\u00edba na cidade. O evento conta com palestras que contextualizam o estudante de Engenharia no seu Conselho profissional. S\u00e3o abordados temas como o programa Crea Jr no contexto sistema Confea\/Crea, as entidades de classe na vida profissional, e os benef\u00edcios da M\u00daTUA- \u00a0Caixa de Assist\u00eancia dos profissionais.<\/p>\n<p>O evento faz parte da programa\u00e7\u00e3o do Crea Jr, um programa do Conselho que realiza a\u00e7\u00f5es direcionadas aos futuros e jovens profissionais das \u00e1reas abrangidas pelo sistema Confea\/Crea e M\u00fatua. De acordo com o presidente do Crea Jr-PB, o estudante de Engenharia El\u00e9trica Tiago Medeiros, o programa \u00a0tamb\u00e9m promove a forma\u00e7\u00e3o de novas lideran\u00e7as, d\u00e1 conhecimento sobre a import\u00e2ncia da participa\u00e7\u00e3o juntos \u00e0s entidades de classe e colabora com a forma\u00e7\u00e3o dos<\/p>\n<p><img decoding=\"async\" class=\"wp-image-14276 alignright\" src=\"https:\/\/creapb.org.br\/site\/wp-content\/uploads\/2017\/07\/13230058-1024x768.jpg\" alt=\"\" width=\"350\" height=\"263\" srcset=\"https:\/\/creapb.org.br\/site\/wp-content\/uploads\/2017\/07\/13230058-1024x768.jpg 1024w, https:\/\/creapb.org.br\/site\/wp-content\/uploads\/2017\/07\/13230058-300x225.jpg 300w, https:\/\/creapb.org.br\/site\/wp-content\/uploads\/2017\/07\/13230058-768x576.jpg 768w\" sizes=\"(max-width: 350px) 100vw, 350px\" \/><\/p>\n<p>estudantes, sensibilizando-os quanto ao seu papel junto ao meio ambiente e sociedade. \u201cMuitos saem da universidade sem sequer conhecer como funciona o seu pr\u00f3prio Conselho profissional, que \u00e9 a sua casa. Al\u00e9m de auxiliar no que for poss\u00edvel com a forma\u00e7\u00e3o t\u00e9cnica e social dos estudantes, n\u00f3s queremos aproxim\u00e1-los do Crea , porque s\u00e3o esses futuros engenheiros que representar\u00e3o a nossa categoria num futuro breve\u201d, afirma Tiago.<\/p>\n<p>Para a presidente do Crea, Giuc\u00e9lia Figueiredo, o Capacita abre portas para que os acad\u00eamicos que j\u00e1 fazem parte do Crea Jr sintam-se estimulados a disseminarem as a\u00e7\u00f5es do programa entre os colegas dos seus cursos. \u201cAl\u00e9m disso, os espa\u00e7os de di\u00e1logo com as universidades e seus discentes s\u00e3o fundamentais para que possamos construir uma cultura cidad\u00e3 dentro da Engenharia. Os conhecimentos t\u00e9cnicos s\u00e3o essenciais, mas tamb\u00e9m precisamos debater a \u00e9tica e o compromisso social com os futuros profissionais, que<\/p>\n<p><img decoding=\"async\" class=\"wp-image-14274 alignleft\" src=\"https:\/\/creapb.org.br\/site\/wp-content\/uploads\/2017\/07\/11440007-1024x768.jpg\" alt=\"\" width=\"350\" height=\"263\" srcset=\"https:\/\/creapb.org.br\/site\/wp-content\/uploads\/2017\/07\/11440007-1024x768.jpg 1024w, https:\/\/creapb.org.br\/site\/wp-content\/uploads\/2017\/07\/11440007-300x225.jpg 300w, https:\/\/creapb.org.br\/site\/wp-content\/uploads\/2017\/07\/11440007-768x576.jpg 768w\" sizes=\"(max-width: 350px) 100vw, 350px\" \/><\/p>\n<p>ser\u00e3o respons\u00e1veis pelo desenvolvimento do nosso Estado e pa\u00eds\u201d, justifica Giuc\u00e9lia.<\/p>\n<p>Patrocinadora do I Capacita Crea Jr, a M\u00fatua-PB \u00a0foi representada por sua supervisora, Ana L\u00facia Bezerra, respons\u00e1vel por apresentar aos estudantes todos os benef\u00edcios da Caixa de Assist\u00eancia dos profissionais do Crea. Em sua exposi\u00e7\u00e3o, Ana L\u00facia explicou o que \u00e9 a M\u00fatua, o porqu\u00ea de sua exist\u00eancia e como os profissionais registrados no Conselho podem usufruir dos in\u00fameros benef\u00edcios ofertados pela Caixa.<\/p>\n<p>Neste s\u00e1bado, 8 de julho, o campus da Universidade Federal da Para\u00edba em Pombal receber\u00e1 os representantes do Crea, M\u00fatua e Crea Jr para o encerramento do I Capacita. O evento ter\u00e1 in\u00edcio a partir das 9h.<\/p>\n","protected":false},"excerpt":{"rendered":"<p>O evento faz parte do Crea Jr, programa que aproxima \u00a0os acad\u00eamicos do Conselho profissional Na \u00faltima semana, O Crea-PB e a M\u00fatua realizaram, em Jo\u00e3o Pessoa e Campina Grande, a primeira edi\u00e7\u00e3o do Capacita Crea Jr, que tem o objetivo para integrar os representantes de curso das institui\u00e7\u00f5es de ensino superior da \u00e1rea tecnol\u00f3gica na Para\u00edba. Nesta semana, a \u00faltima etapa do Capacita ocorrer\u00e1 em Pombal, no dia 8 de julho, no campus da Universidade Federal da Para\u00edba na cidade. O evento conta com palestras que contextualizam o estudante de Engenharia no seu Conselho profissional. S\u00e3o abordados temas como [&hellip;]<\/p>\n","protected":false},"author":2,"featured_media":14277,"comment_status":"open","ping_status":"open","sticky":false,"template":"","format":"standard","meta":{"_acf_changed":false,"footnotes":""},"categories":[9],"tags":[],"class_list":["post-14273","post","type-post","status-publish","format-standard","has-post-thumbnail","hentry","category-noticias"],"acf":[],"_links":{"self":[{"href":"https:\/\/creapb.org.br\/site\/wp-json\/wp\/v2\/posts\/14273","targetHints":{"allow":["GET"]}}],"collection":[{"href":"https:\/\/creapb.org.br\/site\/wp-json\/wp\/v2\/posts"}],"about":[{"href":"https:\/\/creapb.org.br\/site\/wp-json\/wp\/v2\/types\/post"}],"author":[{"embeddable":true,"href":"https:\/\/creapb.org.br\/site\/wp-json\/wp\/v2\/users\/2"}],"replies":[{"embeddable":true,"href":"https:\/\/creapb.org.br\/site\/wp-json\/wp\/v2\/comments?post=14273"}],"version-history":[{"count":6,"href":"https:\/\/creapb.org.br\/site\/wp-json\/wp\/v2\/posts\/14273\/revisions"}],"predecessor-version":[{"id":14283,"href":"https:\/\/creapb.org.br\/site\/wp-json\/wp\/v2\/posts\/14273\/revisions\/14283"}],"wp:featuredmedia":[{"embeddable":true,"href":"https:\/\/creapb.org.br\/site\/wp-json\/wp\/v2\/media\/14277"}],"wp:attachment":[{"href":"https:\/\/creapb.org.br\/site\/wp-json\/wp\/v2\/media?parent=14273"}],"wp:term":[{"taxonomy":"category","embeddable":true,"href":"https:\/\/creapb.org.br\/site\/wp-json\/wp\/v2\/categories?post=14273"},{"taxonomy":"post_tag","embeddable":true,"href":"https:\/\/creapb.org.br\/site\/wp-json\/wp\/v2\/tags?post=14273"}],"curies":[{"name":"wp","href":"https:\/\/api.w.org\/{rel}","templated":true}]}}