{"id":14330,"date":"2017-07-21T10:46:10","date_gmt":"2017-07-21T13:46:10","guid":{"rendered":"http:\/\/creapb.org.br\/?p=14330"},"modified":"2017-07-21T10:47:25","modified_gmt":"2017-07-21T13:47:25","slug":"crea-promove-simposio-em-cajazeiras-sobre-recursos-sustentaveis-em-processos-da-area-tecnologica","status":"publish","type":"post","link":"https:\/\/creapb.org.br\/site\/crea-promove-simposio-em-cajazeiras-sobre-recursos-sustentaveis-em-processos-da-area-tecnologica\/","title":{"rendered":"Crea promove Simp\u00f3sio em Cajazeiras sobre recursos sustent\u00e1veis em processos da \u00e1rea tecnol\u00f3gica"},"content":{"rendered":"<p>O IFPB Campus Cajazeiras recebeu, nesta quinta (20\/07), o Simp\u00f3sio \u201cEngenharia e Sustentabilidade\u201d, promovido em parceria com o Conselho Regional de Engenharia e Agronomia da Para\u00edba (Crea-PB) e Crea Jr. O evento trouxe para docentes e discentes da \u00e1rea de constru\u00e7\u00e3o civil e profissionais registrados no Crea, uma discuss\u00e3o sobre a utiliza\u00e7\u00e3o de recursos mais sustent\u00e1veis nos processos da \u00e1rea tecnol\u00f3gica.<\/p>\n<p><img fetchpriority=\"high\" decoding=\"async\" class=\"alignright wp-image-14332 size-medium\" src=\"https:\/\/creapb.org.br\/site\/wp-content\/uploads\/2017\/07\/0495aadd-508f-4832-aa2c-ee36bc5521b1-300x199.jpeg\" alt=\"\" width=\"300\" height=\"199\" srcset=\"https:\/\/creapb.org.br\/site\/wp-content\/uploads\/2017\/07\/0495aadd-508f-4832-aa2c-ee36bc5521b1-300x199.jpeg 300w, https:\/\/creapb.org.br\/site\/wp-content\/uploads\/2017\/07\/0495aadd-508f-4832-aa2c-ee36bc5521b1.jpeg 768w\" sizes=\"(max-width: 300px) 100vw, 300px\" \/><\/p>\n<p>O engenheiro eletricista Walmeran Jos\u00e9 Trindade J\u00fanior, professor do IFPB Campus Jo\u00e3o Pessoa e integrante do Comit\u00ea de Energia Renov\u00e1vel do Semi\u00e1rido (CERSA), ministrou a palestra \u201cNossa casa solar: desafios e oportunidades no uso da energia solar fotovoltaica\u201d. Na oportunidade, o palestrante falou sobre a \u201crevolu\u00e7\u00e3o energ\u00e9tica\u201d \u00a0e o custo-benef\u00edcio de implanta\u00e7\u00e3o do sistema fotovoltaico.<\/p>\n<p>\u201cPrecisamos acelerar essa transi\u00e7\u00e3o, essa revolu\u00e7\u00e3o energ\u00e9tica que est\u00e1 em curso, pois o modelo energ\u00e9tico atual, com as fontes f\u00f3sseis de energia, compromete o meio ambiente e o clima do planeta. As fontes renov\u00e1veis, como a energia solar e e\u00f3lica, por exemplo, v\u00eam justamente para sairmos desta depend\u00eancia. No entanto, quando se fala de energia solar, por exemplo, se esbarra numa ideia que j\u00e1 est\u00e1 no subconsciente das pessoas, de que o sistema fotovoltaico \u00e9 caro. Ora, se formos comprar um gerador a diesel, ele tamb\u00e9m ser\u00e1 caro. A diferen\u00e7a \u00e9 que o primeiro, al\u00e9m de ser tratar de uma energia limpa, consegue compensar o investimento ou \u2018se pagar\u2019 de cinco a seis anos, com a economia que teremos na conta de energia\u201d, afirmou Walmeran.<\/p>\n<p>A segunda palestra foi proferida pelo o engenheiro civil Bruno de Medeiros Souza, coordenador do curso de Engenharia Civil do Campus Cajazeiras. Ele fez uma exposi\u00e7\u00e3o sobre\u00a0a inser\u00e7\u00e3o de ferramentas do LEAN CONSTRUCTION como forma de melhorar produtividades e processos na Ind\u00fastria da Constru\u00e7\u00e3o Civil.<\/p>\n<p>&nbsp;<\/p>\n<p><img decoding=\"async\" class=\"size-medium wp-image-14331 alignleft\" src=\"https:\/\/creapb.org.br\/site\/wp-content\/uploads\/2017\/07\/WhatsApp-Image-2017-07-20-at-12.37.12-300x169.jpeg\" alt=\"\" width=\"300\" height=\"169\" srcset=\"https:\/\/creapb.org.br\/site\/wp-content\/uploads\/2017\/07\/WhatsApp-Image-2017-07-20-at-12.37.12-300x169.jpeg 300w, https:\/\/creapb.org.br\/site\/wp-content\/uploads\/2017\/07\/WhatsApp-Image-2017-07-20-at-12.37.12-768x432.jpeg 768w, https:\/\/creapb.org.br\/site\/wp-content\/uploads\/2017\/07\/WhatsApp-Image-2017-07-20-at-12.37.12.jpeg 1024w\" sizes=\"(max-width: 300px) 100vw, 300px\" \/><\/p>\n<p>\u201cLEAN CONSTRUCTION nada mais \u00e9 do que a constru\u00e7\u00e3o simples. \u00c9 saber como otimizar de processos, aumentar a produtividade, reduzir o desperd\u00edcio de tempo e material e cumprir prazos. Esse conhecimento para os estudantes da \u00e1rea de constru\u00e7\u00e3o civil \u00e9 de fundamental import\u00e2ncia pois eles v\u00e3o conviver diariamente com isso no mercado de trabalho, s\u00e3o compet\u00eancias que eles v\u00e3o precisar tanto quanto a t\u00e9cnica construtiva\u201d, disse Bruno.<\/p>\n<p>Giuc\u00e9lia Figueiredo, presidente do Conselho Regional de Engenharia da Para\u00edba, afirmou que o Crea-PB tem buscado investir cada vez mais na rela\u00e7\u00e3o com as institui\u00e7\u00f5es de ensino e capacita\u00e7\u00e3o de estudantes e profissionais para que estes tenham, al\u00e9m da t\u00e9cnica, a consci\u00eancia do seu compromisso com a melhoria da qualidade de vida da sociedade.<\/p>\n<p>\u201cTemos o maior carinho e respeito pelo IFPB, que oferta uma forma\u00e7\u00e3o pautada no conhecimento, \u00e9tica e compromisso social, e o que queremos \u00e9 cada vez mais aproximar o conselho com os futuros profissionais, pois no passado os estudantes se formavam e se quer sabiam o que representava o Crea. N\u00f3s acreditamos que \u00a0o exerc\u00edcio profissional se pauta em tr\u00eas grandes valores: a compet\u00eancia, atrav\u00e9s do conhecimento adquirido e continuado, a \u00e9tica profissional e a responsabilidade social. O estudante e o profissional, seja t\u00e9cnico, tecn\u00f3logo ou engenheiro, n\u00e3o podem ter apenas uma vis\u00e3o tecnicista, tem que ter consci\u00eancia de que o seu exerc\u00edcio profissional \u00e9 uma miss\u00e3o e n\u00e3o uma mercadoria e deve estar a servi\u00e7o da melhoria da qualidade de vida da popula\u00e7\u00e3o\u201d, contou Giuc\u00e9lia.<\/p>\n<p>&nbsp;<\/p>\n<p><i>Fonte: Lidiane Maria \u2013 jornalista do IFP\/Campus Cajazeiras, com informa\u00e7\u00f5es Ascom Crea-PB.<\/i><\/p>\n","protected":false},"excerpt":{"rendered":"<p>O IFPB Campus Cajazeiras recebeu, nesta quinta (20\/07), o Simp\u00f3sio \u201cEngenharia e Sustentabilidade\u201d, promovido em parceria com o Conselho Regional de Engenharia e Agronomia da Para\u00edba (Crea-PB) e Crea Jr. O evento trouxe para docentes e discentes da \u00e1rea de constru\u00e7\u00e3o civil e profissionais registrados no Crea, uma discuss\u00e3o sobre a utiliza\u00e7\u00e3o de recursos mais sustent\u00e1veis nos processos da \u00e1rea tecnol\u00f3gica. O engenheiro eletricista Walmeran Jos\u00e9 Trindade J\u00fanior, professor do IFPB Campus Jo\u00e3o Pessoa e integrante do Comit\u00ea de Energia Renov\u00e1vel do Semi\u00e1rido (CERSA), ministrou a palestra \u201cNossa casa solar: desafios e oportunidades no uso da energia solar fotovoltaica\u201d. Na [&hellip;]<\/p>\n","protected":false},"author":2,"featured_media":14332,"comment_status":"open","ping_status":"open","sticky":false,"template":"","format":"standard","meta":{"_acf_changed":false,"footnotes":""},"categories":[9],"tags":[],"class_list":["post-14330","post","type-post","status-publish","format-standard","has-post-thumbnail","hentry","category-noticias"],"acf":[],"_links":{"self":[{"href":"https:\/\/creapb.org.br\/site\/wp-json\/wp\/v2\/posts\/14330","targetHints":{"allow":["GET"]}}],"collection":[{"href":"https:\/\/creapb.org.br\/site\/wp-json\/wp\/v2\/posts"}],"about":[{"href":"https:\/\/creapb.org.br\/site\/wp-json\/wp\/v2\/types\/post"}],"author":[{"embeddable":true,"href":"https:\/\/creapb.org.br\/site\/wp-json\/wp\/v2\/users\/2"}],"replies":[{"embeddable":true,"href":"https:\/\/creapb.org.br\/site\/wp-json\/wp\/v2\/comments?post=14330"}],"version-history":[{"count":2,"href":"https:\/\/creapb.org.br\/site\/wp-json\/wp\/v2\/posts\/14330\/revisions"}],"predecessor-version":[{"id":14334,"href":"https:\/\/creapb.org.br\/site\/wp-json\/wp\/v2\/posts\/14330\/revisions\/14334"}],"wp:featuredmedia":[{"embeddable":true,"href":"https:\/\/creapb.org.br\/site\/wp-json\/wp\/v2\/media\/14332"}],"wp:attachment":[{"href":"https:\/\/creapb.org.br\/site\/wp-json\/wp\/v2\/media?parent=14330"}],"wp:term":[{"taxonomy":"category","embeddable":true,"href":"https:\/\/creapb.org.br\/site\/wp-json\/wp\/v2\/categories?post=14330"},{"taxonomy":"post_tag","embeddable":true,"href":"https:\/\/creapb.org.br\/site\/wp-json\/wp\/v2\/tags?post=14330"}],"curies":[{"name":"wp","href":"https:\/\/api.w.org\/{rel}","templated":true}]}}