{"id":14382,"date":"2017-08-08T11:21:19","date_gmt":"2017-08-08T14:21:19","guid":{"rendered":"http:\/\/creapb.org.br\/?p=14382"},"modified":"2017-08-16T10:45:15","modified_gmt":"2017-08-16T13:45:15","slug":"abertura-da-74a-soea-celebra-jubileu-de-rubi-da-mutua","status":"publish","type":"post","link":"https:\/\/creapb.org.br\/site\/abertura-da-74a-soea-celebra-jubileu-de-rubi-da-mutua\/","title":{"rendered":"Abertura da 74\u00aa SOEA celebra jubileu de Rubi da M\u00fatua"},"content":{"rendered":"<p>Paraibanos tamb\u00e9m foram homenageados na cerim\u00f4nia, nesta ter\u00e7a-feira (8)<\/p>\n<p><img fetchpriority=\"high\" decoding=\"async\" class=\"wp-image-14384 alignright\" src=\"https:\/\/creapb.org.br\/site\/wp-content\/uploads\/2017\/08\/Paulo-Mutua.jpg\" alt=\"\" width=\"500\" height=\"375\" srcset=\"https:\/\/creapb.org.br\/site\/wp-content\/uploads\/2017\/08\/Paulo-Mutua.jpg 960w, https:\/\/creapb.org.br\/site\/wp-content\/uploads\/2017\/08\/Paulo-Mutua-300x225.jpg 300w, https:\/\/creapb.org.br\/site\/wp-content\/uploads\/2017\/08\/Paulo-Mutua-768x576.jpg 768w\" sizes=\"(max-width: 500px) 100vw, 500px\" \/><\/p>\n<p>&nbsp;<\/p>\n<p>Em sua 74\u00aa edi\u00e7\u00e3o, a Semana Oficial de Engenharia e Agronomia, que ocorre na cidade de Bel\u00e9m (PA) teve in\u00edcio na noite desta ter\u00e7a-feira (8).\u00a0\u00a0Recursos h\u00eddricos, tecnologia, equidade de g\u00eanero e inser\u00e7\u00e3o internacional est\u00e3o entre os temas que ser\u00e3o debatidos at\u00e9 sexta-feira (11) pelos mais de 3,5 mil profissionais da \u00e1rea tecnol\u00f3gica, no Hangar Centro de Conven\u00e7\u00f5es e Feiras da Amaz\u00f4nia, de Bel\u00e9m (PA).<\/p>\n<p>Completando 40 anos de funda\u00e7\u00e3o, a M\u00daTUA &#8211; Caixa de Assist\u00eancia dos Profissionais realiza o evento, juntamente com o Confea e o Crea-PA. Durante a cerim\u00f4nia de abertura, o presidente da Caixa, Paulo Guimar\u00e3es, chamou a aten\u00e7\u00e3o para os benef\u00edcios concedidos e para hist\u00f3rias que refletem a import\u00e2ncia do Jubileu de Rubi da institui\u00e7\u00e3o, como o projeto Bolsas de Estudos e a Universidade Corporativa, que v\u00e3o auxiliar filhos de profissionais e funcion\u00e1rios do Sistema, respectivamente. \u201cS\u00e3o 40 anos materializando a ess\u00eancia da M\u00fatua, que \u00e9 o amparo aos profissionais. N\u00e3o poder\u00edamos ter ocasi\u00e3o melhor para comemorar do que na Soea\u201d, afirmou.<\/p>\n<p><img decoding=\"async\" class=\"wp-image-14386 alignleft\" src=\"https:\/\/creapb.org.br\/site\/wp-content\/uploads\/2017\/08\/P1330060-1024x768.jpg\" alt=\"\" width=\"500\" height=\"375\" srcset=\"https:\/\/creapb.org.br\/site\/wp-content\/uploads\/2017\/08\/P1330060-1024x768.jpg 1024w, https:\/\/creapb.org.br\/site\/wp-content\/uploads\/2017\/08\/P1330060-300x225.jpg 300w, https:\/\/creapb.org.br\/site\/wp-content\/uploads\/2017\/08\/P1330060-768x576.jpg 768w\" sizes=\"(max-width: 500px) 100vw, 500px\" \/><\/p>\n<p><strong><em>Homenagens<\/em><\/strong><\/p>\n<p>Como ocorre anualmente, a solenidade contou ainda com homenagens aos profissionais, em reconhecimento aos seus servi\u00e7os prestados \u00e0 Na\u00e7\u00e3o. A inscri\u00e7\u00e3o no Livro do M\u00e9rito do Confea e a medalha de L\u00e1urea ao M\u00e9rito s\u00e3o as maiorias honrarias da Engenharia brasileira. Neste ano, dois engenheiros paraibanos foram honrados com as comendas, enaltecendo o nome da Para\u00edba a n\u00edvel nacional.\u00a0O engenheiro civil, Normando Perazzo, recebeu a medalha de m\u00e9rito, por relevantes servi\u00e7os prestados \u00e0 na\u00e7\u00e3o; enquanto o tamb\u00e9m engenheiro civil, Edmilson Fonseca, foi homenageado in memorian, tendo sua esposa recebido a placa de inscri\u00e7\u00e3o no livro de M\u00e9rito.<\/p>\n<p>&nbsp;<\/p>\n<p><em>Ascom Crea-PB com informa\u00e7\u00f5es do CONFEA<\/em><\/p>\n","protected":false},"excerpt":{"rendered":"<p>Paraibanos tamb\u00e9m foram homenageados na cerim\u00f4nia, nesta ter\u00e7a-feira (8) &nbsp; Em sua 74\u00aa edi\u00e7\u00e3o, a Semana Oficial de Engenharia e Agronomia, que ocorre na cidade de Bel\u00e9m (PA) teve in\u00edcio na noite desta ter\u00e7a-feira (8).\u00a0\u00a0Recursos h\u00eddricos, tecnologia, equidade de g\u00eanero e inser\u00e7\u00e3o internacional est\u00e3o entre os temas que ser\u00e3o debatidos at\u00e9 sexta-feira (11) pelos mais de 3,5 mil profissionais da \u00e1rea tecnol\u00f3gica, no Hangar Centro de Conven\u00e7\u00f5es e Feiras da Amaz\u00f4nia, de Bel\u00e9m (PA). Completando 40 anos de funda\u00e7\u00e3o, a M\u00daTUA &#8211; Caixa de Assist\u00eancia dos Profissionais realiza o evento, juntamente com o Confea e o Crea-PA. Durante a cerim\u00f4nia [&hellip;]<\/p>\n","protected":false},"author":2,"featured_media":14384,"comment_status":"open","ping_status":"open","sticky":false,"template":"","format":"standard","meta":{"_acf_changed":false,"footnotes":""},"categories":[9],"tags":[],"class_list":["post-14382","post","type-post","status-publish","format-standard","has-post-thumbnail","hentry","category-noticias"],"acf":[],"_links":{"self":[{"href":"https:\/\/creapb.org.br\/site\/wp-json\/wp\/v2\/posts\/14382","targetHints":{"allow":["GET"]}}],"collection":[{"href":"https:\/\/creapb.org.br\/site\/wp-json\/wp\/v2\/posts"}],"about":[{"href":"https:\/\/creapb.org.br\/site\/wp-json\/wp\/v2\/types\/post"}],"author":[{"embeddable":true,"href":"https:\/\/creapb.org.br\/site\/wp-json\/wp\/v2\/users\/2"}],"replies":[{"embeddable":true,"href":"https:\/\/creapb.org.br\/site\/wp-json\/wp\/v2\/comments?post=14382"}],"version-history":[{"count":4,"href":"https:\/\/creapb.org.br\/site\/wp-json\/wp\/v2\/posts\/14382\/revisions"}],"predecessor-version":[{"id":14390,"href":"https:\/\/creapb.org.br\/site\/wp-json\/wp\/v2\/posts\/14382\/revisions\/14390"}],"wp:featuredmedia":[{"embeddable":true,"href":"https:\/\/creapb.org.br\/site\/wp-json\/wp\/v2\/media\/14384"}],"wp:attachment":[{"href":"https:\/\/creapb.org.br\/site\/wp-json\/wp\/v2\/media?parent=14382"}],"wp:term":[{"taxonomy":"category","embeddable":true,"href":"https:\/\/creapb.org.br\/site\/wp-json\/wp\/v2\/categories?post=14382"},{"taxonomy":"post_tag","embeddable":true,"href":"https:\/\/creapb.org.br\/site\/wp-json\/wp\/v2\/tags?post=14382"}],"curies":[{"name":"wp","href":"https:\/\/api.w.org\/{rel}","templated":true}]}}