{"id":14418,"date":"2017-08-11T10:34:58","date_gmt":"2017-08-11T13:34:58","guid":{"rendered":"http:\/\/creapb.org.br\/?p=14418"},"modified":"2017-08-16T10:58:06","modified_gmt":"2017-08-16T13:58:06","slug":"forum-equidade-de-genero-e-raca-compoe-programacao-da-soea-e-mutua-participa-da-atividade","status":"publish","type":"post","link":"https:\/\/creapb.org.br\/site\/forum-equidade-de-genero-e-raca-compoe-programacao-da-soea-e-mutua-participa-da-atividade\/","title":{"rendered":"F\u00f3rum Equidade de G\u00eanero e Ra\u00e7a comp\u00f5e programa\u00e7\u00e3o da SOEA e M\u00fatua participa da atividade"},"content":{"rendered":"<p><img fetchpriority=\"high\" decoding=\"async\" class=\"wp-image-14419 size-medium alignleft\" src=\"https:\/\/creapb.org.br\/site\/wp-content\/uploads\/2017\/08\/Forum-300x181.jpg\" alt=\"\" width=\"300\" height=\"181\" srcset=\"https:\/\/creapb.org.br\/site\/wp-content\/uploads\/2017\/08\/Forum-300x181.jpg 300w, https:\/\/creapb.org.br\/site\/wp-content\/uploads\/2017\/08\/Forum-768x462.jpg 768w, https:\/\/creapb.org.br\/site\/wp-content\/uploads\/2017\/08\/Forum.jpg 957w\" sizes=\"(max-width: 300px) 100vw, 300px\" \/>\u201cPaulo Guimar\u00e3es e a M\u00fatua j\u00e1 sobem ao palco vestindo a camisa do F\u00f3rum\u201d. Recebeu, assim, Ana Constantina Sarmento o presidente da M\u00fatua, Paulo Guimar\u00e3es, nessa quinta-feira (10), durante atividade do F\u00f3rum de Equidade de G\u00eanero e Ra\u00e7a na SOEA, em Bel\u00e9m. A afirma\u00e7\u00e3o fez refer\u00eancia ao fato de a M\u00fatua j\u00e1 estar inscrita para receber o Selo de Equidade de G\u00eanero e Ra\u00e7a do Governo Federal. Ana Constantina, ex-conselheira federal, foi a primeira mulher a ter sido vice-presidente do Confea.<\/p>\n<p>O F\u00f3rum discutiu amplamente a participa\u00e7\u00e3o feminina no Sistema Confea\/Crea e M\u00fatua, com destaque para palestra proferida por Ana Constantina detalhando aspectos importantes da presen\u00e7a e do trabalho da mulher no ordenamento profissional.<\/p>\n<p>Na abertura dos trabalhos, Paulo Guimar\u00e3es mais uma vez colocou a M\u00fatua \u00e0 disposi\u00e7\u00e3o do grupo e refor\u00e7ou o entendimento que se deve ter das quest\u00f5es discutidas no F\u00f3rum. \u201cAcreditamos muito (na M\u00fatua) que o potencial e o dinamismo das pessoas independem de g\u00eanero e ra\u00e7a, pois o mais importante \u00e9 o princ\u00edpio da Igualdade\u201d, defendeu.<\/p>\n<p>Os presidentes do Confea, Jos\u00e9 Tadeu da Silva, e do Crea-PA, Elias Lima, tamb\u00e9m participaram do evento. Tamb\u00e9m foram realizadas homenagens \u00e0s profissionais com registros mais antigos do Par\u00e1 e apresenta\u00e7\u00e3o do case de sucesso sobre a hist\u00f3ria da reitora da Universidade da Regi\u00e3o Campanha\/Bag\u00e9 (RS), Lia Maria Quintana.<\/p>\n<p>&nbsp;<\/p>\n<p><strong>Fonte e fotos: Gecom\/M\u00fatua<\/strong><\/p>\n","protected":false},"excerpt":{"rendered":"<p>\u201cPaulo Guimar\u00e3es e a M\u00fatua j\u00e1 sobem ao palco vestindo a camisa do F\u00f3rum\u201d. Recebeu, assim, Ana Constantina Sarmento o presidente da M\u00fatua, Paulo Guimar\u00e3es, nessa quinta-feira (10), durante atividade do F\u00f3rum de Equidade de G\u00eanero e Ra\u00e7a na SOEA, em Bel\u00e9m. A afirma\u00e7\u00e3o fez refer\u00eancia ao fato de a M\u00fatua j\u00e1 estar inscrita para receber o Selo de Equidade de G\u00eanero e Ra\u00e7a do Governo Federal. Ana Constantina, ex-conselheira federal, foi a primeira mulher a ter sido vice-presidente do Confea. O F\u00f3rum discutiu amplamente a participa\u00e7\u00e3o feminina no Sistema Confea\/Crea e M\u00fatua, com destaque para palestra proferida por Ana [&hellip;]<\/p>\n","protected":false},"author":2,"featured_media":14419,"comment_status":"open","ping_status":"open","sticky":false,"template":"","format":"standard","meta":{"_acf_changed":false,"footnotes":""},"categories":[9],"tags":[],"class_list":["post-14418","post","type-post","status-publish","format-standard","has-post-thumbnail","hentry","category-noticias"],"acf":[],"_links":{"self":[{"href":"https:\/\/creapb.org.br\/site\/wp-json\/wp\/v2\/posts\/14418","targetHints":{"allow":["GET"]}}],"collection":[{"href":"https:\/\/creapb.org.br\/site\/wp-json\/wp\/v2\/posts"}],"about":[{"href":"https:\/\/creapb.org.br\/site\/wp-json\/wp\/v2\/types\/post"}],"author":[{"embeddable":true,"href":"https:\/\/creapb.org.br\/site\/wp-json\/wp\/v2\/users\/2"}],"replies":[{"embeddable":true,"href":"https:\/\/creapb.org.br\/site\/wp-json\/wp\/v2\/comments?post=14418"}],"version-history":[{"count":1,"href":"https:\/\/creapb.org.br\/site\/wp-json\/wp\/v2\/posts\/14418\/revisions"}],"predecessor-version":[{"id":14420,"href":"https:\/\/creapb.org.br\/site\/wp-json\/wp\/v2\/posts\/14418\/revisions\/14420"}],"wp:featuredmedia":[{"embeddable":true,"href":"https:\/\/creapb.org.br\/site\/wp-json\/wp\/v2\/media\/14419"}],"wp:attachment":[{"href":"https:\/\/creapb.org.br\/site\/wp-json\/wp\/v2\/media?parent=14418"}],"wp:term":[{"taxonomy":"category","embeddable":true,"href":"https:\/\/creapb.org.br\/site\/wp-json\/wp\/v2\/categories?post=14418"},{"taxonomy":"post_tag","embeddable":true,"href":"https:\/\/creapb.org.br\/site\/wp-json\/wp\/v2\/tags?post=14418"}],"curies":[{"name":"wp","href":"https:\/\/api.w.org\/{rel}","templated":true}]}}