{"id":14446,"date":"2017-08-23T13:20:58","date_gmt":"2017-08-23T16:20:58","guid":{"rendered":"http:\/\/creapb.org.br\/?p=14446"},"modified":"2017-08-23T13:21:55","modified_gmt":"2017-08-23T16:21:55","slug":"crea-apoia-realizacao-de-seminario-sobre-aquecimento-global-mudancas-climaticas-e-crise-hidrica","status":"publish","type":"post","link":"https:\/\/creapb.org.br\/site\/crea-apoia-realizacao-de-seminario-sobre-aquecimento-global-mudancas-climaticas-e-crise-hidrica\/","title":{"rendered":"Crea apoia realiza\u00e7\u00e3o de SEMIN\u00c1RIO SOBRE \u201cAQUECIMENTO GLOBAL, MUDAN\u00c7AS CLIM\u00c1TICAS E CRISE H\u00cdDRICA\u201d"},"content":{"rendered":"<p><img fetchpriority=\"high\" decoding=\"async\" class=\"alignright size-full wp-image-14447\" src=\"https:\/\/creapb.org.br\/site\/wp-content\/uploads\/2017\/08\/898a5058-3520-4f0a-86ac-662aa71d562f.png\" alt=\"\" width=\"768\" height=\"264\" srcset=\"https:\/\/creapb.org.br\/site\/wp-content\/uploads\/2017\/08\/898a5058-3520-4f0a-86ac-662aa71d562f.png 768w, https:\/\/creapb.org.br\/site\/wp-content\/uploads\/2017\/08\/898a5058-3520-4f0a-86ac-662aa71d562f-300x103.png 300w\" sizes=\"(max-width: 768px) 100vw, 768px\" \/>Acontece no dia 29 de Agosto, a partir das 08h, no antigo audit\u00f3rio da Universidade Federal de Campina Grande do Centro de Sousa, o Semin\u00e1rio &#8220;Aquecimento Global, Mudan\u00e7as Clim\u00e1ticas e Crise H\u00eddricas: O que eu tenho haver com isso?&#8221;. O objetivo \u00e9 identificar os desafios para o futuro com o intuito de enfrent\u00e1-los e assim definir as prioridades de a\u00e7\u00e3o na regi\u00e3o.\u00a0\u00a0A entrada \u00e9 gratuita.<\/p>\n<p>O evento \u00e9 uma realiza\u00e7\u00e3o do Comit\u00ea de Energias Renov\u00e1veis do Semi\u00e1rido (CERSA), da Frente Por Uma Nova Pol\u00edtica Energ\u00e9tica, do F\u00f3rum de Mudan\u00e7as Clim\u00e1ticas e Justi\u00e7a Social e da C\u00e1ritas Brasileira, com apoio da Misereor, da Universidade Federal de Campina Grande, do SEBRAE, do Projeto Semi\u00e1rido Solar, do Conselho Regional de Emgenharia e Agronomia(CREA-PB), do Instituto Federal da Para\u00edba(IFPB), da Prefeitura de Sousa e da Ordem dos Advogados do Brasil (OAB- Subseccional de Sousa).<\/p>\n<p>O semin\u00e1rio ser\u00e1 ministrado por Heitor Scalambrini, professor da Universidade Federal de Pernambuco (UFPE); \u00a0Walmeram Tr\u00edndade, coordenador do CERSA e membro da diretoria da Frente Por Uma Nova Pol\u00edtica Energ\u00e9rtica; Salom\u00e3o Medeiros, diretor do Instituto Nacional do Semi\u00e1rio (INSA) entre outros especialistas e pesquisadores.<\/p>\n<p>Confira a programa\u00e7\u00e3o completa do evento:<\/p>\n<p>&nbsp;<\/p>\n<blockquote>\n<p style=\"text-align: left;\"><strong><u>PROGRAMA\u00c7\u00c3O\u00a0<\/u><\/strong><\/p>\n<\/blockquote>\n<p>&nbsp;<\/p>\n<p>8h00\u00a0Abertura<\/p>\n<p>08h10\u00a0Palestra:\u00a0Mudan\u00e7as Clim\u00e1ticas e seus impactos no semi\u00e1rido<\/p>\n<p>Palestrante:\u00a0Heitor Scalambrini Costa<\/p>\n<p>09h00\u00a0Debate<\/p>\n<p>09h10\u00a0Palestra:\u00a0Gest\u00e3o Municipal Energ\u00e9tica<\/p>\n<p>Palestrante:\u00a0Walmeram Trindade<\/p>\n<p>10h00\u00a0Debate<\/p>\n<p>10h10\u00a0Caf\u00e9 Solar<\/p>\n<p>10h25\u00a0Mesa de di\u00e1logo:\u00a0\u00a0Depoimento de usu\u00e1rios beneficiados com a energia solar<\/p>\n<p>10h55\u00a0Debate<\/p>\n<p>11h10\u00a0Palestra:\u00a0Municipaliza\u00e7\u00e3o da ilumina\u00e7\u00e3o p\u00fablica: uma an\u00e1lise sobre a forma de custeio<\/p>\n<p>Palestrante:\u00a0Priscila Maciel<\/p>\n<p>11h50\u00a0Debate<\/p>\n<p>12h00\u00a0Mesa de di\u00e1logo:\u00a0Constru\u00e7\u00e3o da campanha semi\u00e1rido solar<\/p>\n<p>12h30\u00a0Almo\u00e7o Livre<\/p>\n<p>14h00\u00a0Palestra:\u00a0Gest\u00e3o H\u00eddrica no Semi\u00e1rido<\/p>\n<p>Palestrante:\u00a0Salom\u00e3o Medeiros \u2013 INSA<\/p>\n<p>14h50\u00a0Debate<\/p>\n<p>15h00\u00a0Palestra:\u00a0Produtos SENAI para energia solar<\/p>\n<p>15h25\u00a0Debate<\/p>\n<p>15h35\u00a0Produtos Financeiros BNB para Energia Solar; BNB e SINCRED<\/p>\n<p>15h55\u00a0Debate<\/p>\n<p>16h00\u00a0Encerramento<\/p>\n<p>&nbsp;<\/p>\n<p><em>Fonte: \u00canio Marx &#8211; Assessor de Comunica\u00e7\u00e3o do CERSA<\/em><\/p>\n","protected":false},"excerpt":{"rendered":"<p>Acontece no dia 29 de Agosto, a partir das 08h, no antigo audit\u00f3rio da Universidade Federal de Campina Grande do Centro de Sousa, o Semin\u00e1rio &#8220;Aquecimento Global, Mudan\u00e7as Clim\u00e1ticas e Crise H\u00eddricas: O que eu tenho haver com isso?&#8221;. O objetivo \u00e9 identificar os desafios para o futuro com o intuito de enfrent\u00e1-los e assim definir as prioridades de a\u00e7\u00e3o na regi\u00e3o.\u00a0\u00a0A entrada \u00e9 gratuita. O evento \u00e9 uma realiza\u00e7\u00e3o do Comit\u00ea de Energias Renov\u00e1veis do Semi\u00e1rido (CERSA), da Frente Por Uma Nova Pol\u00edtica Energ\u00e9tica, do F\u00f3rum de Mudan\u00e7as Clim\u00e1ticas e Justi\u00e7a Social e da C\u00e1ritas Brasileira, com apoio da [&hellip;]<\/p>\n","protected":false},"author":2,"featured_media":14450,"comment_status":"open","ping_status":"open","sticky":false,"template":"","format":"standard","meta":{"_acf_changed":false,"footnotes":""},"categories":[9],"tags":[],"class_list":["post-14446","post","type-post","status-publish","format-standard","has-post-thumbnail","hentry","category-noticias"],"acf":[],"_links":{"self":[{"href":"https:\/\/creapb.org.br\/site\/wp-json\/wp\/v2\/posts\/14446","targetHints":{"allow":["GET"]}}],"collection":[{"href":"https:\/\/creapb.org.br\/site\/wp-json\/wp\/v2\/posts"}],"about":[{"href":"https:\/\/creapb.org.br\/site\/wp-json\/wp\/v2\/types\/post"}],"author":[{"embeddable":true,"href":"https:\/\/creapb.org.br\/site\/wp-json\/wp\/v2\/users\/2"}],"replies":[{"embeddable":true,"href":"https:\/\/creapb.org.br\/site\/wp-json\/wp\/v2\/comments?post=14446"}],"version-history":[{"count":2,"href":"https:\/\/creapb.org.br\/site\/wp-json\/wp\/v2\/posts\/14446\/revisions"}],"predecessor-version":[{"id":14449,"href":"https:\/\/creapb.org.br\/site\/wp-json\/wp\/v2\/posts\/14446\/revisions\/14449"}],"wp:featuredmedia":[{"embeddable":true,"href":"https:\/\/creapb.org.br\/site\/wp-json\/wp\/v2\/media\/14450"}],"wp:attachment":[{"href":"https:\/\/creapb.org.br\/site\/wp-json\/wp\/v2\/media?parent=14446"}],"wp:term":[{"taxonomy":"category","embeddable":true,"href":"https:\/\/creapb.org.br\/site\/wp-json\/wp\/v2\/categories?post=14446"},{"taxonomy":"post_tag","embeddable":true,"href":"https:\/\/creapb.org.br\/site\/wp-json\/wp\/v2\/tags?post=14446"}],"curies":[{"name":"wp","href":"https:\/\/api.w.org\/{rel}","templated":true}]}}