{"id":14463,"date":"2017-08-25T17:13:56","date_gmt":"2017-08-25T20:13:56","guid":{"rendered":"http:\/\/creapb.org.br\/?p=14463"},"modified":"2017-08-25T17:17:03","modified_gmt":"2017-08-25T20:17:03","slug":"privatizacao-da-eletrobras-e-um-ato-danoso-diz-presidente-do-crea","status":"publish","type":"post","link":"https:\/\/creapb.org.br\/site\/privatizacao-da-eletrobras-e-um-ato-danoso-diz-presidente-do-crea\/","title":{"rendered":"Privatiza\u00e7\u00e3o da Eletrobr\u00e1s \u00e9 um ato danoso, diz presidente do Crea"},"content":{"rendered":"<blockquote>\n<div>\n<div id=\"x_divtagdefaultwrapper\" dir=\"ltr\">\n<p class=\"x_xmsonormal\"><img fetchpriority=\"high\" decoding=\"async\" class=\"alignright wp-image-14464\" src=\"https:\/\/creapb.org.br\/site\/wp-content\/uploads\/2017\/08\/P1110895-1024x768.jpg\" alt=\"\" width=\"500\" height=\"375\" srcset=\"https:\/\/creapb.org.br\/site\/wp-content\/uploads\/2017\/08\/P1110895-1024x768.jpg 800w, https:\/\/creapb.org.br\/site\/wp-content\/uploads\/2017\/08\/P1110895-1024x768-300x225.jpg 300w, https:\/\/creapb.org.br\/site\/wp-content\/uploads\/2017\/08\/P1110895-1024x768-768x576.jpg 768w\" sizes=\"(max-width: 500px) 100vw, 500px\" \/>Nesta semana, foi anunciada a inten\u00e7\u00e3o do governo de se desfazer do controle da Eletrobr\u00e1s, respons\u00e1vel por 37% do total da capacidade de gera\u00e7\u00e3o de energia el\u00e9trica do pa\u00eds e 57% de linhas de transmiss\u00e3o instaladas em territ\u00f3rio nacional.\u00a0A not\u00edcia surpreendeu o mercado, mas suscitou intensos debates sobre as conseq\u00fc\u00eancias de uma poss\u00edvel privatiza\u00e7\u00e3o da empresa. Para a presidente do Crea-PB, Giuc\u00e9lia Figueiredo, a medida atenderia aos interesses de poucos e levaria a uma s\u00e9rie de resultados desastrosos para a popula\u00e7\u00e3o e a Engenharia brasileira.<\/p>\n<p class=\"x_xmsonormal\">Para defender a venda da Eletrobr\u00e1s, o ministro de Minas e Energia cita como exemplos de sucesso a Vale do Rio Doce e a Embraer. Giuc\u00e9lia lembra,no entanto, que em 1997 a\u00a0, a Vale foi vendida por R$3,3 bilh\u00f5es, quando seu valor estimado era cerca de 28 vezes mais: R$92 bilh\u00f5es. Segundo a presidente do Crea, a privatiza\u00e7\u00e3o da empresa sob argumentos de eleva\u00e7\u00e3o da efici\u00eancia e acomoda\u00e7\u00e3o das contas p\u00fablicas passa longe da realidade. \u201cO que o Brasil pode sofrer a partir da cess\u00e3o da Eletrobr\u00e1s \u00e0 iniciativa privada vai muito al\u00e9m do que o governo alega. Al\u00e9m de n\u00e3o impactar o grau de endividamento do Estado, a privatiza\u00e7\u00e3o vai penalizar o cidad\u00e3o, encarecendo sua conta de energia el\u00e9trica. Podemos, inclusive, reviver os tempos de apag\u00e3o\u201d, argumenta.<\/p>\n<p class=\"x_xmsonormal\">Giuc\u00e9lia Figueiredo afirma ainda que a venda da empresa p\u00f5e em risco a seguran\u00e7a energ\u00e9tica e a soberania nacional. \u201cEstamos falando de uma das empresas s\u00edmbolo do nosso pa\u00eds. Deix\u00e1-la a merc\u00ea de interesses privados \u00e9 um ato danoso, pois perderemos o controle e a autonomia de uma empresa estrat\u00e9gia para a sociedade brasileira\u201d. A presidente do Crea teme ainda as poss\u00edveis conseq\u00fc\u00eancias para a Engenharia Nacional. \u201cDurante privatiza\u00e7\u00f5es anteriores, milhares de engenheiros e demais trabalhadores foram demitidos, isso significa uma perda da mem\u00f3ria tecnol\u00f3gica e o comprometimento parcial ou total de in\u00fameros projetos. Por todos esses motivos, n\u00e3o podemos deixar a Energia do Brasil ser transformada em mercadoria barata. Vamos defender o setor el\u00e9trico, a Engenharia e os cidad\u00e3os do Brasil\u201d, completa.<\/p>\n<\/div>\n<p>&nbsp;<\/p>\n<div id=\"x_divtagdefaultwrapper\" dir=\"ltr\"><\/div>\n<\/div>\n<\/blockquote>\n","protected":false},"excerpt":{"rendered":"<p>Nesta semana, foi anunciada a inten\u00e7\u00e3o do governo de se desfazer do controle da Eletrobr\u00e1s, respons\u00e1vel por 37% do total da capacidade de gera\u00e7\u00e3o de energia el\u00e9trica do pa\u00eds e 57% de linhas de transmiss\u00e3o instaladas em territ\u00f3rio nacional.\u00a0A not\u00edcia surpreendeu o mercado, mas suscitou intensos debates sobre as conseq\u00fc\u00eancias de uma poss\u00edvel privatiza\u00e7\u00e3o da empresa. Para a presidente do Crea-PB, Giuc\u00e9lia Figueiredo, a medida atenderia aos interesses de poucos e levaria a uma s\u00e9rie de resultados desastrosos para a popula\u00e7\u00e3o e a Engenharia brasileira. Para defender a venda da Eletrobr\u00e1s, o ministro de Minas e Energia cita como exemplos [&hellip;]<\/p>\n","protected":false},"author":2,"featured_media":14464,"comment_status":"open","ping_status":"open","sticky":false,"template":"","format":"standard","meta":{"_acf_changed":false,"footnotes":""},"categories":[9],"tags":[],"class_list":["post-14463","post","type-post","status-publish","format-standard","has-post-thumbnail","hentry","category-noticias"],"acf":[],"_links":{"self":[{"href":"https:\/\/creapb.org.br\/site\/wp-json\/wp\/v2\/posts\/14463","targetHints":{"allow":["GET"]}}],"collection":[{"href":"https:\/\/creapb.org.br\/site\/wp-json\/wp\/v2\/posts"}],"about":[{"href":"https:\/\/creapb.org.br\/site\/wp-json\/wp\/v2\/types\/post"}],"author":[{"embeddable":true,"href":"https:\/\/creapb.org.br\/site\/wp-json\/wp\/v2\/users\/2"}],"replies":[{"embeddable":true,"href":"https:\/\/creapb.org.br\/site\/wp-json\/wp\/v2\/comments?post=14463"}],"version-history":[{"count":3,"href":"https:\/\/creapb.org.br\/site\/wp-json\/wp\/v2\/posts\/14463\/revisions"}],"predecessor-version":[{"id":14467,"href":"https:\/\/creapb.org.br\/site\/wp-json\/wp\/v2\/posts\/14463\/revisions\/14467"}],"wp:featuredmedia":[{"embeddable":true,"href":"https:\/\/creapb.org.br\/site\/wp-json\/wp\/v2\/media\/14464"}],"wp:attachment":[{"href":"https:\/\/creapb.org.br\/site\/wp-json\/wp\/v2\/media?parent=14463"}],"wp:term":[{"taxonomy":"category","embeddable":true,"href":"https:\/\/creapb.org.br\/site\/wp-json\/wp\/v2\/categories?post=14463"},{"taxonomy":"post_tag","embeddable":true,"href":"https:\/\/creapb.org.br\/site\/wp-json\/wp\/v2\/tags?post=14463"}],"curies":[{"name":"wp","href":"https:\/\/api.w.org\/{rel}","templated":true}]}}