{"id":14499,"date":"2017-09-04T16:35:46","date_gmt":"2017-09-04T19:35:46","guid":{"rendered":"http:\/\/creapb.org.br\/?p=14499"},"modified":"2017-09-04T16:35:46","modified_gmt":"2017-09-04T19:35:46","slug":"nao-havera-expediente-nesta-quinta-7-e-sexta-feira-8","status":"publish","type":"post","link":"https:\/\/creapb.org.br\/site\/nao-havera-expediente-nesta-quinta-7-e-sexta-feira-8\/","title":{"rendered":"N\u00e3o haver\u00e1 expediente nesta quinta (7) e sexta-feira (8)"},"content":{"rendered":"<p><img fetchpriority=\"high\" decoding=\"async\" class=\"wp-image-13736 size-medium alignleft\" src=\"https:\/\/creapb.org.br\/site\/wp-content\/uploads\/2017\/01\/crea-300x225.jpg\" alt=\"\" width=\"300\" height=\"225\" srcset=\"https:\/\/creapb.org.br\/site\/wp-content\/uploads\/2017\/01\/crea-300x225.jpg 300w, https:\/\/creapb.org.br\/site\/wp-content\/uploads\/2017\/01\/crea-768x576.jpg 768w, https:\/\/creapb.org.br\/site\/wp-content\/uploads\/2017\/01\/crea.jpg 960w\" sizes=\"(max-width: 300px) 100vw, 300px\" \/><\/p>\n<p>Nesta quinta (7) e sexta-feira (8), a sede e as inspetorias do Crea-PB n\u00e3o ter\u00e3o expediente. O Conselho retoma suas atividades normalmente na segunda-feira (11), com atendimento das 8h \u00e0s 16h30.<\/p>\n<p>Desde o dia 28 de agosto,o atendimento ao p\u00fablico do Regional vem sendo estendido at\u00e9 as 17h30, excepcionalmente. Quem tiver pend\u00eancias a serem resolvidas no Conselho pode aproveitar o hor\u00e1rio prolongado at\u00e9 esta quarta-feira (6).<\/p>\n<p>Para maiores informa\u00e7\u00f5es, \u00e9 poss\u00edvel entrar em contato atrav\u00e9s do n\u00famero (83) 3533-2525.<\/p>\n","protected":false},"excerpt":{"rendered":"<p>Nesta quinta (7) e sexta-feira (8), a sede e as inspetorias do Crea-PB n\u00e3o ter\u00e3o expediente. O Conselho retoma suas atividades normalmente na segunda-feira (11), com atendimento das 8h \u00e0s 16h30. Desde o dia 28 de agosto,o atendimento ao p\u00fablico do Regional vem sendo estendido at\u00e9 as 17h30, excepcionalmente. Quem tiver pend\u00eancias a serem resolvidas no Conselho pode aproveitar o hor\u00e1rio prolongado at\u00e9 esta quarta-feira (6). Para maiores informa\u00e7\u00f5es, \u00e9 poss\u00edvel entrar em contato atrav\u00e9s do n\u00famero (83) 3533-2525.<\/p>\n","protected":false},"author":2,"featured_media":14461,"comment_status":"open","ping_status":"open","sticky":false,"template":"","format":"standard","meta":{"_acf_changed":false,"footnotes":""},"categories":[9],"tags":[],"class_list":["post-14499","post","type-post","status-publish","format-standard","has-post-thumbnail","hentry","category-noticias"],"acf":[],"_links":{"self":[{"href":"https:\/\/creapb.org.br\/site\/wp-json\/wp\/v2\/posts\/14499","targetHints":{"allow":["GET"]}}],"collection":[{"href":"https:\/\/creapb.org.br\/site\/wp-json\/wp\/v2\/posts"}],"about":[{"href":"https:\/\/creapb.org.br\/site\/wp-json\/wp\/v2\/types\/post"}],"author":[{"embeddable":true,"href":"https:\/\/creapb.org.br\/site\/wp-json\/wp\/v2\/users\/2"}],"replies":[{"embeddable":true,"href":"https:\/\/creapb.org.br\/site\/wp-json\/wp\/v2\/comments?post=14499"}],"version-history":[{"count":1,"href":"https:\/\/creapb.org.br\/site\/wp-json\/wp\/v2\/posts\/14499\/revisions"}],"predecessor-version":[{"id":14500,"href":"https:\/\/creapb.org.br\/site\/wp-json\/wp\/v2\/posts\/14499\/revisions\/14500"}],"wp:featuredmedia":[{"embeddable":true,"href":"https:\/\/creapb.org.br\/site\/wp-json\/wp\/v2\/media\/14461"}],"wp:attachment":[{"href":"https:\/\/creapb.org.br\/site\/wp-json\/wp\/v2\/media?parent=14499"}],"wp:term":[{"taxonomy":"category","embeddable":true,"href":"https:\/\/creapb.org.br\/site\/wp-json\/wp\/v2\/categories?post=14499"},{"taxonomy":"post_tag","embeddable":true,"href":"https:\/\/creapb.org.br\/site\/wp-json\/wp\/v2\/tags?post=14499"}],"curies":[{"name":"wp","href":"https:\/\/api.w.org\/{rel}","templated":true}]}}