{"id":14556,"date":"2017-09-19T21:37:07","date_gmt":"2017-09-20T00:37:07","guid":{"rendered":"http:\/\/creapb.org.br\/?p=14556"},"modified":"2017-09-20T19:22:22","modified_gmt":"2017-09-20T22:22:22","slug":"crea-promove-seminario-de-gestao-ambiental-municipal-em-sousa","status":"publish","type":"post","link":"https:\/\/creapb.org.br\/site\/crea-promove-seminario-de-gestao-ambiental-municipal-em-sousa\/","title":{"rendered":"Crea promove Semin\u00e1rio de Gest\u00e3o Ambiental Municipal em Sousa"},"content":{"rendered":"<p><img fetchpriority=\"high\" decoding=\"async\" class=\"alignleft wp-image-14557\" src=\"https:\/\/creapb.org.br\/site\/wp-content\/uploads\/2017\/09\/WhatsApp-Image-2017-09-19-at-20.24.21-724x1024.jpeg\" alt=\"\" width=\"500\" height=\"707\" srcset=\"https:\/\/creapb.org.br\/site\/wp-content\/uploads\/2017\/09\/WhatsApp-Image-2017-09-19-at-20.24.21-724x1024.jpeg 724w, https:\/\/creapb.org.br\/site\/wp-content\/uploads\/2017\/09\/WhatsApp-Image-2017-09-19-at-20.24.21-212x300.jpeg 212w, https:\/\/creapb.org.br\/site\/wp-content\/uploads\/2017\/09\/WhatsApp-Image-2017-09-19-at-20.24.21-768x1086.jpeg 768w, https:\/\/creapb.org.br\/site\/wp-content\/uploads\/2017\/09\/WhatsApp-Image-2017-09-19-at-20.24.21.jpeg 905w\" sizes=\"(max-width: 500px) 100vw, 500px\" \/>\u00a0No pr\u00f3ximo dia 29, o Crea-PB, em parceria com o Sebrae, promove, na cidade de Sousa, o Semin\u00e1rio sobre Gest\u00e3o Ambiental Municipal&#8221;. O evento acontecer\u00e1 no audit\u00f3rio do IFPB, que \u00e9 um dos apoiadores, juntamente com a Prefeitura Municipal de Sousa.<\/p>\n<p>O Semin\u00e1rio contar\u00e1 com a palestra do engenheiro agr\u00f4nomo Anderson Leite Fontes J\u00fanior, especialista em Meio Ambiente e Arboriza\u00e7\u00e3o Urbana e diretor da Sociedade Brasileira de Arboriza\u00e7\u00e3o Urbana (SBAU)\/Regi\u00e3o Nordeste. Em seguida, ser\u00e1 composta uma mesa redonda com as autoridades presentes para debater arboriza\u00e7\u00e3o urbana como par\u00e2metro de desenvolvimento sustent\u00e1vel dos munic\u00edpios.<\/p>\n<p>As inscri\u00e7\u00f5es para o evento s\u00e3o gratuitas e podem ser feitas atrav\u00e9s dos telefones do Crea em Sousa (3522-1774) ou do Sebrae (3522-1800)<\/p>\n<p>&nbsp;<\/p>\n<p><em>Ascom Crea-PB<\/em><\/p>\n","protected":false},"excerpt":{"rendered":"<p>\u00a0No pr\u00f3ximo dia 29, o Crea-PB, em parceria com o Sebrae, promove, na cidade de Sousa, o Semin\u00e1rio sobre Gest\u00e3o Ambiental Municipal&#8221;. O evento acontecer\u00e1 no audit\u00f3rio do IFPB, que \u00e9 um dos apoiadores, juntamente com a Prefeitura Municipal de Sousa. O Semin\u00e1rio contar\u00e1 com a palestra do engenheiro agr\u00f4nomo Anderson Leite Fontes J\u00fanior, especialista em Meio Ambiente e Arboriza\u00e7\u00e3o Urbana e diretor da Sociedade Brasileira de Arboriza\u00e7\u00e3o Urbana (SBAU)\/Regi\u00e3o Nordeste. Em seguida, ser\u00e1 composta uma mesa redonda com as autoridades presentes para debater arboriza\u00e7\u00e3o urbana como par\u00e2metro de desenvolvimento sustent\u00e1vel dos munic\u00edpios. As inscri\u00e7\u00f5es para o evento s\u00e3o gratuitas [&hellip;]<\/p>\n","protected":false},"author":2,"featured_media":14557,"comment_status":"open","ping_status":"open","sticky":false,"template":"","format":"standard","meta":{"_acf_changed":false,"footnotes":""},"categories":[9],"tags":[],"class_list":["post-14556","post","type-post","status-publish","format-standard","has-post-thumbnail","hentry","category-noticias"],"acf":[],"_links":{"self":[{"href":"https:\/\/creapb.org.br\/site\/wp-json\/wp\/v2\/posts\/14556","targetHints":{"allow":["GET"]}}],"collection":[{"href":"https:\/\/creapb.org.br\/site\/wp-json\/wp\/v2\/posts"}],"about":[{"href":"https:\/\/creapb.org.br\/site\/wp-json\/wp\/v2\/types\/post"}],"author":[{"embeddable":true,"href":"https:\/\/creapb.org.br\/site\/wp-json\/wp\/v2\/users\/2"}],"replies":[{"embeddable":true,"href":"https:\/\/creapb.org.br\/site\/wp-json\/wp\/v2\/comments?post=14556"}],"version-history":[{"count":1,"href":"https:\/\/creapb.org.br\/site\/wp-json\/wp\/v2\/posts\/14556\/revisions"}],"predecessor-version":[{"id":14558,"href":"https:\/\/creapb.org.br\/site\/wp-json\/wp\/v2\/posts\/14556\/revisions\/14558"}],"wp:featuredmedia":[{"embeddable":true,"href":"https:\/\/creapb.org.br\/site\/wp-json\/wp\/v2\/media\/14557"}],"wp:attachment":[{"href":"https:\/\/creapb.org.br\/site\/wp-json\/wp\/v2\/media?parent=14556"}],"wp:term":[{"taxonomy":"category","embeddable":true,"href":"https:\/\/creapb.org.br\/site\/wp-json\/wp\/v2\/categories?post=14556"},{"taxonomy":"post_tag","embeddable":true,"href":"https:\/\/creapb.org.br\/site\/wp-json\/wp\/v2\/tags?post=14556"}],"curies":[{"name":"wp","href":"https:\/\/api.w.org\/{rel}","templated":true}]}}