{"id":14625,"date":"2017-10-09T17:49:26","date_gmt":"2017-10-09T20:49:26","guid":{"rendered":"http:\/\/creapb.org.br\/?p=14625"},"modified":"2017-10-11T12:45:03","modified_gmt":"2017-10-11T15:45:03","slug":"14625","status":"publish","type":"post","link":"https:\/\/creapb.org.br\/site\/14625\/","title":{"rendered":"Comiss\u00e3o Eleitoral sorteia n\u00fameros dos candidatos paraibanos nas Elei\u00e7\u00f5es do sistema Confea\/Crea e M\u00fatua"},"content":{"rendered":"<p><img fetchpriority=\"high\" decoding=\"async\" class=\"alignright wp-image-14626\" src=\"https:\/\/creapb.org.br\/site\/wp-content\/uploads\/2017\/10\/WhatsApp-Image-2017-10-09-at-15.34.51-1024x1024.jpeg\" alt=\"\" width=\"500\" height=\"500\" srcset=\"https:\/\/creapb.org.br\/site\/wp-content\/uploads\/2017\/10\/WhatsApp-Image-2017-10-09-at-15.34.51-1024x1024.jpeg 1024w, https:\/\/creapb.org.br\/site\/wp-content\/uploads\/2017\/10\/WhatsApp-Image-2017-10-09-at-15.34.51-150x150.jpeg 150w, https:\/\/creapb.org.br\/site\/wp-content\/uploads\/2017\/10\/WhatsApp-Image-2017-10-09-at-15.34.51-300x300.jpeg 300w, https:\/\/creapb.org.br\/site\/wp-content\/uploads\/2017\/10\/WhatsApp-Image-2017-10-09-at-15.34.51-768x768.jpeg 768w, https:\/\/creapb.org.br\/site\/wp-content\/uploads\/2017\/10\/WhatsApp-Image-2017-10-09-at-15.34.51-115x115.jpeg 115w, https:\/\/creapb.org.br\/site\/wp-content\/uploads\/2017\/10\/WhatsApp-Image-2017-10-09-at-15.34.51.jpeg 1280w\" sizes=\"(max-width: 500px) 100vw, 500px\" \/><\/p>\n<p>&nbsp;<\/p>\n<p>Na manh\u00e3 desta segunda-feira (9), respeitando o calend\u00e1rio eleitoral, a Comiss\u00e3o Eleitoral Regional do Crea-PB promoveu o sorteio dos n\u00fameros dos candidatos homologados pelo Confea para a disputa dos cargos inerentes ao sistema Confea\/Crea e M\u00fatua. Confira os n\u00fameros sorteados:<\/p>\n<p><strong>Para presidente do Crea-PB\u00a0<\/strong><br \/>\nCandidato: Ant\u00f4nio Carlos de Arag\u00e3o \u2013 111<\/p>\n<p><strong>Para diretor geral da M\u00fatua-PB<\/strong><br \/>\nCandidato: Jo\u00e3o de Deus Barros &#8211; 122\u00a0<span class=\"text_exposed_show\"><br \/>\nCandidato: Ant\u00f4nio Alberto Diniz de Medeiros \u2013 123\u00a0<\/span><\/p>\n<p><span class=\"text_exposed_show\"><br \/>\n<strong>Para diretor administrativo da M\u00fatua-PB<\/strong><br \/>\nCandidata: C\u00e2ndida R\u00e9gis Bezerra de Andrade \u2013 133<\/span><\/p>\n<p>&nbsp;<\/p>\n<p>Clique <a href=\"https:\/\/creapb.org.br\/site\/noticias\/processo-eleitoral-2017\/\">AQUI<\/a> para conferir todos os editais e delibera\u00e7\u00f5es referentes \u00e0s ELEI\u00c7\u00d5ES 2017<\/p>\n","protected":false},"excerpt":{"rendered":"<p>&nbsp; Na manh\u00e3 desta segunda-feira (9), respeitando o calend\u00e1rio eleitoral, a Comiss\u00e3o Eleitoral Regional do Crea-PB promoveu o sorteio dos n\u00fameros dos candidatos homologados pelo Confea para a disputa dos cargos inerentes ao sistema Confea\/Crea e M\u00fatua. Confira os n\u00fameros sorteados: Para presidente do Crea-PB\u00a0 Candidato: Ant\u00f4nio Carlos de Arag\u00e3o \u2013 111 Para diretor geral da M\u00fatua-PB Candidato: Jo\u00e3o de Deus Barros &#8211; 122\u00a0 Candidato: Ant\u00f4nio Alberto Diniz de Medeiros \u2013 123\u00a0 Para diretor administrativo da M\u00fatua-PB Candidata: C\u00e2ndida R\u00e9gis Bezerra de Andrade \u2013 133 &nbsp; Clique AQUI para conferir todos os editais e delibera\u00e7\u00f5es referentes \u00e0s ELEI\u00c7\u00d5ES 2017<\/p>\n","protected":false},"author":2,"featured_media":14626,"comment_status":"open","ping_status":"open","sticky":false,"template":"","format":"standard","meta":{"_acf_changed":false,"footnotes":""},"categories":[9],"tags":[],"class_list":["post-14625","post","type-post","status-publish","format-standard","has-post-thumbnail","hentry","category-noticias"],"acf":[],"_links":{"self":[{"href":"https:\/\/creapb.org.br\/site\/wp-json\/wp\/v2\/posts\/14625","targetHints":{"allow":["GET"]}}],"collection":[{"href":"https:\/\/creapb.org.br\/site\/wp-json\/wp\/v2\/posts"}],"about":[{"href":"https:\/\/creapb.org.br\/site\/wp-json\/wp\/v2\/types\/post"}],"author":[{"embeddable":true,"href":"https:\/\/creapb.org.br\/site\/wp-json\/wp\/v2\/users\/2"}],"replies":[{"embeddable":true,"href":"https:\/\/creapb.org.br\/site\/wp-json\/wp\/v2\/comments?post=14625"}],"version-history":[{"count":2,"href":"https:\/\/creapb.org.br\/site\/wp-json\/wp\/v2\/posts\/14625\/revisions"}],"predecessor-version":[{"id":14630,"href":"https:\/\/creapb.org.br\/site\/wp-json\/wp\/v2\/posts\/14625\/revisions\/14630"}],"wp:featuredmedia":[{"embeddable":true,"href":"https:\/\/creapb.org.br\/site\/wp-json\/wp\/v2\/media\/14626"}],"wp:attachment":[{"href":"https:\/\/creapb.org.br\/site\/wp-json\/wp\/v2\/media?parent=14625"}],"wp:term":[{"taxonomy":"category","embeddable":true,"href":"https:\/\/creapb.org.br\/site\/wp-json\/wp\/v2\/categories?post=14625"},{"taxonomy":"post_tag","embeddable":true,"href":"https:\/\/creapb.org.br\/site\/wp-json\/wp\/v2\/tags?post=14625"}],"curies":[{"name":"wp","href":"https:\/\/api.w.org\/{rel}","templated":true}]}}