{"id":14648,"date":"2017-10-13T11:49:39","date_gmt":"2017-10-13T14:49:39","guid":{"rendered":"http:\/\/creapb.org.br\/?p=14648"},"modified":"2017-10-13T11:52:14","modified_gmt":"2017-10-13T14:52:14","slug":"14648","status":"publish","type":"post","link":"https:\/\/creapb.org.br\/site\/14648\/","title":{"rendered":"CPR-PB discute seguran\u00e7a do trabalho na constru\u00e7\u00e3o de casas populares"},"content":{"rendered":"<p><img fetchpriority=\"high\" decoding=\"async\" class=\"alignright wp-image-14649\" src=\"https:\/\/creapb.org.br\/site\/wp-content\/uploads\/2017\/10\/WhatsApp-Image-2017-10-11-at-10.29.30-1024x768.jpeg\" alt=\"\" width=\"500\" height=\"375\" srcset=\"https:\/\/creapb.org.br\/site\/wp-content\/uploads\/2017\/10\/WhatsApp-Image-2017-10-11-at-10.29.30-1024x768.jpeg 1024w, https:\/\/creapb.org.br\/site\/wp-content\/uploads\/2017\/10\/WhatsApp-Image-2017-10-11-at-10.29.30-300x225.jpeg 300w, https:\/\/creapb.org.br\/site\/wp-content\/uploads\/2017\/10\/WhatsApp-Image-2017-10-11-at-10.29.30-768x576.jpeg 768w, https:\/\/creapb.org.br\/site\/wp-content\/uploads\/2017\/10\/WhatsApp-Image-2017-10-11-at-10.29.30.jpeg 1280w\" sizes=\"(max-width: 500px) 100vw, 500px\" \/>A reuni\u00e3o mensal da Comit\u00ea Permanente Regional sobre Condi\u00e7\u00f5es e Meio Ambiente do Trabalho na Ind\u00fastria da Constru\u00e7\u00e3o da Para\u00edba \u00a0(CPR-PB) aconteceu nesta\u00a0<span id=\"OBJ_PREFIX_DWT354_com_zimbra_date\" class=\"Object\"><span id=\"OBJ_PREFIX_DWT355_com_zimbra_date\" class=\"Object\">ter<\/span><\/span>\u00e7a-feira (10), no Sinduscon JP. O Crea-PB faz parte do Comit\u00ea, que em sua 232\u00aa reuni\u00e3o ordin\u00e1rio, pautou a gest\u00e3o de seguran\u00e7a do trabalho na constru\u00e7\u00e3o de casas populares.<\/p>\n<p>O respons\u00e1vel por abordar o assunto foi o engenheiro Leandro Arruda Almeida, convidado pelo CPR para compartilhar sua experi\u00eancia com uma construtora especializada em resid\u00eancias populares, de at\u00e9 52m\u00b2, atuante em Pernambuco.<\/p>\n<p>Representante do Crea no CPR-PB, o engenheiro ambiental, Juan \u00c9bano conta que, embora contem com apenas um pavimento, as casas populares precisam do acompanhamento e da gest\u00e3o da seguran\u00e7a do trabalho. &#8220;As construtoras deveriam adotar esse procedimento de seguran\u00e7a, sa\u00fade e higiene do trabalhador em quaisquer tipos de obras, sejam elas de pequeno, m\u00e9dio ou grande porte&#8221;, acredita. Juan afirma que neste tipo de obra, os maiores riscos detectados s\u00e3o em rela\u00e7\u00e3o \u00e0 ergonomia e ao risco f\u00edsico. &#8220;Al\u00e9m do fato de serem casas populares\u00a0 e obras p\u00fablicas do Governo Federal, atrav\u00e9s do Programa Minha Casa Minha Vida, o cuidado deve ser redobrado e a implanta\u00e7\u00e3o desse sistema de gest\u00e3o deve ser feita com base na legisla\u00e7\u00e3o vigente e na preocupa\u00e7\u00e3o com a seguran\u00e7a do trabalhador&#8221;, conclui.<\/p>\n<p><strong>O\u00a0 CPR-PB<\/strong><br \/>\nAtuando desde 1996, o CPR-PB tem como miss\u00e3o a busca cont\u00ednua por obras mais seguras e saud\u00e1veis, atrav\u00e9s de a\u00e7\u00f5es pactuadas entre representantes do poder p\u00fablico, dos trabalhadores, dos empres\u00e1rios e entidades da sociedade civil. O Comit\u00ea se re\u00fane em plen\u00e1rias mensais ou atrav\u00e9s de comiss\u00f5es para encaminhar demandas espec\u00edficas.Ele foi referendado pelas representa\u00e7\u00f5es dos trabalhadores e empres\u00e1rios como f\u00f3rum de discuss\u00e3o das cl\u00e1usulas de seguran\u00e7a para a conven\u00e7\u00e3o coletiva da categoria.\u00a0 \u00c9 composto atualmente por 14 entidades distribu\u00eddas em quatro bancadas: Pode P\u00fablico, trabalhadores, empres\u00e1rios e apoio t\u00e9cnico.<\/p>\n<p>&nbsp;<\/p>\n","protected":false},"excerpt":{"rendered":"<p>A reuni\u00e3o mensal da Comit\u00ea Permanente Regional sobre Condi\u00e7\u00f5es e Meio Ambiente do Trabalho na Ind\u00fastria da Constru\u00e7\u00e3o da Para\u00edba \u00a0(CPR-PB) aconteceu nesta\u00a0ter\u00e7a-feira (10), no Sinduscon JP. O Crea-PB faz parte do Comit\u00ea, que em sua 232\u00aa reuni\u00e3o ordin\u00e1rio, pautou a gest\u00e3o de seguran\u00e7a do trabalho na constru\u00e7\u00e3o de casas populares. O respons\u00e1vel por abordar o assunto foi o engenheiro Leandro Arruda Almeida, convidado pelo CPR para compartilhar sua experi\u00eancia com uma construtora especializada em resid\u00eancias populares, de at\u00e9 52m\u00b2, atuante em Pernambuco. Representante do Crea no CPR-PB, o engenheiro ambiental, Juan \u00c9bano conta que, embora contem com apenas um [&hellip;]<\/p>\n","protected":false},"author":2,"featured_media":14651,"comment_status":"open","ping_status":"open","sticky":false,"template":"","format":"standard","meta":{"_acf_changed":false,"footnotes":""},"categories":[9],"tags":[],"class_list":["post-14648","post","type-post","status-publish","format-standard","has-post-thumbnail","hentry","category-noticias"],"acf":[],"_links":{"self":[{"href":"https:\/\/creapb.org.br\/site\/wp-json\/wp\/v2\/posts\/14648","targetHints":{"allow":["GET"]}}],"collection":[{"href":"https:\/\/creapb.org.br\/site\/wp-json\/wp\/v2\/posts"}],"about":[{"href":"https:\/\/creapb.org.br\/site\/wp-json\/wp\/v2\/types\/post"}],"author":[{"embeddable":true,"href":"https:\/\/creapb.org.br\/site\/wp-json\/wp\/v2\/users\/2"}],"replies":[{"embeddable":true,"href":"https:\/\/creapb.org.br\/site\/wp-json\/wp\/v2\/comments?post=14648"}],"version-history":[{"count":3,"href":"https:\/\/creapb.org.br\/site\/wp-json\/wp\/v2\/posts\/14648\/revisions"}],"predecessor-version":[{"id":14653,"href":"https:\/\/creapb.org.br\/site\/wp-json\/wp\/v2\/posts\/14648\/revisions\/14653"}],"wp:featuredmedia":[{"embeddable":true,"href":"https:\/\/creapb.org.br\/site\/wp-json\/wp\/v2\/media\/14651"}],"wp:attachment":[{"href":"https:\/\/creapb.org.br\/site\/wp-json\/wp\/v2\/media?parent=14648"}],"wp:term":[{"taxonomy":"category","embeddable":true,"href":"https:\/\/creapb.org.br\/site\/wp-json\/wp\/v2\/categories?post=14648"},{"taxonomy":"post_tag","embeddable":true,"href":"https:\/\/creapb.org.br\/site\/wp-json\/wp\/v2\/tags?post=14648"}],"curies":[{"name":"wp","href":"https:\/\/api.w.org\/{rel}","templated":true}]}}