{"id":14700,"date":"2017-11-09T11:47:04","date_gmt":"2017-11-09T14:47:04","guid":{"rendered":"http:\/\/creapb.org.br\/?p=14700"},"modified":"2017-11-09T11:47:04","modified_gmt":"2017-11-09T14:47:04","slug":"crea-pb-parabeniza-os-tecnicos-em-eletrotecnica-pelo-seu-dia","status":"publish","type":"post","link":"https:\/\/creapb.org.br\/site\/crea-pb-parabeniza-os-tecnicos-em-eletrotecnica-pelo-seu-dia\/","title":{"rendered":"Crea-PB parabeniza os t\u00e9cnicos em eletrot\u00e9cnica pelo seu dia!"},"content":{"rendered":"<p>Esse profissional \u00e9 capacitado para projetar, montar e instalar equipamentos eletr\u00f4nicos na linha de produ\u00e7\u00e3o, al\u00e9m de participar de programa\u00e7\u00e3o de equipamentos com a utiliza\u00e7\u00e3o da inform\u00e1tica e fazer a manuten\u00e7\u00e3o preventiva e corretiva de aparelhos. O Crea-PB apoia as pautas e a luta pela valoriza\u00e7\u00e3o profissional dos t\u00e9cnicos. Parab\u00e9ns, t\u00e9cnico em eletrot\u00e9cnica!<img fetchpriority=\"high\" decoding=\"async\" class=\"wp-image-14702 aligncenter\" src=\"https:\/\/creapb.org.br\/site\/wp-content\/uploads\/2017\/11\/WhatsApp-Image-2017-11-07-at-11.08.22-1-1024x1024.jpeg\" alt=\"\" width=\"500\" height=\"500\" srcset=\"https:\/\/creapb.org.br\/site\/wp-content\/uploads\/2017\/11\/WhatsApp-Image-2017-11-07-at-11.08.22-1-1024x1024.jpeg 1024w, https:\/\/creapb.org.br\/site\/wp-content\/uploads\/2017\/11\/WhatsApp-Image-2017-11-07-at-11.08.22-1-150x150.jpeg 150w, https:\/\/creapb.org.br\/site\/wp-content\/uploads\/2017\/11\/WhatsApp-Image-2017-11-07-at-11.08.22-1-300x300.jpeg 300w, https:\/\/creapb.org.br\/site\/wp-content\/uploads\/2017\/11\/WhatsApp-Image-2017-11-07-at-11.08.22-1-768x768.jpeg 768w, https:\/\/creapb.org.br\/site\/wp-content\/uploads\/2017\/11\/WhatsApp-Image-2017-11-07-at-11.08.22-1-115x115.jpeg 115w, https:\/\/creapb.org.br\/site\/wp-content\/uploads\/2017\/11\/WhatsApp-Image-2017-11-07-at-11.08.22-1.jpeg 1280w\" sizes=\"(max-width: 500px) 100vw, 500px\" \/><\/p>\n","protected":false},"excerpt":{"rendered":"<p>Esse profissional \u00e9 capacitado para projetar, montar e instalar equipamentos eletr\u00f4nicos na linha de produ\u00e7\u00e3o, al\u00e9m de participar de programa\u00e7\u00e3o de equipamentos com a utiliza\u00e7\u00e3o da inform\u00e1tica e fazer a manuten\u00e7\u00e3o preventiva e corretiva de aparelhos. O Crea-PB apoia as pautas e a luta pela valoriza\u00e7\u00e3o profissional dos t\u00e9cnicos. Parab\u00e9ns, t\u00e9cnico em eletrot\u00e9cnica!<\/p>\n","protected":false},"author":2,"featured_media":14702,"comment_status":"open","ping_status":"open","sticky":false,"template":"","format":"standard","meta":{"_acf_changed":false,"footnotes":""},"categories":[9],"tags":[],"class_list":["post-14700","post","type-post","status-publish","format-standard","has-post-thumbnail","hentry","category-noticias"],"acf":[],"_links":{"self":[{"href":"https:\/\/creapb.org.br\/site\/wp-json\/wp\/v2\/posts\/14700","targetHints":{"allow":["GET"]}}],"collection":[{"href":"https:\/\/creapb.org.br\/site\/wp-json\/wp\/v2\/posts"}],"about":[{"href":"https:\/\/creapb.org.br\/site\/wp-json\/wp\/v2\/types\/post"}],"author":[{"embeddable":true,"href":"https:\/\/creapb.org.br\/site\/wp-json\/wp\/v2\/users\/2"}],"replies":[{"embeddable":true,"href":"https:\/\/creapb.org.br\/site\/wp-json\/wp\/v2\/comments?post=14700"}],"version-history":[{"count":1,"href":"https:\/\/creapb.org.br\/site\/wp-json\/wp\/v2\/posts\/14700\/revisions"}],"predecessor-version":[{"id":14703,"href":"https:\/\/creapb.org.br\/site\/wp-json\/wp\/v2\/posts\/14700\/revisions\/14703"}],"wp:featuredmedia":[{"embeddable":true,"href":"https:\/\/creapb.org.br\/site\/wp-json\/wp\/v2\/media\/14702"}],"wp:attachment":[{"href":"https:\/\/creapb.org.br\/site\/wp-json\/wp\/v2\/media?parent=14700"}],"wp:term":[{"taxonomy":"category","embeddable":true,"href":"https:\/\/creapb.org.br\/site\/wp-json\/wp\/v2\/categories?post=14700"},{"taxonomy":"post_tag","embeddable":true,"href":"https:\/\/creapb.org.br\/site\/wp-json\/wp\/v2\/tags?post=14700"}],"curies":[{"name":"wp","href":"https:\/\/api.w.org\/{rel}","templated":true}]}}