{"id":14709,"date":"2017-11-13T15:06:25","date_gmt":"2017-11-13T18:06:25","guid":{"rendered":"http:\/\/creapb.org.br\/?p=14709"},"modified":"2017-11-13T15:06:25","modified_gmt":"2017-11-13T18:06:25","slug":"abee-pb-promove-curso-basico-de-protecao-em-media-tensao","status":"publish","type":"post","link":"https:\/\/creapb.org.br\/site\/abee-pb-promove-curso-basico-de-protecao-em-media-tensao\/","title":{"rendered":"Abee-PB promove curso b\u00e1sico de prote\u00e7\u00e3o em m\u00e9dia tens\u00e3o"},"content":{"rendered":"<p><img fetchpriority=\"high\" decoding=\"async\" class=\"alignright wp-image-14710\" src=\"https:\/\/creapb.org.br\/site\/wp-content\/uploads\/2017\/11\/Folder-Prote\u00e7\u00e3o-2-V-18-1024x682.jpg\" alt=\"\" width=\"700\" height=\"467\" srcset=\"https:\/\/creapb.org.br\/site\/wp-content\/uploads\/2017\/11\/Folder-Prote\u00e7\u00e3o-2-V-18-1024x682.jpg 1024w, https:\/\/creapb.org.br\/site\/wp-content\/uploads\/2017\/11\/Folder-Prote\u00e7\u00e3o-2-V-18-300x200.jpg 300w, https:\/\/creapb.org.br\/site\/wp-content\/uploads\/2017\/11\/Folder-Prote\u00e7\u00e3o-2-V-18-768x512.jpg 768w, https:\/\/creapb.org.br\/site\/wp-content\/uploads\/2017\/11\/Folder-Prote\u00e7\u00e3o-2-V-18.jpg 1772w\" sizes=\"(max-width: 700px) 100vw, 700px\" \/><\/p>\n<p>&nbsp;<\/p>\n<p>&nbsp;<\/p>\n<p>&nbsp;<\/p>\n<p>A Associa\u00e7\u00e3o Brasileira de Engenheiros Eletricistas &#8211; Sess\u00e3o Para\u00edba promove, de 27 de novembro a 01 de dezembro, o curso b\u00e1sico de prote\u00e7\u00e3o em m\u00e9dia tens\u00e3o,\u00a0que ser\u00e1 realizado no audit\u00f3rio da M\u00fatua-PB.<\/p>\n<p>A instrutora ser\u00e1 a engenheira eletricista e eletrot\u00e9cnica Rus\u00e2ngela Guido Cavalcanti. Os s\u00f3cios da Abee-PB t\u00eam desconto de R$150 no valor da inscri\u00e7\u00e3o que, para n\u00e3o-s\u00f3cios \u00e9 de R$750 reais. Maiores informa\u00e7\u00f5es podem ser obtidas atrav\u00e9s do n\u00famero: (83) 98772-0035.<\/p>\n<p>&nbsp;<\/p>\n","protected":false},"excerpt":{"rendered":"<p>&nbsp; &nbsp; &nbsp; A Associa\u00e7\u00e3o Brasileira de Engenheiros Eletricistas &#8211; Sess\u00e3o Para\u00edba promove, de 27 de novembro a 01 de dezembro, o curso b\u00e1sico de prote\u00e7\u00e3o em m\u00e9dia tens\u00e3o,\u00a0que ser\u00e1 realizado no audit\u00f3rio da M\u00fatua-PB. A instrutora ser\u00e1 a engenheira eletricista e eletrot\u00e9cnica Rus\u00e2ngela Guido Cavalcanti. Os s\u00f3cios da Abee-PB t\u00eam desconto de R$150 no valor da inscri\u00e7\u00e3o que, para n\u00e3o-s\u00f3cios \u00e9 de R$750 reais. Maiores informa\u00e7\u00f5es podem ser obtidas atrav\u00e9s do n\u00famero: (83) 98772-0035. &nbsp;<\/p>\n","protected":false},"author":2,"featured_media":14710,"comment_status":"open","ping_status":"open","sticky":false,"template":"","format":"standard","meta":{"_acf_changed":false,"footnotes":""},"categories":[9],"tags":[],"class_list":["post-14709","post","type-post","status-publish","format-standard","has-post-thumbnail","hentry","category-noticias"],"acf":[],"_links":{"self":[{"href":"https:\/\/creapb.org.br\/site\/wp-json\/wp\/v2\/posts\/14709","targetHints":{"allow":["GET"]}}],"collection":[{"href":"https:\/\/creapb.org.br\/site\/wp-json\/wp\/v2\/posts"}],"about":[{"href":"https:\/\/creapb.org.br\/site\/wp-json\/wp\/v2\/types\/post"}],"author":[{"embeddable":true,"href":"https:\/\/creapb.org.br\/site\/wp-json\/wp\/v2\/users\/2"}],"replies":[{"embeddable":true,"href":"https:\/\/creapb.org.br\/site\/wp-json\/wp\/v2\/comments?post=14709"}],"version-history":[{"count":2,"href":"https:\/\/creapb.org.br\/site\/wp-json\/wp\/v2\/posts\/14709\/revisions"}],"predecessor-version":[{"id":14712,"href":"https:\/\/creapb.org.br\/site\/wp-json\/wp\/v2\/posts\/14709\/revisions\/14712"}],"wp:featuredmedia":[{"embeddable":true,"href":"https:\/\/creapb.org.br\/site\/wp-json\/wp\/v2\/media\/14710"}],"wp:attachment":[{"href":"https:\/\/creapb.org.br\/site\/wp-json\/wp\/v2\/media?parent=14709"}],"wp:term":[{"taxonomy":"category","embeddable":true,"href":"https:\/\/creapb.org.br\/site\/wp-json\/wp\/v2\/categories?post=14709"},{"taxonomy":"post_tag","embeddable":true,"href":"https:\/\/creapb.org.br\/site\/wp-json\/wp\/v2\/tags?post=14709"}],"curies":[{"name":"wp","href":"https:\/\/api.w.org\/{rel}","templated":true}]}}