{"id":14739,"date":"2017-11-23T18:14:33","date_gmt":"2017-11-23T21:14:33","guid":{"rendered":"http:\/\/creapb.org.br\/?p=14739"},"modified":"2017-11-22T09:16:43","modified_gmt":"2017-11-22T12:16:43","slug":"dia-do-tecnologo-parabens-a-todos-os-profissionais-paraibanos","status":"publish","type":"post","link":"https:\/\/creapb.org.br\/site\/dia-do-tecnologo-parabens-a-todos-os-profissionais-paraibanos\/","title":{"rendered":"Dia do Tecn\u00f3logo: Parab\u00e9ns a todos os profissionais paraibanos"},"content":{"rendered":"<p><img fetchpriority=\"high\" decoding=\"async\" class=\"wp-image-14740 aligncenter\" src=\"https:\/\/creapb.org.br\/site\/wp-content\/uploads\/2017\/11\/WhatsApp-Image-2017-11-21-at-17.38.23-1024x1024.jpeg\" alt=\"\" width=\"500\" height=\"500\" srcset=\"https:\/\/creapb.org.br\/site\/wp-content\/uploads\/2017\/11\/WhatsApp-Image-2017-11-21-at-17.38.23-1024x1024.jpeg 1024w, https:\/\/creapb.org.br\/site\/wp-content\/uploads\/2017\/11\/WhatsApp-Image-2017-11-21-at-17.38.23-150x150.jpeg 150w, https:\/\/creapb.org.br\/site\/wp-content\/uploads\/2017\/11\/WhatsApp-Image-2017-11-21-at-17.38.23-300x300.jpeg 300w, https:\/\/creapb.org.br\/site\/wp-content\/uploads\/2017\/11\/WhatsApp-Image-2017-11-21-at-17.38.23-768x768.jpeg 768w, https:\/\/creapb.org.br\/site\/wp-content\/uploads\/2017\/11\/WhatsApp-Image-2017-11-21-at-17.38.23-115x115.jpeg 115w, https:\/\/creapb.org.br\/site\/wp-content\/uploads\/2017\/11\/WhatsApp-Image-2017-11-21-at-17.38.23.jpeg 1280w\" sizes=\"(max-width: 500px) 100vw, 500px\" \/><\/p>\n<p style=\"text-align: center;\">O tecn\u00f3logo tem se destacado no novo cen\u00e1rio mundial que exige profissionais capazes de desenvolver a competitividade, o aumento da produtividade e da qualidade e que saibam adequar-se \u00e0s transforma\u00e7\u00f5es da economia, da pol\u00edtica e da tecnologia. O Crea-PB parabeniza todos esses profissionais pelo seu dia!<\/p>\n","protected":false},"excerpt":{"rendered":"<p>O tecn\u00f3logo tem se destacado no novo cen\u00e1rio mundial que exige profissionais capazes de desenvolver a competitividade, o aumento da produtividade e da qualidade e que saibam adequar-se \u00e0s transforma\u00e7\u00f5es da economia, da pol\u00edtica e da tecnologia. O Crea-PB parabeniza todos esses profissionais pelo seu dia!<\/p>\n","protected":false},"author":2,"featured_media":14740,"comment_status":"open","ping_status":"open","sticky":false,"template":"","format":"standard","meta":{"_acf_changed":false,"footnotes":""},"categories":[9],"tags":[],"class_list":["post-14739","post","type-post","status-publish","format-standard","has-post-thumbnail","hentry","category-noticias"],"acf":[],"_links":{"self":[{"href":"https:\/\/creapb.org.br\/site\/wp-json\/wp\/v2\/posts\/14739","targetHints":{"allow":["GET"]}}],"collection":[{"href":"https:\/\/creapb.org.br\/site\/wp-json\/wp\/v2\/posts"}],"about":[{"href":"https:\/\/creapb.org.br\/site\/wp-json\/wp\/v2\/types\/post"}],"author":[{"embeddable":true,"href":"https:\/\/creapb.org.br\/site\/wp-json\/wp\/v2\/users\/2"}],"replies":[{"embeddable":true,"href":"https:\/\/creapb.org.br\/site\/wp-json\/wp\/v2\/comments?post=14739"}],"version-history":[{"count":1,"href":"https:\/\/creapb.org.br\/site\/wp-json\/wp\/v2\/posts\/14739\/revisions"}],"predecessor-version":[{"id":14741,"href":"https:\/\/creapb.org.br\/site\/wp-json\/wp\/v2\/posts\/14739\/revisions\/14741"}],"wp:featuredmedia":[{"embeddable":true,"href":"https:\/\/creapb.org.br\/site\/wp-json\/wp\/v2\/media\/14740"}],"wp:attachment":[{"href":"https:\/\/creapb.org.br\/site\/wp-json\/wp\/v2\/media?parent=14739"}],"wp:term":[{"taxonomy":"category","embeddable":true,"href":"https:\/\/creapb.org.br\/site\/wp-json\/wp\/v2\/categories?post=14739"},{"taxonomy":"post_tag","embeddable":true,"href":"https:\/\/creapb.org.br\/site\/wp-json\/wp\/v2\/tags?post=14739"}],"curies":[{"name":"wp","href":"https:\/\/api.w.org\/{rel}","templated":true}]}}