{"id":14766,"date":"2017-11-29T13:10:43","date_gmt":"2017-11-29T16:10:43","guid":{"rendered":"http:\/\/creapb.org.br\/?p=14766"},"modified":"2017-11-29T13:10:43","modified_gmt":"2017-11-29T16:10:43","slug":"simposio-debate-exercicio-profissional-na-area-ambiental","status":"publish","type":"post","link":"https:\/\/creapb.org.br\/site\/simposio-debate-exercicio-profissional-na-area-ambiental\/","title":{"rendered":"Simp\u00f3sio debate exerc\u00edcio profissional na \u00e1rea ambiental"},"content":{"rendered":"<p><img fetchpriority=\"high\" decoding=\"async\" class=\"wp-image-14767 alignright\" src=\"https:\/\/creapb.org.br\/site\/wp-content\/uploads\/2017\/11\/IMG_1257-1024x768.jpg\" alt=\"\" width=\"500\" height=\"375\" srcset=\"https:\/\/creapb.org.br\/site\/wp-content\/uploads\/2017\/11\/IMG_1257-1024x768.jpg 1024w, https:\/\/creapb.org.br\/site\/wp-content\/uploads\/2017\/11\/IMG_1257-300x225.jpg 300w, https:\/\/creapb.org.br\/site\/wp-content\/uploads\/2017\/11\/IMG_1257-768x576.jpg 768w\" sizes=\"(max-width: 500px) 100vw, 500px\" \/>Nesta quarta-feira (29), ocorreu, no Sindicato dos Engenheiros, o I Simp\u00f3sio de Meio Ambiente, promovido pelo Crea-PB em parceria com a Associa\u00e7\u00e3o Paraibana de Engenheiros Ambientais (Apeamb). O evento contou com duas palestras e teve a participa\u00e7\u00e3o de profissionais e estudantes da \u00e1rea ambiental, que debateram sobre suas atua\u00e7\u00f5es no mercado de trabalho, a legisla\u00e7\u00e3o e experi\u00eancias no setor.<\/p>\n<p>O primeiro palestrante foi o engenheiro ambiental Juan \u00c9bano, sub gerente de Fiscaliza\u00e7\u00e3o do Crea-PB, que tratou do tema &#8220;Atribui\u00e7\u00e3o dos engenheiros ambientais e os principais erros de interpreta\u00e7\u00e3o&#8221;. Al\u00e9m de falar sobre a origem da profiss\u00e3o no Brasil e suas atribui\u00e7\u00f5es, Juan destacou como \u00e9 feita a fiscaliza\u00e7\u00e3o do Crea na \u00e1rea ambiental. Em seguida, o bi\u00f3logo e analista do Ibama, Ronilson Jos\u00e9 da Paz, falou sobre o &#8220;Controle Ambiental na Ind\u00fastria da Constru\u00e7\u00e3o Civil&#8221;, trazendo v\u00e1rios casos concretos vivenciados ao longo de sua trajet\u00f3ria profissional.<\/p>\n<p>Ao final das palestras, seguiu-se um debate entre os palestrantes e os participantes sobre os assuntos abordados ao longo do evento. O eng. ambiental Joel Paulo, representante da APEAMB destacou a import\u00e2ncia do di\u00e1logo com os profissionais e estudantes e aproveitou para convidar os presentes a se aproximarem mais da Associa\u00e7\u00e3o. Joel tamb\u00e9m falou sobre os planos para a realiza\u00e7\u00e3o de mais eventos, colocando a entidade e o Crea \u00e0 disposi\u00e7\u00e3o dos profissionais.<\/p>\n<p>&nbsp;<\/p>\n","protected":false},"excerpt":{"rendered":"<p>Nesta quarta-feira (29), ocorreu, no Sindicato dos Engenheiros, o I Simp\u00f3sio de Meio Ambiente, promovido pelo Crea-PB em parceria com a Associa\u00e7\u00e3o Paraibana de Engenheiros Ambientais (Apeamb). O evento contou com duas palestras e teve a participa\u00e7\u00e3o de profissionais e estudantes da \u00e1rea ambiental, que debateram sobre suas atua\u00e7\u00f5es no mercado de trabalho, a legisla\u00e7\u00e3o e experi\u00eancias no setor. O primeiro palestrante foi o engenheiro ambiental Juan \u00c9bano, sub gerente de Fiscaliza\u00e7\u00e3o do Crea-PB, que tratou do tema &#8220;Atribui\u00e7\u00e3o dos engenheiros ambientais e os principais erros de interpreta\u00e7\u00e3o&#8221;. Al\u00e9m de falar sobre a origem da profiss\u00e3o no Brasil e suas [&hellip;]<\/p>\n","protected":false},"author":2,"featured_media":14767,"comment_status":"open","ping_status":"open","sticky":false,"template":"","format":"standard","meta":{"_acf_changed":false,"footnotes":""},"categories":[9],"tags":[],"class_list":["post-14766","post","type-post","status-publish","format-standard","has-post-thumbnail","hentry","category-noticias"],"acf":[],"_links":{"self":[{"href":"https:\/\/creapb.org.br\/site\/wp-json\/wp\/v2\/posts\/14766","targetHints":{"allow":["GET"]}}],"collection":[{"href":"https:\/\/creapb.org.br\/site\/wp-json\/wp\/v2\/posts"}],"about":[{"href":"https:\/\/creapb.org.br\/site\/wp-json\/wp\/v2\/types\/post"}],"author":[{"embeddable":true,"href":"https:\/\/creapb.org.br\/site\/wp-json\/wp\/v2\/users\/2"}],"replies":[{"embeddable":true,"href":"https:\/\/creapb.org.br\/site\/wp-json\/wp\/v2\/comments?post=14766"}],"version-history":[{"count":1,"href":"https:\/\/creapb.org.br\/site\/wp-json\/wp\/v2\/posts\/14766\/revisions"}],"predecessor-version":[{"id":14769,"href":"https:\/\/creapb.org.br\/site\/wp-json\/wp\/v2\/posts\/14766\/revisions\/14769"}],"wp:featuredmedia":[{"embeddable":true,"href":"https:\/\/creapb.org.br\/site\/wp-json\/wp\/v2\/media\/14767"}],"wp:attachment":[{"href":"https:\/\/creapb.org.br\/site\/wp-json\/wp\/v2\/media?parent=14766"}],"wp:term":[{"taxonomy":"category","embeddable":true,"href":"https:\/\/creapb.org.br\/site\/wp-json\/wp\/v2\/categories?post=14766"},{"taxonomy":"post_tag","embeddable":true,"href":"https:\/\/creapb.org.br\/site\/wp-json\/wp\/v2\/tags?post=14766"}],"curies":[{"name":"wp","href":"https:\/\/api.w.org\/{rel}","templated":true}]}}