{"id":14801,"date":"2017-12-18T11:00:11","date_gmt":"2017-12-18T14:00:11","guid":{"rendered":"http:\/\/creapb.org.br\/?p=14801"},"modified":"2017-12-18T11:00:11","modified_gmt":"2017-12-18T14:00:11","slug":"eleicoes-confeacrea-e-mutua-aragao-joao-de-deus-e-candida-sao-eleitos-para-trienio-20182020","status":"publish","type":"post","link":"https:\/\/creapb.org.br\/site\/eleicoes-confeacrea-e-mutua-aragao-joao-de-deus-e-candida-sao-eleitos-para-trienio-20182020\/","title":{"rendered":"Elei\u00e7\u00f5es Confea\/Crea e M\u00fatua: Arag\u00e3o, Jo\u00e3o de Deus e C\u00e2ndida s\u00e3o eleitos para tri\u00eanio 2018\/2020"},"content":{"rendered":"<p><img fetchpriority=\"high\" decoding=\"async\" class=\"alignright wp-image-14802\" src=\"https:\/\/creapb.org.br\/site\/wp-content\/uploads\/2017\/12\/WhatsApp-Image-2017-12-14-at-12.30.02-1024x944.jpeg\" alt=\"\" width=\"500\" height=\"461\" srcset=\"https:\/\/creapb.org.br\/site\/wp-content\/uploads\/2017\/12\/WhatsApp-Image-2017-12-14-at-12.30.02-1024x944.jpeg 1024w, https:\/\/creapb.org.br\/site\/wp-content\/uploads\/2017\/12\/WhatsApp-Image-2017-12-14-at-12.30.02-300x277.jpeg 300w, https:\/\/creapb.org.br\/site\/wp-content\/uploads\/2017\/12\/WhatsApp-Image-2017-12-14-at-12.30.02-768x708.jpeg 768w, https:\/\/creapb.org.br\/site\/wp-content\/uploads\/2017\/12\/WhatsApp-Image-2017-12-14-at-12.30.02.jpeg 1280w\" sizes=\"(max-width: 500px) 100vw, 500px\" \/><\/p>\n<p>Nesta sexta-feira (15), profissionais da \u00e1rea tecnol\u00f3gica na Para\u00edba e em todo pa\u00eds escolheram quem estar\u00e1 \u00e0 frente do seu Conselho profissional. Com 69,4% dos votos, o engenheiro civil Ant\u00f4nio Carlos Arag\u00e3o foi escolhido como presidente do Crea-PB, enquanto, para a M\u00fatua, foram referendados os nomes de Jo\u00e3o de Deus, como diretor geral (1097 votos), e C\u00e2ndida Regis (101 votos), como diretora administrativa. Eles assumem o mandato para o tri\u00eanio 2018\/2020.<\/p>\n<p>Toda a vota\u00e7\u00e3o foi realizada em urnas eletr\u00f4nicas nas cidades de Jo\u00e3o Pessoa, Guarabira, Campina Grande, Patos, Itaporanga, Souza, Pombal, Cajazeiras, Areia e Bananeiras.<\/p>\n<p>Para o Confea, ainda n\u00e3o foi finalizada a apura\u00e7\u00e3o em territ\u00f3rio nacional. A Comiss\u00e3o Eleitoral Federal emitiu Comunicado informando que o alguns estados ainda n\u00e3o finalizaram a etapa de valida\u00e7\u00e3o e transmiss\u00e3o de dados.<\/p>\n<p>Veja o Comunicado na \u00edntegra:<\/p>\n<p><em>A Comiss\u00e3o Eleitoral Federal, inst\u00e2ncia organizadora e principal respons\u00e1vel pela valida\u00e7\u00e3o do\u00a0 processo eleitoral do Sistema Confea\/Crea e M\u00fatua, vem tornar p\u00fablico que o processo de apura\u00e7\u00e3o dos votos das elei\u00e7\u00f5es 2017 ainda n\u00e3o foi finalizado e o mesmo encontra-se em fase\u00a0 de valida\u00e7\u00e3o e transmiss\u00e3o dos dados para o sistema de apura\u00e7\u00e3o \u201cABACUS\u201d, gerenciado pelo Confea.<\/em><\/p>\n<p><em>Esclarecemos que os dados referentes aos votos s\u00e3o inseridos pelos Creas em seus respectivos estados, constando ainda aus\u00eancia ou transmiss\u00e3o parcial dos votos nos seguintes Estados: Cear\u00e1 , Piau\u00ed, Minas Gerais, Rond\u00f4nia e Acre.<\/em><\/p>\n<p><em>A Comiss\u00e3o Eleitoral Federal informa ainda que nos estados de Minas Gerais e Rio de Janeiro, mediante auditoria ocorrida no dia da elei\u00e7\u00e3o, foi constatado que muitos votos n\u00e3o foram colhidos em urna eletr\u00f4nica. Dados o tamanho do col\u00e9gio eleitoral destes estados e a necessidade de an\u00e1lise da validade dos votos,\u00a0 o processo de apura\u00e7\u00e3o est\u00e1 mais lento que o previsto, representando assim um resultado ainda parcial das elei\u00e7\u00f5es e sem defini\u00e7\u00e3o oficial.<\/em><\/p>\n<p><em>Por fim, informamos que o resultado final da apura\u00e7\u00e3o dos votos somente ser\u00e1 divulgado oficialmente por esta Comiss\u00e3o Eleitoral Federal.<\/em><\/p>\n","protected":false},"excerpt":{"rendered":"<p>Nesta sexta-feira (15), profissionais da \u00e1rea tecnol\u00f3gica na Para\u00edba e em todo pa\u00eds escolheram quem estar\u00e1 \u00e0 frente do seu Conselho profissional. Com 69,4% dos votos, o engenheiro civil Ant\u00f4nio Carlos Arag\u00e3o foi escolhido como presidente do Crea-PB, enquanto, para a M\u00fatua, foram referendados os nomes de Jo\u00e3o de Deus, como diretor geral (1097 votos), e C\u00e2ndida Regis (101 votos), como diretora administrativa. Eles assumem o mandato para o tri\u00eanio 2018\/2020. Toda a vota\u00e7\u00e3o foi realizada em urnas eletr\u00f4nicas nas cidades de Jo\u00e3o Pessoa, Guarabira, Campina Grande, Patos, Itaporanga, Souza, Pombal, Cajazeiras, Areia e Bananeiras. Para o Confea, ainda n\u00e3o [&hellip;]<\/p>\n","protected":false},"author":2,"featured_media":14802,"comment_status":"open","ping_status":"open","sticky":false,"template":"","format":"standard","meta":{"_acf_changed":false,"footnotes":""},"categories":[9],"tags":[],"class_list":["post-14801","post","type-post","status-publish","format-standard","has-post-thumbnail","hentry","category-noticias"],"acf":[],"_links":{"self":[{"href":"https:\/\/creapb.org.br\/site\/wp-json\/wp\/v2\/posts\/14801","targetHints":{"allow":["GET"]}}],"collection":[{"href":"https:\/\/creapb.org.br\/site\/wp-json\/wp\/v2\/posts"}],"about":[{"href":"https:\/\/creapb.org.br\/site\/wp-json\/wp\/v2\/types\/post"}],"author":[{"embeddable":true,"href":"https:\/\/creapb.org.br\/site\/wp-json\/wp\/v2\/users\/2"}],"replies":[{"embeddable":true,"href":"https:\/\/creapb.org.br\/site\/wp-json\/wp\/v2\/comments?post=14801"}],"version-history":[{"count":1,"href":"https:\/\/creapb.org.br\/site\/wp-json\/wp\/v2\/posts\/14801\/revisions"}],"predecessor-version":[{"id":14803,"href":"https:\/\/creapb.org.br\/site\/wp-json\/wp\/v2\/posts\/14801\/revisions\/14803"}],"wp:featuredmedia":[{"embeddable":true,"href":"https:\/\/creapb.org.br\/site\/wp-json\/wp\/v2\/media\/14802"}],"wp:attachment":[{"href":"https:\/\/creapb.org.br\/site\/wp-json\/wp\/v2\/media?parent=14801"}],"wp:term":[{"taxonomy":"category","embeddable":true,"href":"https:\/\/creapb.org.br\/site\/wp-json\/wp\/v2\/categories?post=14801"},{"taxonomy":"post_tag","embeddable":true,"href":"https:\/\/creapb.org.br\/site\/wp-json\/wp\/v2\/tags?post=14801"}],"curies":[{"name":"wp","href":"https:\/\/api.w.org\/{rel}","templated":true}]}}