{"id":14820,"date":"2017-12-22T13:02:21","date_gmt":"2017-12-22T16:02:21","guid":{"rendered":"http:\/\/creapb.org.br\/?p=14820"},"modified":"2017-12-22T13:02:21","modified_gmt":"2017-12-22T16:02:21","slug":"fiscais-participam-de-seminario-nesta-sexta-22","status":"publish","type":"post","link":"https:\/\/creapb.org.br\/site\/fiscais-participam-de-seminario-nesta-sexta-22\/","title":{"rendered":"Fiscais participam de semin\u00e1rio, nesta sexta (22)"},"content":{"rendered":"<p><img fetchpriority=\"high\" decoding=\"async\" class=\"alignright wp-image-14821\" src=\"https:\/\/creapb.org.br\/site\/wp-content\/uploads\/2017\/12\/WhatsApp-Image-2017-12-22-at-12.18.57-1024x768.jpeg\" alt=\"\" width=\"700\" height=\"525\" srcset=\"https:\/\/creapb.org.br\/site\/wp-content\/uploads\/2017\/12\/WhatsApp-Image-2017-12-22-at-12.18.57-1024x768.jpeg 1024w, https:\/\/creapb.org.br\/site\/wp-content\/uploads\/2017\/12\/WhatsApp-Image-2017-12-22-at-12.18.57-300x225.jpeg 300w, https:\/\/creapb.org.br\/site\/wp-content\/uploads\/2017\/12\/WhatsApp-Image-2017-12-22-at-12.18.57-768x576.jpeg 768w, https:\/\/creapb.org.br\/site\/wp-content\/uploads\/2017\/12\/WhatsApp-Image-2017-12-22-at-12.18.57.jpeg 1280w\" sizes=\"(max-width: 700px) 100vw, 700px\" \/><\/p>\n<p>Nesta sexta-feira (22), a sede do Crea-PB recebeu todos os fiscais que atuam no estado para o II Semin\u00e1rio de Fiscaliza\u00e7\u00e3o 2017. O evento, que acontece periodicamente, tem o objetivo de aprimorar e uniformizar os procedimentos desse setor estrat\u00e9gico para o Conselho.<\/p>\n<p>Na programa\u00e7\u00e3o, foi inclusa a participa\u00e7\u00e3o de outros setores, como Assessoria Jur\u00eddica e T\u00e9cnica e Ouvidoria. Eles contribu\u00edram com a atualiza\u00e7\u00e3o de alguns Normativos e o compartilhamento de experi\u00eancias e atividades de interesse da Fiscaliza\u00e7\u00e3o. Tamb\u00e9m foi feito um balan\u00e7o sobre o andamento do Prodafisc 2017 e das atividades da ger\u00eancia e subger\u00eancia, al\u00e9m de terem sido apresentadas pelos fiscais as atividades mais relevantes desenvolvidas ao longo do ano nas regi\u00f5es de sua jurisdi\u00e7\u00e3o.<\/p>\n<p>Ao abrir os trabalhos do Semin\u00e1rio, a presidente do Crea-PB, Giuc\u00e9lia Figueiredo, comentou sobre os resultados positivos que o setor vem apresentando. &#8220;Fizemos um projeto com objetivo de aumentar em 10% nosso rendimento. At\u00e9 agora, tivemos um incremento de 35%&#8221;, comemorou Giuc\u00e9lia, que falou ainda da import\u00e2ncia do evento para o aprimoramento da Fiscaliza\u00e7\u00e3o, &#8220;uma ferramenta estrat\u00e9gica e indispens\u00e1vel de gest\u00e3o&#8221;.<\/p>\n<p>O Semin\u00e1rio tamb\u00e9m contou com a participa\u00e7\u00e3o do vice-presidente do Crea, Hugo Paiva, do conselheiro Jo\u00e3o Alberto Silveira, coordenador da C\u00e2mara de Agronomia, e do conselheiro Martinho Nobre, coordenador da C\u00e2mara de Engenharia El\u00e9trica e da Coordenadoria de C\u00e2maras de Eng. El\u00e9trica do Confea. Na ocasi\u00e3o, Martinho destacou a import\u00e2ncia da presen\u00e7a constante da Ger\u00eancia de Fiscaliza\u00e7\u00e3o nas reuni\u00f5es da C\u00e2mara, &#8220;levando as demandas e anseios dos fiscais, munindo o colegiado e qualificando as decis\u00f5es&#8221;, disse o conselheiro, que aproveitou para parabenizar o novo presidente rec\u00e9m eleito, Ant\u00f4nio Carlos de Arag\u00e3o, presente no evento, desejando sucesso na gest\u00e3o. &#8220;E agrade\u00e7o \u00e0 presidente Giuc\u00e9lia e a todos os colaboradores do conselho que de alguma forma contribu\u00edram para que ating\u00edssemos todas as nossas metas&#8221;, concluiu.<\/p>\n","protected":false},"excerpt":{"rendered":"<p>Nesta sexta-feira (22), a sede do Crea-PB recebeu todos os fiscais que atuam no estado para o II Semin\u00e1rio de Fiscaliza\u00e7\u00e3o 2017. O evento, que acontece periodicamente, tem o objetivo de aprimorar e uniformizar os procedimentos desse setor estrat\u00e9gico para o Conselho. Na programa\u00e7\u00e3o, foi inclusa a participa\u00e7\u00e3o de outros setores, como Assessoria Jur\u00eddica e T\u00e9cnica e Ouvidoria. Eles contribu\u00edram com a atualiza\u00e7\u00e3o de alguns Normativos e o compartilhamento de experi\u00eancias e atividades de interesse da Fiscaliza\u00e7\u00e3o. Tamb\u00e9m foi feito um balan\u00e7o sobre o andamento do Prodafisc 2017 e das atividades da ger\u00eancia e subger\u00eancia, al\u00e9m de terem sido apresentadas [&hellip;]<\/p>\n","protected":false},"author":2,"featured_media":14821,"comment_status":"open","ping_status":"open","sticky":false,"template":"","format":"standard","meta":{"_acf_changed":false,"footnotes":""},"categories":[9],"tags":[],"class_list":["post-14820","post","type-post","status-publish","format-standard","has-post-thumbnail","hentry","category-noticias"],"acf":[],"_links":{"self":[{"href":"https:\/\/creapb.org.br\/site\/wp-json\/wp\/v2\/posts\/14820","targetHints":{"allow":["GET"]}}],"collection":[{"href":"https:\/\/creapb.org.br\/site\/wp-json\/wp\/v2\/posts"}],"about":[{"href":"https:\/\/creapb.org.br\/site\/wp-json\/wp\/v2\/types\/post"}],"author":[{"embeddable":true,"href":"https:\/\/creapb.org.br\/site\/wp-json\/wp\/v2\/users\/2"}],"replies":[{"embeddable":true,"href":"https:\/\/creapb.org.br\/site\/wp-json\/wp\/v2\/comments?post=14820"}],"version-history":[{"count":1,"href":"https:\/\/creapb.org.br\/site\/wp-json\/wp\/v2\/posts\/14820\/revisions"}],"predecessor-version":[{"id":14822,"href":"https:\/\/creapb.org.br\/site\/wp-json\/wp\/v2\/posts\/14820\/revisions\/14822"}],"wp:featuredmedia":[{"embeddable":true,"href":"https:\/\/creapb.org.br\/site\/wp-json\/wp\/v2\/media\/14821"}],"wp:attachment":[{"href":"https:\/\/creapb.org.br\/site\/wp-json\/wp\/v2\/media?parent=14820"}],"wp:term":[{"taxonomy":"category","embeddable":true,"href":"https:\/\/creapb.org.br\/site\/wp-json\/wp\/v2\/categories?post=14820"},{"taxonomy":"post_tag","embeddable":true,"href":"https:\/\/creapb.org.br\/site\/wp-json\/wp\/v2\/tags?post=14820"}],"curies":[{"name":"wp","href":"https:\/\/api.w.org\/{rel}","templated":true}]}}