{"id":14874,"date":"2018-01-15T12:26:32","date_gmt":"2018-01-15T15:26:32","guid":{"rendered":"http:\/\/creapb.org.br\/?p=14874"},"modified":"2018-01-15T12:26:32","modified_gmt":"2018-01-15T15:26:32","slug":"fiscalizacao-detecta-uso-e-descarte-irregular-de-agrotoxicos-em-plantios-de-tomate","status":"publish","type":"post","link":"https:\/\/creapb.org.br\/site\/fiscalizacao-detecta-uso-e-descarte-irregular-de-agrotoxicos-em-plantios-de-tomate\/","title":{"rendered":"Fiscaliza\u00e7\u00e3o detecta uso e descarte irregular de agrot\u00f3xicos em plantios de tomate"},"content":{"rendered":"<p><img fetchpriority=\"high\" decoding=\"async\" class=\"size-medium wp-image-14875 alignright\" src=\"https:\/\/creapb.org.br\/site\/wp-content\/uploads\/2018\/01\/26855708_1720164801338557_91623954_n-300x169.jpg\" alt=\"\" width=\"300\" height=\"169\" srcset=\"https:\/\/creapb.org.br\/site\/wp-content\/uploads\/2018\/01\/26855708_1720164801338557_91623954_n-300x169.jpg 300w, https:\/\/creapb.org.br\/site\/wp-content\/uploads\/2018\/01\/26855708_1720164801338557_91623954_n.jpg 480w\" sizes=\"(max-width: 300px) 100vw, 300px\" \/>Na \u00faltima semana, a fiscaliza\u00e7\u00e3o do Crea-PB na inspetoria de Patos percorreu os munic\u00edpios de\u00a0Assun\u00e7\u00e3o, Livramento, Tapero\u00e1 e Desterro para uma for\u00e7a-tarefa em v\u00e1rios setores da \u00e1rea tecnol\u00f3gica. O Agente Fiscal Jos\u00e9 Emidio vistoriou\u00a0constru\u00e7\u00f5es civis p\u00fablicas e privadas, servi\u00e7os de limpeza urbana e poda, de instala\u00e7\u00e3o\/manuten\u00e7\u00e3o de ar condicionado, de equipamentos odonto-m\u00e9dico hospitalares, estrutura de eventos, dedetiza\u00e7\u00e3o e perfura\u00e7\u00e3o de po\u00e7os.\u00a0Na \u00e1rea agron\u00f4mica, chamou a aten\u00e7\u00e3o da fiscaliza\u00e7\u00e3o o uso e descarte inadequado de agrot\u00f3xicos em plantios de tomate.<\/p>\n<p><img decoding=\"async\" class=\"size-medium wp-image-14877 alignleft\" src=\"https:\/\/creapb.org.br\/site\/wp-content\/uploads\/2018\/01\/26803467_1720242921330745_1160675846_n-180x300.jpg\" alt=\"\" width=\"180\" height=\"300\" srcset=\"https:\/\/creapb.org.br\/site\/wp-content\/uploads\/2018\/01\/26803467_1720242921330745_1160675846_n-180x300.jpg 180w, https:\/\/creapb.org.br\/site\/wp-content\/uploads\/2018\/01\/26803467_1720242921330745_1160675846_n.jpg 576w\" sizes=\"(max-width: 180px) 100vw, 180px\" \/>De acordo com Jos\u00e9 Emidio, foram fiscalizados 64 hectares da cultura ao todo, nos quais foi identificado, n\u00e3o apenas a falta do Receitu\u00e1rio Agron\u00f4mico (documento obrigat\u00f3rio, emitido por um respons\u00e1vel t\u00e9cnico habilitado pelo Crea-PB), mas o manuseio e descarte inapropriados dos produtos qu\u00edmicos utilizados para combater pragas nas planta\u00e7\u00f5es.<\/p>\n<p>Durante a vistoria de um dos plantios, o fiscal identificou ainda exist\u00eancia de carregamento de mudas, importadas de Pernambuco. Na ocasi\u00e3o, foram lavrados os documentos de fiscaliza\u00e7\u00e3o pelo Projeto e Execu\u00e7\u00e3o para implanta\u00e7\u00e3o dessas mudas, tendo em vista que foram produzidas em outro estado.<\/p>\n<figure id=\"attachment_14876\" aria-describedby=\"caption-attachment-14876\" style=\"width: 300px\" class=\"wp-caption alignright\"><img decoding=\"async\" class=\"wp-image-14876 size-medium\" src=\"https:\/\/creapb.org.br\/site\/wp-content\/uploads\/2018\/01\/26803213_1720171398004564_1960064629_n-1-300x169.jpg\" alt=\"\" width=\"300\" height=\"169\" srcset=\"https:\/\/creapb.org.br\/site\/wp-content\/uploads\/2018\/01\/26803213_1720171398004564_1960064629_n-1-300x169.jpg 300w, https:\/\/creapb.org.br\/site\/wp-content\/uploads\/2018\/01\/26803213_1720171398004564_1960064629_n-1-768x432.jpg 768w, https:\/\/creapb.org.br\/site\/wp-content\/uploads\/2018\/01\/26803213_1720171398004564_1960064629_n-1.jpg 960w\" sizes=\"(max-width: 300px) 100vw, 300px\" \/><figcaption id=\"caption-attachment-14876\" class=\"wp-caption-text\">Embalagens dos agrot\u00f3xicos descartadas inadequadamente<\/figcaption><\/figure>\n<p>A a\u00e7\u00e3o faz parte do planejamento do Prodafisc, projeto de capta\u00e7\u00e3o de recursos do Confea. \u00c9 o que conta o gerente de Fiscaliza\u00e7\u00e3o do Crea, Ant\u00f4nio C\u00e9sar. &#8220;O Prodafisc tem intensificado a fiscaliza\u00e7\u00e3o nas diversas modalidades, principalmente na \u00e1rea do uso indiscriminado dos produtos agrot\u00f3xicos, tanto na comercializa\u00e7\u00e3o como na aplica\u00e7\u00e3o em Zona Rural, lavouras tempor\u00e1rias e permanentes afirma&#8221;, o coordenador do Programa.<\/p>\n<p>Sobre o manuseio o descarte indevido dos agrot\u00f3xicos,\u00a0o engenheiro ambiental Juan \u00c9bano refor\u00e7a que \u00e9 inadmiss\u00edvel ainda esse tipo de conduta, por parte de produtores, &#8220;pois coloca em risco toda a sociedade, contribuindo com uma poss\u00edvel inseguran\u00e7a alimentar. Por mais que o objetivo desses produtos seja de preservar a a\u00e7\u00e3o danosa de seres vivos considerados nocivos, sejam eles:\u00a0<strong>pesticidas, inseticidas ou fungicidas,<\/strong>\u00a0o acompanhamento do profissional habilitado \u00e9 extremamente importante, com a emiss\u00e3o do receitu\u00e1rio agron\u00f4mico e o acompanhamento em estruturar e implementar um sistema de log\u00edstica reversa com o retorno das embalagens ap\u00f3s o uso pelo consumidor, conforme a legisla\u00e7\u00e3o vigente Lei 12.305\/2010&#8243;, alerta Juan, sub gerente de Fiscaliza\u00e7\u00e3o do Conselho.<\/p>\n<p>&nbsp;<\/p>\n","protected":false},"excerpt":{"rendered":"<p>Na \u00faltima semana, a fiscaliza\u00e7\u00e3o do Crea-PB na inspetoria de Patos percorreu os munic\u00edpios de\u00a0Assun\u00e7\u00e3o, Livramento, Tapero\u00e1 e Desterro para uma for\u00e7a-tarefa em v\u00e1rios setores da \u00e1rea tecnol\u00f3gica. O Agente Fiscal Jos\u00e9 Emidio vistoriou\u00a0constru\u00e7\u00f5es civis p\u00fablicas e privadas, servi\u00e7os de limpeza urbana e poda, de instala\u00e7\u00e3o\/manuten\u00e7\u00e3o de ar condicionado, de equipamentos odonto-m\u00e9dico hospitalares, estrutura de eventos, dedetiza\u00e7\u00e3o e perfura\u00e7\u00e3o de po\u00e7os.\u00a0Na \u00e1rea agron\u00f4mica, chamou a aten\u00e7\u00e3o da fiscaliza\u00e7\u00e3o o uso e descarte inadequado de agrot\u00f3xicos em plantios de tomate. De acordo com Jos\u00e9 Emidio, foram fiscalizados 64 hectares da cultura ao todo, nos quais foi identificado, n\u00e3o apenas a falta [&hellip;]<\/p>\n","protected":false},"author":2,"featured_media":14876,"comment_status":"open","ping_status":"open","sticky":false,"template":"","format":"standard","meta":{"_acf_changed":false,"footnotes":""},"categories":[9],"tags":[],"class_list":["post-14874","post","type-post","status-publish","format-standard","has-post-thumbnail","hentry","category-noticias"],"acf":[],"_links":{"self":[{"href":"https:\/\/creapb.org.br\/site\/wp-json\/wp\/v2\/posts\/14874","targetHints":{"allow":["GET"]}}],"collection":[{"href":"https:\/\/creapb.org.br\/site\/wp-json\/wp\/v2\/posts"}],"about":[{"href":"https:\/\/creapb.org.br\/site\/wp-json\/wp\/v2\/types\/post"}],"author":[{"embeddable":true,"href":"https:\/\/creapb.org.br\/site\/wp-json\/wp\/v2\/users\/2"}],"replies":[{"embeddable":true,"href":"https:\/\/creapb.org.br\/site\/wp-json\/wp\/v2\/comments?post=14874"}],"version-history":[{"count":1,"href":"https:\/\/creapb.org.br\/site\/wp-json\/wp\/v2\/posts\/14874\/revisions"}],"predecessor-version":[{"id":14878,"href":"https:\/\/creapb.org.br\/site\/wp-json\/wp\/v2\/posts\/14874\/revisions\/14878"}],"wp:featuredmedia":[{"embeddable":true,"href":"https:\/\/creapb.org.br\/site\/wp-json\/wp\/v2\/media\/14876"}],"wp:attachment":[{"href":"https:\/\/creapb.org.br\/site\/wp-json\/wp\/v2\/media?parent=14874"}],"wp:term":[{"taxonomy":"category","embeddable":true,"href":"https:\/\/creapb.org.br\/site\/wp-json\/wp\/v2\/categories?post=14874"},{"taxonomy":"post_tag","embeddable":true,"href":"https:\/\/creapb.org.br\/site\/wp-json\/wp\/v2\/tags?post=14874"}],"curies":[{"name":"wp","href":"https:\/\/api.w.org\/{rel}","templated":true}]}}