{"id":14893,"date":"2018-01-19T12:01:05","date_gmt":"2018-01-19T15:01:05","guid":{"rendered":"http:\/\/creapb.org.br\/?p=14893"},"modified":"2018-01-19T12:01:05","modified_gmt":"2018-01-19T15:01:05","slug":"engenheiro-civil-joel-kruger-e-o-novo-presidente-do-confea","status":"publish","type":"post","link":"https:\/\/creapb.org.br\/site\/engenheiro-civil-joel-kruger-e-o-novo-presidente-do-confea\/","title":{"rendered":"Engenheiro civil Joel Kr\u00fcger \u00e9 o novo presidente do Confea"},"content":{"rendered":"<div><strong><em>Professor universit\u00e1rio, ex-presidente do Crea-PR e ex-secret\u00e1rio municipal de Tr\u00e2nsito de Curitiba, Kr\u00fcger assume mandato 2018-2020<\/em><\/strong><\/p>\n<p>Olhares voltados para o sistema profissional, para a sociedade e para o corpo funcional, \u00a0caminhando juntos para alcan\u00e7ar os interesses maiores da sociedade brasileira. \u201cInteresses relacionados \u00e0 melhoria da qualidade de vida de toda a popula\u00e7\u00e3o por meio da Engenharia, da Agronomia e das Geoci\u00eancias\u201d.\u00a0 Estas s\u00e3o as linhas de a\u00e7\u00e3o do novo presidente eleito do Conselho Federal de Engenharia e Agronomia (Confea), engenheiro civil Joel Kr\u00fcger.<\/p>\n<p>\u201cPrecisamos estar no centro das grandes discuss\u00f5es da Engenharia, da Agronomia e das Geoci\u00eancias, em torno das grandes quest\u00f5es do desenvolvimento nacional, quest\u00f5es de pol\u00edticas p\u00fablicas, de soberania nacional, discutindo a nossa infraestrutura, as nossas cidades, o meio ambiente, a energia, o petr\u00f3leo, enfim, os grandes temas nacionais em torno dos quais o nosso sistema profissional precisa estar unido para debater\u201d, diz, em rela\u00e7\u00e3o ao envolvimento do Sistema Confea\/Crea e M\u00fatua com a sociedade.<\/p>\n<p>Nascido em Curitiba, em 5 de maio de 1961, Joel Kr\u00fcger \u00e9 graduado em Engenharia Civil pela Universidade Federal do Paran\u00e1 (1985). Alguns anos antes, havia conclu\u00eddo o curso de T\u00e9cnico em Edifica\u00e7\u00f5es pela Escola T\u00e9cnica Federal do Paran\u00e1. \u00c9 especialista em Gest\u00e3o T\u00e9cnica do Meio Urbano pelo conv\u00eanio Universit\u00e9 de Technologie de Compiegne (Fran\u00e7a) e Pontif\u00edcia Universidade Cat\u00f3lica do Paran\u00e1 (PUC-PR), pela qual tamb\u00e9m \u00e9 Especialista em Did\u00e1tica no Ensino Superior e Mestre em Educa\u00e7\u00e3o, al\u00e9m de professor licenciado do Curso de Engenharia Civil. Foi presidente da Associa\u00e7\u00e3o dos Professores da PUC-PR, de 1998 a 2000, de 2000 a 2002 e de 2006 a 2008. Consultor na \u00e1rea de transportes com experi\u00eancia na Prefeitura de Curitiba, desde 1985, foi secret\u00e1rio municipal de Tr\u00e2nsito em 2013.<\/p>\n<p>O compromisso com a sociedade se integra aos apresentados durante sua campanha, entre eles, respeitar e fortalecer as a\u00e7\u00f5es do Plen\u00e1rio e das Comiss\u00f5es Regimentais do Confea, fomentando o alinhamento dos normativos legais \u00e0s expectativas e necessidades das profiss\u00f5es e dos profissionais; atuar com equidade, harmonia e respeito no relacionamento com os Creas; defender a soberania, o capital tecnol\u00f3gico e as empresas nacionais, posicionando publicamente o entendimento do Confea em rela\u00e7\u00e3o a temas nacionais e internacionais que envolvem as engenharias, a agronomia, as geoci\u00eancias e as profiss\u00f5es tecnol\u00f3gicas e t\u00e9cnicas.<br \/>\nO segundo olhar \u00e9 em rela\u00e7\u00e3o ao sistema de articula\u00e7\u00e3o dos \u00f3rg\u00e3os colegiados do Sistema, \u00f3rg\u00e3os colegiados: plen\u00e1rio Federal, Col\u00e9gio de Presidentes, Col\u00e9gio de Entidades Nacionais e Coordenadorias de C\u00e2maras Nacionais. \u201cPrecisamos fazer uma grande articula\u00e7\u00e3o para n\u00e3o s\u00f3 resolver as nossas quest\u00f5es internas, mas tamb\u00e9m olhar para o interesse maior do povo brasileiro. Dentro disso, temos que\u00a0<span id=\"OBJ_PREFIX_DWT315_com_zimbra_date\" class=\"Object\">ter<\/span>\u00a0um trabalho muito forte com os nossos profissionais, que s\u00e3o a base do nosso Sistema, mas tamb\u00e9m precisamos\u00a0<span id=\"OBJ_PREFIX_DWT316_com_zimbra_date\" class=\"Object\">ter<\/span>\u00a0um trabalho intenso com as nossas empresas de Engenharia. Ent\u00e3o, precisamos de um olhar mais hol\u00edstico dessas quest\u00f5es\u201d.<\/p>\n<p>No Sistema Confea\/Crea, presidiu a Comiss\u00e3o de Acessibilidade do Crea-PR, de 2008 a 2010; foi coordenador do Congresso Estadual de Profissionais \u2013 CEP, em 2010; conselheiro do Crea PR nos per\u00edodos 1999-2001 (suplente), 2005-2007 (titular) e 2008-2010 (titular); diretor-tesoureiro do Crea-PR, de 2006 a 2010 e presidente do Crea-PR, em mandatos consecutivos desde 2012.\u00a0 \u00c9 associado ao Instituto de Engenharia do Paran\u00e1, desde 1986; Sindicato dos Engenheiros do Estado do Paran\u00e1, desde 1985; Associa\u00e7\u00e3o Brasileira dos Engenheiros Civis \u2013 Se\u00e7\u00e3o Paran\u00e1 \u2013 ABENC\/PR, desde 2011; M\u00fatua \u2013 Caixa de Assist\u00eancia dos Profissionais do Crea-PR, desde 1986, e da Associa\u00e7\u00e3o Brasileira de Ensino de Engenharia \u2013 ABENGE, desde 2007.<br \/>\nKr\u00fcger pretende ainda voltar-se para a gest\u00e3o interna do Conselho e das suas rela\u00e7\u00f5es administrativas e normativas com os Conselhos Regionais. \u201cTemos programas importantes, como o Prodesu, que precisamos fazer uma grande discuss\u00e3o; quest\u00f5es da \u00e1rea de inform\u00e1tica, onde pretendemos formatar um programa de tecnologia da informa\u00e7\u00e3o para o Sistema como um todo e discutir um plano diretor de tecnologia de informa\u00e7\u00e3o para o Confea e outras quest\u00f5es que precisamos discutir com o nosso corpo funcional, sempre tendo um olhar de respeito, de profissionalismo e de efic\u00e1cia com o nosso corpo funcional que \u00e9 extremamente competente\u201d.<\/p>\n<p><em><strong>Equipe de Comunica\u00e7\u00e3o do Confea<\/strong><\/em><\/div>\n<p>&nbsp;<\/p>\n","protected":false},"excerpt":{"rendered":"<p>Professor universit\u00e1rio, ex-presidente do Crea-PR e ex-secret\u00e1rio municipal de Tr\u00e2nsito de Curitiba, Kr\u00fcger assume mandato 2018-2020 Olhares voltados para o sistema profissional, para a sociedade e para o corpo funcional, \u00a0caminhando juntos para alcan\u00e7ar os interesses maiores da sociedade brasileira. \u201cInteresses relacionados \u00e0 melhoria da qualidade de vida de toda a popula\u00e7\u00e3o por meio da Engenharia, da Agronomia e das Geoci\u00eancias\u201d.\u00a0 Estas s\u00e3o as linhas de a\u00e7\u00e3o do novo presidente eleito do Conselho Federal de Engenharia e Agronomia (Confea), engenheiro civil Joel Kr\u00fcger. \u201cPrecisamos estar no centro das grandes discuss\u00f5es da Engenharia, da Agronomia e das Geoci\u00eancias, em torno das [&hellip;]<\/p>\n","protected":false},"author":2,"featured_media":14894,"comment_status":"open","ping_status":"open","sticky":false,"template":"","format":"standard","meta":{"_acf_changed":false,"footnotes":""},"categories":[9],"tags":[],"class_list":["post-14893","post","type-post","status-publish","format-standard","has-post-thumbnail","hentry","category-noticias"],"acf":[],"_links":{"self":[{"href":"https:\/\/creapb.org.br\/site\/wp-json\/wp\/v2\/posts\/14893","targetHints":{"allow":["GET"]}}],"collection":[{"href":"https:\/\/creapb.org.br\/site\/wp-json\/wp\/v2\/posts"}],"about":[{"href":"https:\/\/creapb.org.br\/site\/wp-json\/wp\/v2\/types\/post"}],"author":[{"embeddable":true,"href":"https:\/\/creapb.org.br\/site\/wp-json\/wp\/v2\/users\/2"}],"replies":[{"embeddable":true,"href":"https:\/\/creapb.org.br\/site\/wp-json\/wp\/v2\/comments?post=14893"}],"version-history":[{"count":1,"href":"https:\/\/creapb.org.br\/site\/wp-json\/wp\/v2\/posts\/14893\/revisions"}],"predecessor-version":[{"id":14895,"href":"https:\/\/creapb.org.br\/site\/wp-json\/wp\/v2\/posts\/14893\/revisions\/14895"}],"wp:featuredmedia":[{"embeddable":true,"href":"https:\/\/creapb.org.br\/site\/wp-json\/wp\/v2\/media\/14894"}],"wp:attachment":[{"href":"https:\/\/creapb.org.br\/site\/wp-json\/wp\/v2\/media?parent=14893"}],"wp:term":[{"taxonomy":"category","embeddable":true,"href":"https:\/\/creapb.org.br\/site\/wp-json\/wp\/v2\/categories?post=14893"},{"taxonomy":"post_tag","embeddable":true,"href":"https:\/\/creapb.org.br\/site\/wp-json\/wp\/v2\/tags?post=14893"}],"curies":[{"name":"wp","href":"https:\/\/api.w.org\/{rel}","templated":true}]}}