{"id":14955,"date":"2018-02-09T12:19:56","date_gmt":"2018-02-09T15:19:56","guid":{"rendered":"http:\/\/creapb.org.br\/?p=14955"},"modified":"2019-01-28T15:35:39","modified_gmt":"2019-01-28T18:35:39","slug":"primeira-plenaria-de-2018-tem-posse-de-novos-conselheiros-e-eleicao-da-diretoria","status":"publish","type":"post","link":"https:\/\/creapb.org.br\/site\/primeira-plenaria-de-2018-tem-posse-de-novos-conselheiros-e-eleicao-da-diretoria\/","title":{"rendered":"Primeira Plen\u00e1ria de 2018 tem posse de novos conselheiros e elei\u00e7\u00e3o da Diretoria"},"content":{"rendered":"<p><img fetchpriority=\"high\" decoding=\"async\" class=\"aligncenter wp-image-14981\" src=\"https:\/\/creapb.org.br\/site\/wp-content\/uploads\/2018\/02\/IMG_5794ll-1024x683.jpg\" alt=\"\" width=\"400\" height=\"267\" srcset=\"https:\/\/creapb.org.br\/site\/wp-content\/uploads\/2018\/02\/IMG_5794ll-1024x683.jpg 1024w, https:\/\/creapb.org.br\/site\/wp-content\/uploads\/2018\/02\/IMG_5794ll-300x200.jpg 300w, https:\/\/creapb.org.br\/site\/wp-content\/uploads\/2018\/02\/IMG_5794ll-768x512.jpg 768w\" sizes=\"(max-width: 400px) 100vw, 400px\" \/><\/p>\n<p>Na noite desta quinta-feira (8), ocorreu, na sede do Crea-PB, a primeira Sess\u00e3o Plen\u00e1ria de 2018. A reuni\u00e3o d\u00e1 in\u00edcio aos trabalhos do Plen\u00e1rio, que se re\u00fane mensalmente, e \u00e9 composto pelo presidente do Regional, Antonio Carlos de Arag\u00e3o, e mais 43 conselheiros regionais. Os conselheiros s\u00e3o representantes das entidades e das institui\u00e7\u00f5es de ensino cadastradas no Crea-PB.<\/p>\n<figure id=\"attachment_14978\" aria-describedby=\"caption-attachment-14978\" style=\"width: 400px\" class=\"wp-caption aligncenter\"><img decoding=\"async\" class=\"wp-image-14978\" src=\"https:\/\/creapb.org.br\/site\/wp-content\/uploads\/2018\/02\/IMG_5872-1024x683.jpg\" alt=\"\" width=\"400\" height=\"267\" srcset=\"https:\/\/creapb.org.br\/site\/wp-content\/uploads\/2018\/02\/IMG_5872-1024x683.jpg 1024w, https:\/\/creapb.org.br\/site\/wp-content\/uploads\/2018\/02\/IMG_5872-300x200.jpg 300w, https:\/\/creapb.org.br\/site\/wp-content\/uploads\/2018\/02\/IMG_5872-768x512.jpg 768w\" sizes=\"(max-width: 400px) 100vw, 400px\" \/><figcaption id=\"caption-attachment-14978\" class=\"wp-caption-text\">O engenheiro Fabiano Lucena Bezerra assume seu mandato como conselheiro titular do Crea-PB<\/figcaption><\/figure>\n<p>O Plen\u00e1rio do Crea-PB, \u00f3rg\u00e3o colegiado decis\u00f3rio da estrutura b\u00e1sica, tem por finalidade decidir os assuntos relacionados \u00e0s compet\u00eancias do Regional, constituindo a segunda inst\u00e2ncia de julgamento no \u00e2mbito de sua jurisdi\u00e7\u00e3o, ressalvado o caso de foro privilegiado. Anualmente, um ter\u00e7o do colegiado \u00e9 renovado. Foi o que aconteceu nesta quinta, quando tomaram posse 14 novos conselheiros.<\/p>\n<figure id=\"attachment_14977\" aria-describedby=\"caption-attachment-14977\" style=\"width: 400px\" class=\"wp-caption aligncenter\"><img decoding=\"async\" class=\"wp-image-14977\" src=\"https:\/\/creapb.org.br\/site\/wp-content\/uploads\/2018\/02\/IMG_5845-1024x683.jpg\" alt=\"\" width=\"400\" height=\"267\" srcset=\"https:\/\/creapb.org.br\/site\/wp-content\/uploads\/2018\/02\/IMG_5845-1024x683.jpg 1024w, https:\/\/creapb.org.br\/site\/wp-content\/uploads\/2018\/02\/IMG_5845-300x200.jpg 300w, https:\/\/creapb.org.br\/site\/wp-content\/uploads\/2018\/02\/IMG_5845-768x512.jpg 768w\" sizes=\"(max-width: 400px) 100vw, 400px\" \/><figcaption id=\"caption-attachment-14977\" class=\"wp-caption-text\">Cl\u00e9cio do Nascimento assina o Termo de Posse como conselheiro suplente<\/figcaption><\/figure>\n<p>Na ocasi\u00e3o, tamb\u00e9m foi eleita a Dire\u00e7\u00e3o do Crea-PB para o ano de 2018. Foram referendados os nomes do engenheiro civil Jo\u00e3o Paulo Neto como 1\u00ba vice-presidente, do engenheiro Orlando Gomes como 2\u00ba vice-presidente, da Tecn\u00f3loga em Constru\u00e7\u00e3o Civil Evelynne Lima como 1\u00aa secret\u00e1ria e da engenheira ambiental Alynne Pontes como 2\u00aa secret\u00e1ria. O engenheiro de Minas Renan Azevedo assume a 1\u00aa Tesouraria e o engenheiro agr\u00f4nomo Roberto Wagner Raposo a 2\u00aa Tesouraria.<\/p>\n<p>&nbsp;<\/p>\n<p><a href=\"https:\/\/www.facebook.com\/creapb\/videos\/\">CLIQUE AQUI PARA ASSISTIR A TRANSMISS\u00c3O AO VIVO DA PLEN\u00c1RIA<\/a><\/p>\n<p>&nbsp;<\/p>\n<p><em>Grazielle Uch\u00f4a\/ Assessoria de Comunica\u00e7\u00e3o do Crea-PB<\/em><\/p>\n","protected":false},"excerpt":{"rendered":"<p>Na noite desta quinta-feira (8), ocorreu, na sede do Crea-PB, a primeira Sess\u00e3o Plen\u00e1ria de 2018. A reuni\u00e3o d\u00e1 in\u00edcio aos trabalhos do Plen\u00e1rio, que se re\u00fane mensalmente, e \u00e9 composto pelo presidente do Regional, Antonio Carlos de Arag\u00e3o, e mais 43 conselheiros regionais. Os conselheiros s\u00e3o representantes das entidades e das institui\u00e7\u00f5es de ensino cadastradas no Crea-PB. O Plen\u00e1rio do Crea-PB, \u00f3rg\u00e3o colegiado decis\u00f3rio da estrutura b\u00e1sica, tem por finalidade decidir os assuntos relacionados \u00e0s compet\u00eancias do Regional, constituindo a segunda inst\u00e2ncia de julgamento no \u00e2mbito de sua jurisdi\u00e7\u00e3o, ressalvado o caso de foro privilegiado. Anualmente, um ter\u00e7o do [&hellip;]<\/p>\n","protected":false},"author":2,"featured_media":14979,"comment_status":"open","ping_status":"open","sticky":false,"template":"","format":"standard","meta":{"_acf_changed":false,"footnotes":""},"categories":[9],"tags":[],"class_list":["post-14955","post","type-post","status-publish","format-standard","has-post-thumbnail","hentry","category-noticias"],"acf":[],"_links":{"self":[{"href":"https:\/\/creapb.org.br\/site\/wp-json\/wp\/v2\/posts\/14955","targetHints":{"allow":["GET"]}}],"collection":[{"href":"https:\/\/creapb.org.br\/site\/wp-json\/wp\/v2\/posts"}],"about":[{"href":"https:\/\/creapb.org.br\/site\/wp-json\/wp\/v2\/types\/post"}],"author":[{"embeddable":true,"href":"https:\/\/creapb.org.br\/site\/wp-json\/wp\/v2\/users\/2"}],"replies":[{"embeddable":true,"href":"https:\/\/creapb.org.br\/site\/wp-json\/wp\/v2\/comments?post=14955"}],"version-history":[{"count":6,"href":"https:\/\/creapb.org.br\/site\/wp-json\/wp\/v2\/posts\/14955\/revisions"}],"predecessor-version":[{"id":15833,"href":"https:\/\/creapb.org.br\/site\/wp-json\/wp\/v2\/posts\/14955\/revisions\/15833"}],"wp:featuredmedia":[{"embeddable":true,"href":"https:\/\/creapb.org.br\/site\/wp-json\/wp\/v2\/media\/14979"}],"wp:attachment":[{"href":"https:\/\/creapb.org.br\/site\/wp-json\/wp\/v2\/media?parent=14955"}],"wp:term":[{"taxonomy":"category","embeddable":true,"href":"https:\/\/creapb.org.br\/site\/wp-json\/wp\/v2\/categories?post=14955"},{"taxonomy":"post_tag","embeddable":true,"href":"https:\/\/creapb.org.br\/site\/wp-json\/wp\/v2\/tags?post=14955"}],"curies":[{"name":"wp","href":"https:\/\/api.w.org\/{rel}","templated":true}]}}