{"id":14985,"date":"2018-02-25T23:30:29","date_gmt":"2018-02-26T02:30:29","guid":{"rendered":"http:\/\/creapb.org.br\/?p=14985"},"modified":"2018-02-25T23:30:29","modified_gmt":"2018-02-26T02:30:29","slug":"governo-lanca-concurso-de-ideias-e-tecnologias-para-uso-na-habitacao-popular","status":"publish","type":"post","link":"https:\/\/creapb.org.br\/site\/governo-lanca-concurso-de-ideias-e-tecnologias-para-uso-na-habitacao-popular\/","title":{"rendered":"Governo lan\u00e7a concurso de ideias e tecnologias para uso na habita\u00e7\u00e3o popular"},"content":{"rendered":"<p>O Governo do Estado, por meio da Companhia Estadual de Habita\u00e7\u00e3o Popular (Cehap), vai realizar, no per\u00edodo de 25 a 27 de agosto, no Centro de Conven\u00e7\u00f5es de Jo\u00e3o Pessoa, a Expohab Para\u00edba, que tem o objetivo de estimular o desenvolvimento de ideias que incentivem o uso racional dos recursos naturais e provocar a aplica\u00e7\u00e3o dessas novas tecnologias nas habita\u00e7\u00f5es de interesse social constru\u00eddas na Para\u00edba. Para isso, lan\u00e7ou o Concurso de Ideias e Tecnologias Conscientes para Habita\u00e7\u00e3o Popular, que receber\u00e1 propostas at\u00e9 o dia 12 de agosto.<\/p>\n<p>O Governo do Estado, por meio da Companhia Estadual de Habita\u00e7\u00e3o Popular (Cehap), vai realizar, no per\u00edodo de 25 a 27 de agosto, no Centro de Conven\u00e7\u00f5es de Jo\u00e3o Pessoa, a Expohab Para\u00edba, que tem o objetivo de estimular o desenvolvimento de ideias que incentivem o uso racional dos recursos naturais e provocar a aplica\u00e7\u00e3o dessas novas tecnologias nas habita\u00e7\u00f5es de interesse social constru\u00eddas na Para\u00edba. Para isso, lan\u00e7ou o Concurso de Ideias e Tecnologias Conscientes para Habita\u00e7\u00e3o Popular, que receber\u00e1 propostas at\u00e9 o dia 12 de agosto.<\/p>\n<p>Em sua primeira edi\u00e7\u00e3o, a Expohab ser\u00e1 realizada como parte da Expotec, evento que re\u00fane empresas de base tecnol\u00f3gica, institui\u00e7\u00f5es de ensino e \u00f3rg\u00e3os governamentais com o intuito de tra\u00e7ar as melhores estrat\u00e9gias de est\u00edmulo \u00e0 inova\u00e7\u00e3o.<\/p>\n<p><strong>Concurso \u2013\u00a0<\/strong>Durante a Expohab Para\u00edba ser\u00e3o apresentadas as melhores propostas escolhidas no Concurso de Ideias e Tecnologias Conscientes para Habita\u00e7\u00e3o Popular. Poder\u00e3o participar do concurso estudantes de todos os n\u00edveis, pesquisadores, profissionais independentes e inventores de todo o pa\u00eds.<\/p>\n<p>Os interessados ter\u00e3o at\u00e9 o dia 12 de agosto para inscrever os projetos, que ser\u00e3o analisados por uma comiss\u00e3o formada por membros da Cehap.Os projetos inscritos dever\u00e3o estar em acordo com os aspectos abordados no Manual de Constru\u00e7\u00e3o Consciente, nas \u00e1reas de Urbanismo, Edifica\u00e7\u00e3o, Energia e \u00c1gua e Esgoto.<\/p>\n<p>As ideias selecionadas e expostas durante a Expohab Para\u00edba ser\u00e3o novamente avaliadas por uma segunda comiss\u00e3o, formada por membros da Cehap, IFPB, Crea e Sinduscon. Os que se destacarem em suas categorias ser\u00e3o premiados com valores que podem chegar at\u00e9 R$10.000,00.<\/p>\n<p><strong>Realiza\u00e7\u00e3o \u2013\u00a0<\/strong>Para participar, basta acessar o site\u00a0<a href=\"http:\/\/www.expotec.org.br\/\">www.expotec.org.br<\/a>\u00a0e clicar na aba com o nome\u00a0<strong>Expohab<\/strong>. Neste endere\u00e7o eletr\u00f4nico estar\u00e1 dispon\u00edvel o edital, o formul\u00e1rio de inscri\u00e7\u00e3o, o Manual Constru\u00e7\u00e3o Consciente e todas as informa\u00e7\u00f5es detalhadas sobre o evento.<\/p>\n<p>Os interessados ainda poder\u00e3o ler e obter o texto integral do regulamento e todas as informa\u00e7\u00f5es sobre os pr\u00eamios na sede da Cehap, na avenida Hilton Souto Maior, 3059 \u2013 Mangabeira \u2013 Jo\u00e3o Pessoa, de segunda a sexta-feira, das 8h \u00e0s 12h e das 13h30 \u00e0s 16h30, ou pelo telefone (83) 3213-9195 no mesmo hor\u00e1rio.<\/p>\n<p>&nbsp;<\/p>\n<p><em>Fonte: Governo do Estado<\/em><\/p>\n","protected":false},"excerpt":{"rendered":"<p>O Governo do Estado, por meio da Companhia Estadual de Habita\u00e7\u00e3o Popular (Cehap), vai realizar, no per\u00edodo de 25 a 27 de agosto, no Centro de Conven\u00e7\u00f5es de Jo\u00e3o Pessoa, a Expohab Para\u00edba, que tem o objetivo de estimular o desenvolvimento de ideias que incentivem o uso racional dos recursos naturais e provocar a aplica\u00e7\u00e3o dessas novas tecnologias nas habita\u00e7\u00f5es de interesse social constru\u00eddas na Para\u00edba. Para isso, lan\u00e7ou o Concurso de Ideias e Tecnologias Conscientes para Habita\u00e7\u00e3o Popular, que receber\u00e1 propostas at\u00e9 o dia 12 de agosto. O Governo do Estado, por meio da Companhia Estadual de Habita\u00e7\u00e3o Popular [&hellip;]<\/p>\n","protected":false},"author":2,"featured_media":14987,"comment_status":"open","ping_status":"open","sticky":false,"template":"","format":"standard","meta":{"_acf_changed":false,"footnotes":""},"categories":[9],"tags":[],"class_list":["post-14985","post","type-post","status-publish","format-standard","has-post-thumbnail","hentry","category-noticias"],"acf":[],"_links":{"self":[{"href":"https:\/\/creapb.org.br\/site\/wp-json\/wp\/v2\/posts\/14985","targetHints":{"allow":["GET"]}}],"collection":[{"href":"https:\/\/creapb.org.br\/site\/wp-json\/wp\/v2\/posts"}],"about":[{"href":"https:\/\/creapb.org.br\/site\/wp-json\/wp\/v2\/types\/post"}],"author":[{"embeddable":true,"href":"https:\/\/creapb.org.br\/site\/wp-json\/wp\/v2\/users\/2"}],"replies":[{"embeddable":true,"href":"https:\/\/creapb.org.br\/site\/wp-json\/wp\/v2\/comments?post=14985"}],"version-history":[{"count":1,"href":"https:\/\/creapb.org.br\/site\/wp-json\/wp\/v2\/posts\/14985\/revisions"}],"predecessor-version":[{"id":14988,"href":"https:\/\/creapb.org.br\/site\/wp-json\/wp\/v2\/posts\/14985\/revisions\/14988"}],"wp:featuredmedia":[{"embeddable":true,"href":"https:\/\/creapb.org.br\/site\/wp-json\/wp\/v2\/media\/14987"}],"wp:attachment":[{"href":"https:\/\/creapb.org.br\/site\/wp-json\/wp\/v2\/media?parent=14985"}],"wp:term":[{"taxonomy":"category","embeddable":true,"href":"https:\/\/creapb.org.br\/site\/wp-json\/wp\/v2\/categories?post=14985"},{"taxonomy":"post_tag","embeddable":true,"href":"https:\/\/creapb.org.br\/site\/wp-json\/wp\/v2\/tags?post=14985"}],"curies":[{"name":"wp","href":"https:\/\/api.w.org\/{rel}","templated":true}]}}