{"id":14990,"date":"2018-02-25T23:44:28","date_gmt":"2018-02-26T02:44:28","guid":{"rendered":"http:\/\/creapb.org.br\/?p=14990"},"modified":"2018-02-25T23:44:28","modified_gmt":"2018-02-26T02:44:28","slug":"aragao-assume-coordenacao-adjunta-do-colegio-de-presidentes-do-nordeste","status":"publish","type":"post","link":"https:\/\/creapb.org.br\/site\/aragao-assume-coordenacao-adjunta-do-colegio-de-presidentes-do-nordeste\/","title":{"rendered":"Arag\u00e3o assume coordena\u00e7\u00e3o adjunta do Col\u00e9gio de Presidentes do Nordeste"},"content":{"rendered":"<figure id=\"attachment_14992\" aria-describedby=\"caption-attachment-14992\" style=\"width: 500px\" class=\"wp-caption alignright\"><img fetchpriority=\"high\" decoding=\"async\" class=\"wp-image-14992\" src=\"https:\/\/creapb.org.br\/site\/wp-content\/uploads\/2018\/02\/28238924_1763446723706523_375020270190658702_o-1024x684.jpg\" alt=\"\" width=\"500\" height=\"334\" srcset=\"https:\/\/creapb.org.br\/site\/wp-content\/uploads\/2018\/02\/28238924_1763446723706523_375020270190658702_o-1024x684.jpg 1024w, https:\/\/creapb.org.br\/site\/wp-content\/uploads\/2018\/02\/28238924_1763446723706523_375020270190658702_o-300x201.jpg 300w, https:\/\/creapb.org.br\/site\/wp-content\/uploads\/2018\/02\/28238924_1763446723706523_375020270190658702_o-768x513.jpg 768w, https:\/\/creapb.org.br\/site\/wp-content\/uploads\/2018\/02\/28238924_1763446723706523_375020270190658702_o.jpg 1122w\" sizes=\"(max-width: 500px) 100vw, 500px\" \/><figcaption id=\"caption-attachment-14992\" class=\"wp-caption-text\">Arag\u00e3o ao lado do presidente do Confea, Joel Kruger<\/figcaption><\/figure>\n<p>O presidente do Conselho Regional de Engenharia e Agronomia da Para\u00edba, engenheiro civil Antonio Carlos de Arag\u00e3o, foi eleito coordenador adjunto do Col\u00e9gio de Presidentes dos Creas do Nordeste para o exerc\u00edcio de 2018 no VII Encontro de L\u00edderes Representantes, promovido pelo Confea.\u00a0 A coordena\u00e7\u00e3o ser\u00e1 do presidente do Crea-BA, o tamb\u00e9m engenheiro civil\u00a0Lu\u00eds Edmundo Prado de Campos.\u00a0Em 2017, o colegiado foi conduzido pelo ent\u00e3o presidente do Crea-RN, engenheiro eletricista Modesto Ferreira dos Santos.<\/p>\n<p>O Col\u00e9gio de Presidentes dos Creas do Nordeste \u00e9 um f\u00f3rum consultivo do Sistema Confea\/Crea e M\u00fatua, e seu objetivo \u00e9 buscar a unidade e uniformidade dos procedimentos, visando a melhor qualidade do servi\u00e7o prestado para a sociedade.<\/p>\n<p><strong>F\u00f3runs consultivos\u00a0 \u2013<\/strong>\u00a0Durante o Encontro de Lideran\u00e7as, tamb\u00e9m foram escolhidos os nomes dos titulares e adjuntos do Col\u00e9gio de Presidentes (CP), do Col\u00e9gio de Entidades Nacionais (Cden) e das C\u00e2maras Especializadas do Sistema Confea\/Crea (Engenharia Civil, Florestal, El\u00e9trica, Industrial, Agronomia, Agrimensura, Geologia e Minas, Seguran\u00e7a do Trabalho e \u00c9tica). Eles foram definidos na quarta-feira (21\/2), primeiro dia do VII Encontro de L\u00edderes Representantes do Sistema Confea\/Crea e M\u00fatua, realizado em Bras\u00edlia. At\u00e9 sexta-feira (23), os f\u00f3runs decidem tamb\u00e9m o calend\u00e1rio de reuni\u00f5es e o plano de trabalho para este ano. O conselheiro do Crea-PB,\u00a0Eng. de Minas Ant\u00f4nio Pedro Ferreira Sousa, assume a coordena\u00e7\u00e3o adjunta da C\u00e2mara de Geologia e Minas.<\/p>\n<p>Conhe\u00e7a os novos coordenadores que assumem o mandato 2018:<\/p>\n<p><b>Col\u00e9gio de Presidentes (CP)<\/b><\/p>\n<p>Coordenador: Eng. Agr. Francisco Ant\u00f4nio Silva de Almeida (Crea-GO)<\/p>\n<p>Coordenador adjunto: Eng. Agr. Ar\u00edcio Resende Silva (Crea-SE)<\/p>\n<div><\/div>\n<p><b>Col\u00e9gio de Entidades Nacionais (Cden)<\/b><\/p>\n<p>Coordenador: Eng. Civ. Wilson Lang (Ibape)<\/p>\n<p>Coordenador adjunto: Eng. Civ. Vanderli Fava de Oliveira (Abenge)<\/p>\n<div><\/div>\n<p>&nbsp;<\/p>\n<p><b>C\u00e2maras Especializadas do Sistema Confea\/Crea\u00a0<\/b><\/p>\n<p>&nbsp;<\/p>\n<p><b>Agrimensura (CCEAGRI)<\/b><\/p>\n<p>Coordenador: Joseval Costa Carqueija (Crea-BA)<\/p>\n<p>Coordenador adjunto: Roberto Bruno Moreira Rebou\u00e7as (Crea-CE)<\/p>\n<p>&nbsp;<\/p>\n<p><b>Agronomia (CCEAGRO)\u00a0<\/b><\/p>\n<p>Coordenador: Kl\u00e9ber Souza dos Santos (Crea-DF)<\/p>\n<p>Coordenador adjunto: Cid Tacaoca Muraishi (Crea-TO)<\/p>\n<p>&nbsp;<\/p>\n<p><b>Engenharia Civil (CCEEC)<\/b><\/p>\n<p>Coordenador: Carlos Eduardo Domingues e Silva (Crea-PA)<\/p>\n<p>Coordenador adjunto: Jorge Luiz Muniz de Mattos (Crea-RJ)<\/p>\n<p>&nbsp;<\/p>\n<p><b>Engenharia El\u00e9trica (CCEEE)<\/b><\/p>\n<p>Coordenador: Jovanilson Faleiro de Freitas (Crea-GO)<\/p>\n<p>Coordenador adjunto: Cristina de Abreu Silveira (Crea-BA)<\/p>\n<p>&nbsp;<\/p>\n<p><b>Engenharia Industrial (CCEEI)<\/b><\/p>\n<p>Coordenador: Juarez Costa J\u00fanior (Crea-PA)<\/p>\n<p>Coordenador adjunto: Janu\u00e1rio Garcia (Crea-SP)<\/p>\n<p>&nbsp;<\/p>\n<p><b>Engenharia Qu\u00edmica (CCEEQ)<\/b><\/p>\n<p>Coordenador: Eng. Alim. Marcelo Alexandre Prado (Crea-SP)<\/p>\n<p>Coordenador adjunto: Eng. Plast. Lu\u00eds Sidnei Barbosa Machado (Crea-RS)<\/p>\n<p>&nbsp;<\/p>\n<p><b>Geologia e Minas (CCEGM)<\/b><\/p>\n<p>Coordenador: Geol. Ronaldo Malheiros Figueira (Crea-SP)<\/p>\n<p>Coordenador adjunto: Eng. de Minas Ant\u00f4nio Pedro Ferreira Sousa (Crea-PB)<\/p>\n<p>&nbsp;<\/p>\n<p><b>Seguran\u00e7a do Trabalho (CCEEST)<\/b><\/p>\n<p>Coordenador: Eng. Civ. Luiz Ant\u00f4nio de Melo (Crea-PE)<\/p>\n<p>Coordenador adjunto: Eng. Quim. Luiz Alexandre Mosca Cunha (Crea-RJ)<\/p>\n<p>&nbsp;<\/p>\n<p><b>Engenharia Florestal (CCEEF)<\/b><\/p>\n<p>Coordenador: Jos\u00e9 Roberto da Silva (Crea-PE)<\/p>\n<p>Coordenador adjunto: Rafael de Souza Macedo (Crea-RO)<\/p>\n<p>&nbsp;<\/p>\n<p><b>Comiss\u00f5es de \u00c9tica dos Creas (CNCE)<\/b><\/p>\n<p>Coordenador: Eng. Civ. Marcelo Daniel de Barros Melo (Crea-AL)<\/p>\n<p>Coordenador adjunto: Eng. Civ Manoel Ramos Filho (Crea-BA)<\/p>\n<p>&nbsp;<\/p>\n<p><em>Com informa\u00e7\u00f5es do Confea e Crea-BA<\/em><\/p>\n","protected":false},"excerpt":{"rendered":"<p>O presidente do Conselho Regional de Engenharia e Agronomia da Para\u00edba, engenheiro civil Antonio Carlos de Arag\u00e3o, foi eleito coordenador adjunto do Col\u00e9gio de Presidentes dos Creas do Nordeste para o exerc\u00edcio de 2018 no VII Encontro de L\u00edderes Representantes, promovido pelo Confea.\u00a0 A coordena\u00e7\u00e3o ser\u00e1 do presidente do Crea-BA, o tamb\u00e9m engenheiro civil\u00a0Lu\u00eds Edmundo Prado de Campos.\u00a0Em 2017, o colegiado foi conduzido pelo ent\u00e3o presidente do Crea-RN, engenheiro eletricista Modesto Ferreira dos Santos. O Col\u00e9gio de Presidentes dos Creas do Nordeste \u00e9 um f\u00f3rum consultivo do Sistema Confea\/Crea e M\u00fatua, e seu objetivo \u00e9 buscar a unidade e uniformidade [&hellip;]<\/p>\n","protected":false},"author":2,"featured_media":14992,"comment_status":"open","ping_status":"open","sticky":false,"template":"","format":"standard","meta":{"_acf_changed":false,"footnotes":""},"categories":[9],"tags":[],"class_list":["post-14990","post","type-post","status-publish","format-standard","has-post-thumbnail","hentry","category-noticias"],"acf":[],"_links":{"self":[{"href":"https:\/\/creapb.org.br\/site\/wp-json\/wp\/v2\/posts\/14990","targetHints":{"allow":["GET"]}}],"collection":[{"href":"https:\/\/creapb.org.br\/site\/wp-json\/wp\/v2\/posts"}],"about":[{"href":"https:\/\/creapb.org.br\/site\/wp-json\/wp\/v2\/types\/post"}],"author":[{"embeddable":true,"href":"https:\/\/creapb.org.br\/site\/wp-json\/wp\/v2\/users\/2"}],"replies":[{"embeddable":true,"href":"https:\/\/creapb.org.br\/site\/wp-json\/wp\/v2\/comments?post=14990"}],"version-history":[{"count":3,"href":"https:\/\/creapb.org.br\/site\/wp-json\/wp\/v2\/posts\/14990\/revisions"}],"predecessor-version":[{"id":14994,"href":"https:\/\/creapb.org.br\/site\/wp-json\/wp\/v2\/posts\/14990\/revisions\/14994"}],"wp:featuredmedia":[{"embeddable":true,"href":"https:\/\/creapb.org.br\/site\/wp-json\/wp\/v2\/media\/14992"}],"wp:attachment":[{"href":"https:\/\/creapb.org.br\/site\/wp-json\/wp\/v2\/media?parent=14990"}],"wp:term":[{"taxonomy":"category","embeddable":true,"href":"https:\/\/creapb.org.br\/site\/wp-json\/wp\/v2\/categories?post=14990"},{"taxonomy":"post_tag","embeddable":true,"href":"https:\/\/creapb.org.br\/site\/wp-json\/wp\/v2\/tags?post=14990"}],"curies":[{"name":"wp","href":"https:\/\/api.w.org\/{rel}","templated":true}]}}