{"id":15008,"date":"2018-03-07T07:00:18","date_gmt":"2018-03-07T10:00:18","guid":{"rendered":"http:\/\/creapb.org.br\/?p=15008"},"modified":"2018-03-06T15:48:15","modified_gmt":"2018-03-06T18:48:15","slug":"profissional-escolha-qual-curso-voce-quer-que-o-crea-pb-promova","status":"publish","type":"post","link":"https:\/\/creapb.org.br\/site\/profissional-escolha-qual-curso-voce-quer-que-o-crea-pb-promova\/","title":{"rendered":"Profissional, escolha qual curso voc\u00ea quer que o Crea-PB promova!"},"content":{"rendered":"<p>A Educa\u00e7\u00e3o Continuada dos seus profissionais tem sido uma bandeira do Crea-PB. Nos \u00faltimos 6 anos, foram realizados dezenas de cursos em todo Estado. Em 2018, o Conselho pretende continuar investindo nessa plataforma, buscando viabilizar a realiza\u00e7\u00e3o de cursos\u00a0de curta dura\u00e7\u00e3o (8h, 16h, 20h e 24h) a serem ofertados \u00e0 categoria (total ou parcialmente subsidiados) e distribu\u00eddos pela Para\u00edba, em cronograma posteriormente definido e divulgado.<\/p>\n<p>Para auxiliar o planejamento de uma agenda estrat\u00e9gica eficiente de cursos, o Conselho est\u00e1 divulgando uma enquete, idealizada pelo engenheiro R\u00f4mulo Polari Filho, de consulta aos profissionais e estudantes, de forma a extrair qual a sua atual e real demanda na \u00e1rea de Engenharia Civil. O produto desta consulta ser\u00e1 entregue formalmente \u00e0 atual Presid\u00eancia do CREA-PB, com classifica\u00e7\u00e3o hier\u00e1rquica de demanda. O profissional ou estudante deve escolher 10 entre 60 op\u00e7\u00f5es listadas de tem\u00e1ticas. <a href=\"https:\/\/docs.google.com\/forms\/d\/e\/1FAIpQLSdtga0vdjotOC9DPSBHyOL3XbLxYNH6v2sCxwvmuF9EsRZBbg\/viewform?c=0&amp;w=1\">CLIQUE AQUI PARA ACESSAR A ENQUETE<\/a>.<\/p>\n<p>A consulta ficar\u00e1 dispon\u00edvel at\u00e9 o dia 12 de mar\u00e7o.<\/p>\n<p>&nbsp;<\/p>\n<p>(Formul\u00e1rio desenvolvido pelo Eng. Breno Santos \ud83d\udc4f\ud83d\udc4f)<\/p>\n","protected":false},"excerpt":{"rendered":"<p>A Educa\u00e7\u00e3o Continuada dos seus profissionais tem sido uma bandeira do Crea-PB. Nos \u00faltimos 6 anos, foram realizados dezenas de cursos em todo Estado. Em 2018, o Conselho pretende continuar investindo nessa plataforma, buscando viabilizar a realiza\u00e7\u00e3o de cursos\u00a0de curta dura\u00e7\u00e3o (8h, 16h, 20h e 24h) a serem ofertados \u00e0 categoria (total ou parcialmente subsidiados) e distribu\u00eddos pela Para\u00edba, em cronograma posteriormente definido e divulgado. Para auxiliar o planejamento de uma agenda estrat\u00e9gica eficiente de cursos, o Conselho est\u00e1 divulgando uma enquete, idealizada pelo engenheiro R\u00f4mulo Polari Filho, de consulta aos profissionais e estudantes, de forma a extrair qual a [&hellip;]<\/p>\n","protected":false},"author":2,"featured_media":15015,"comment_status":"open","ping_status":"open","sticky":false,"template":"","format":"standard","meta":{"_acf_changed":false,"footnotes":""},"categories":[9],"tags":[],"class_list":["post-15008","post","type-post","status-publish","format-standard","has-post-thumbnail","hentry","category-noticias"],"acf":[],"_links":{"self":[{"href":"https:\/\/creapb.org.br\/site\/wp-json\/wp\/v2\/posts\/15008","targetHints":{"allow":["GET"]}}],"collection":[{"href":"https:\/\/creapb.org.br\/site\/wp-json\/wp\/v2\/posts"}],"about":[{"href":"https:\/\/creapb.org.br\/site\/wp-json\/wp\/v2\/types\/post"}],"author":[{"embeddable":true,"href":"https:\/\/creapb.org.br\/site\/wp-json\/wp\/v2\/users\/2"}],"replies":[{"embeddable":true,"href":"https:\/\/creapb.org.br\/site\/wp-json\/wp\/v2\/comments?post=15008"}],"version-history":[{"count":3,"href":"https:\/\/creapb.org.br\/site\/wp-json\/wp\/v2\/posts\/15008\/revisions"}],"predecessor-version":[{"id":15017,"href":"https:\/\/creapb.org.br\/site\/wp-json\/wp\/v2\/posts\/15008\/revisions\/15017"}],"wp:featuredmedia":[{"embeddable":true,"href":"https:\/\/creapb.org.br\/site\/wp-json\/wp\/v2\/media\/15015"}],"wp:attachment":[{"href":"https:\/\/creapb.org.br\/site\/wp-json\/wp\/v2\/media?parent=15008"}],"wp:term":[{"taxonomy":"category","embeddable":true,"href":"https:\/\/creapb.org.br\/site\/wp-json\/wp\/v2\/categories?post=15008"},{"taxonomy":"post_tag","embeddable":true,"href":"https:\/\/creapb.org.br\/site\/wp-json\/wp\/v2\/tags?post=15008"}],"curies":[{"name":"wp","href":"https:\/\/api.w.org\/{rel}","templated":true}]}}