{"id":15018,"date":"2018-03-08T12:23:58","date_gmt":"2018-03-08T15:23:58","guid":{"rendered":"http:\/\/creapb.org.br\/?p=15018"},"modified":"2018-03-08T12:23:58","modified_gmt":"2018-03-08T15:23:58","slug":"crea-promove-seminario-para-conselheiros","status":"publish","type":"post","link":"https:\/\/creapb.org.br\/site\/crea-promove-seminario-para-conselheiros\/","title":{"rendered":"Crea promove Semin\u00e1rio para conselheiros"},"content":{"rendered":"<p><img fetchpriority=\"high\" decoding=\"async\" class=\"wp-image-15020 alignright\" src=\"https:\/\/creapb.org.br\/site\/wp-content\/uploads\/2018\/03\/WhatsApp-Image-2018-03-08-at-09.52.54-1024x1024.jpeg\" alt=\"\" width=\"500\" height=\"500\" srcset=\"https:\/\/creapb.org.br\/site\/wp-content\/uploads\/2018\/03\/WhatsApp-Image-2018-03-08-at-09.52.54-1024x1024.jpeg 1024w, https:\/\/creapb.org.br\/site\/wp-content\/uploads\/2018\/03\/WhatsApp-Image-2018-03-08-at-09.52.54-150x150.jpeg 150w, https:\/\/creapb.org.br\/site\/wp-content\/uploads\/2018\/03\/WhatsApp-Image-2018-03-08-at-09.52.54-300x300.jpeg 300w, https:\/\/creapb.org.br\/site\/wp-content\/uploads\/2018\/03\/WhatsApp-Image-2018-03-08-at-09.52.54-768x768.jpeg 768w, https:\/\/creapb.org.br\/site\/wp-content\/uploads\/2018\/03\/WhatsApp-Image-2018-03-08-at-09.52.54-115x115.jpeg 115w, https:\/\/creapb.org.br\/site\/wp-content\/uploads\/2018\/03\/WhatsApp-Image-2018-03-08-at-09.52.54.jpeg 1280w\" sizes=\"(max-width: 500px) 100vw, 500px\" \/><\/p>\n<p>Nesta quinta-feira (8), o Conselho Regional de Engenharia e Agronomia da Para\u00edba (Crea-PB) realizou, na sua sede, em Jo\u00e3o Pessoa, o Semin\u00e1rio para novos conselheiros.\u00a0O evento objetiva dar aos conselheiros do Crea subs\u00eddios para uma atua\u00e7\u00e3o cada vez mais propositiva e eficiente. O presidente do Conselho, Antonio Carlos de Arag\u00e3o, fez a abertura do Semin\u00e1rio apresentando a Estrutura organizacional do Crea-PB e dando as boas vindas aos conselheiros.<\/p>\n<p>A programa\u00e7\u00e3o do evento, que se estender\u00e1 at\u00e9 o fim do dia, teve in\u00edcio com a palestra da auditora do Confea, \u00c1gueda Pires, que fez uma exposi\u00e7\u00e3o sobre a legisla\u00e7\u00e3o e o papel do conselheiro no sistema Confea\/Crea. \u00c1gueda falou sobre a import\u00e2ncia do cargo, tanto para o sistema como para a sociedade. &#8220;Ser conselheiro, representando nossas entidades e institui\u00e7\u00f5es de ensino, \u00e9 uma honra. Voc\u00eas prestam relevante servi\u00e7o \u00e0 na\u00e7\u00e3o&#8221;, enfatizou a engenheira civil.<\/p>\n<p>Em seguida, o assessor jur\u00eddico do Crea, Jardon Maia, apresentou o Regimento Interno e foi prosseguido pelo assessor t\u00e9cnico, Raimundo Nonato, que falou sobre os modelos de pareceres e os principais documentos emitidos pelo Crea, com os quais os conselheiros ter\u00e3o contato no exerc\u00edcio de suas fun\u00e7\u00f5es.<\/p>\n<p>A jornalista Grazielle Uch\u00f4a, assessora de comunica\u00e7\u00e3o do Conselho, fez, em seguida, uma explana\u00e7\u00e3o sobre a import\u00e2ncia da Comunica\u00e7\u00e3o e os procedimentos para divulga\u00e7\u00e3o das a\u00e7\u00f5es. \u00c0 tarde, o presidente, Antonio Carlos de Arag\u00e3o, e o gerente de TI, Josimar Sobrinho, apresentar\u00e3o o Sitac (Sistema Corporativo) e suas funcionalidades aos Conselheiros.<\/p>\n<p>Alm\u00e9ria Carniato, Ouvidora do Crea-PB falar\u00e1 sobre o papel da Ouvidoria e, encerrando a programa\u00e7\u00e3o do semin\u00e1rio, a engenheira civil e conselheira, Suenne Barros, far\u00e1 uma abordagem sobre o empoderamento da mulher.<\/p>\n<p>&nbsp;<\/p>\n<p><em>*Ascom Crea-PB<\/em><\/p>\n","protected":false},"excerpt":{"rendered":"<p>Nesta quinta-feira (8), o Conselho Regional de Engenharia e Agronomia da Para\u00edba (Crea-PB) realizou, na sua sede, em Jo\u00e3o Pessoa, o Semin\u00e1rio para novos conselheiros.\u00a0O evento objetiva dar aos conselheiros do Crea subs\u00eddios para uma atua\u00e7\u00e3o cada vez mais propositiva e eficiente. O presidente do Conselho, Antonio Carlos de Arag\u00e3o, fez a abertura do Semin\u00e1rio apresentando a Estrutura organizacional do Crea-PB e dando as boas vindas aos conselheiros. A programa\u00e7\u00e3o do evento, que se estender\u00e1 at\u00e9 o fim do dia, teve in\u00edcio com a palestra da auditora do Confea, \u00c1gueda Pires, que fez uma exposi\u00e7\u00e3o sobre a legisla\u00e7\u00e3o e o [&hellip;]<\/p>\n","protected":false},"author":2,"featured_media":15020,"comment_status":"open","ping_status":"open","sticky":false,"template":"","format":"standard","meta":{"_acf_changed":false,"footnotes":""},"categories":[9],"tags":[],"class_list":["post-15018","post","type-post","status-publish","format-standard","has-post-thumbnail","hentry","category-noticias"],"acf":[],"_links":{"self":[{"href":"https:\/\/creapb.org.br\/site\/wp-json\/wp\/v2\/posts\/15018","targetHints":{"allow":["GET"]}}],"collection":[{"href":"https:\/\/creapb.org.br\/site\/wp-json\/wp\/v2\/posts"}],"about":[{"href":"https:\/\/creapb.org.br\/site\/wp-json\/wp\/v2\/types\/post"}],"author":[{"embeddable":true,"href":"https:\/\/creapb.org.br\/site\/wp-json\/wp\/v2\/users\/2"}],"replies":[{"embeddable":true,"href":"https:\/\/creapb.org.br\/site\/wp-json\/wp\/v2\/comments?post=15018"}],"version-history":[{"count":2,"href":"https:\/\/creapb.org.br\/site\/wp-json\/wp\/v2\/posts\/15018\/revisions"}],"predecessor-version":[{"id":15022,"href":"https:\/\/creapb.org.br\/site\/wp-json\/wp\/v2\/posts\/15018\/revisions\/15022"}],"wp:featuredmedia":[{"embeddable":true,"href":"https:\/\/creapb.org.br\/site\/wp-json\/wp\/v2\/media\/15020"}],"wp:attachment":[{"href":"https:\/\/creapb.org.br\/site\/wp-json\/wp\/v2\/media?parent=15018"}],"wp:term":[{"taxonomy":"category","embeddable":true,"href":"https:\/\/creapb.org.br\/site\/wp-json\/wp\/v2\/categories?post=15018"},{"taxonomy":"post_tag","embeddable":true,"href":"https:\/\/creapb.org.br\/site\/wp-json\/wp\/v2\/tags?post=15018"}],"curies":[{"name":"wp","href":"https:\/\/api.w.org\/{rel}","templated":true}]}}