{"id":15023,"date":"2018-03-13T16:05:24","date_gmt":"2018-03-13T19:05:24","guid":{"rendered":"http:\/\/creapb.org.br\/?p=15023"},"modified":"2018-03-13T16:05:24","modified_gmt":"2018-03-13T19:05:24","slug":"palestra-sobre-violencia-domestica-marca-plenaria-de-marco","status":"publish","type":"post","link":"https:\/\/creapb.org.br\/site\/palestra-sobre-violencia-domestica-marca-plenaria-de-marco\/","title":{"rendered":"Palestra sobre viol\u00eancia dom\u00e9stica marca Plen\u00e1ria de mar\u00e7o"},"content":{"rendered":"<p>Nesta segunda-feira (12), a reuni\u00e3o Plen\u00e1ria do Crea-PB, al\u00e9m da aprecia\u00e7\u00e3o de processos, foi marcada pela participa\u00e7\u00e3o da delegada Ma\u00edsa F\u00e9lix de Ara\u00fajo, coordenadora das Delegacias Especializadas da Mulher na Para\u00edba (Cordean Estadual), que abordou o tema &#8220;Viol\u00eancia Dom\u00e9stica&#8221;. A palestra proferida aos conselheiros e servidores faz parte da programa\u00e7\u00e3o do Conselho em homenagem ao Dia Internacional da Mulher, celebrado na \u00faltima quinta-feira, 8 de mar\u00e7o.<\/p>\n<p><img fetchpriority=\"high\" decoding=\"async\" class=\"aligncenter wp-image-15026\" src=\"https:\/\/creapb.org.br\/site\/wp-content\/uploads\/2018\/03\/IMG_2122-1024x768.jpg\" alt=\"\" width=\"500\" height=\"375\" srcset=\"https:\/\/creapb.org.br\/site\/wp-content\/uploads\/2018\/03\/IMG_2122-1024x768.jpg 1024w, https:\/\/creapb.org.br\/site\/wp-content\/uploads\/2018\/03\/IMG_2122-300x225.jpg 300w, https:\/\/creapb.org.br\/site\/wp-content\/uploads\/2018\/03\/IMG_2122-768x576.jpg 768w\" sizes=\"(max-width: 500px) 100vw, 500px\" \/><\/p>\n<p>A reuni\u00e3o, que acontece mensalmente na sede do Crea-PB, em Jo\u00e3o Pessoa, foi aberta pelo presidente do Regional, Antonio Carlos de Arag\u00e3o, que coordenou os trabalhos da sess\u00e3o. Em seguida, as delegadas Ma\u00edsa F\u00e9lix e Renata Matias falaram sobre os casos de viol\u00eancia contra a mulher na Para\u00edba e as ferramentas utilizadas para prote\u00e7\u00e3o das v\u00edtimas, como o SOS Mulher e o programa &#8220;Para\u00edba unida pela paz&#8221;.<\/p>\n<p>Ma\u00edsa falou sobre a import\u00e2ncia das lutas feministas para que as mulheres conquistassem direitos, lembrou da coragem da farmac\u00eautica Maria da Penha e destacou como a Lei que empresta o seu nome trouxe maiores possibilidades de ajudar tanto as mulheres, como os agressores. A delegada ressaltou a import\u00e2ncia da den\u00fancia nos casos de viol\u00eancia dom\u00e9stica, atrav\u00e9s do 197, Disque Den\u00fancia da Pol\u00edcia Civil. &#8220;N\u00e3o \u00e9 mais poss\u00edvel pensar que essa viol\u00eancia \u00e9 um segredo de fam\u00edlia, um assunto s\u00f3 deles. Assuntos de fam\u00edlia s\u00e3o outras coisas. A viol\u00eancia \u00e9 um problema de todos n\u00f3s&#8221;, frisou.<\/p>\n<p><img decoding=\"async\" class=\"aligncenter wp-image-15028\" src=\"https:\/\/creapb.org.br\/site\/wp-content\/uploads\/2018\/03\/IMG_2124-1024x768.jpg\" alt=\"\" width=\"500\" height=\"375\" srcset=\"https:\/\/creapb.org.br\/site\/wp-content\/uploads\/2018\/03\/IMG_2124-1024x768.jpg 1024w, https:\/\/creapb.org.br\/site\/wp-content\/uploads\/2018\/03\/IMG_2124-300x225.jpg 300w, https:\/\/creapb.org.br\/site\/wp-content\/uploads\/2018\/03\/IMG_2124-768x576.jpg 768w\" sizes=\"(max-width: 500px) 100vw, 500px\" \/><\/p>\n<p>Ao final do evento, o presidente Arag\u00e3o entregou \u00e0 delegada Ma\u00edsa um certificado de reconhecimento do Crea-PB pela trabalho realizado pela Cordean Estadual. As delegadas presentes, as conselheiras e servidoras do Conselho tamb\u00e9m receberam rosas. &#8220;Este \u00e9 apenas um s\u00edmbolo da nossa admira\u00e7\u00e3o a essas mulheres, que t\u00eam lutado por uma sociedade melhor para homens e mulheres&#8221;, disse Arag\u00e3o.<\/p>\n<p>&nbsp;<\/p>\n","protected":false},"excerpt":{"rendered":"<p>Nesta segunda-feira (12), a reuni\u00e3o Plen\u00e1ria do Crea-PB, al\u00e9m da aprecia\u00e7\u00e3o de processos, foi marcada pela participa\u00e7\u00e3o da delegada Ma\u00edsa F\u00e9lix de Ara\u00fajo, coordenadora das Delegacias Especializadas da Mulher na Para\u00edba (Cordean Estadual), que abordou o tema &#8220;Viol\u00eancia Dom\u00e9stica&#8221;. A palestra proferida aos conselheiros e servidores faz parte da programa\u00e7\u00e3o do Conselho em homenagem ao Dia Internacional da Mulher, celebrado na \u00faltima quinta-feira, 8 de mar\u00e7o. A reuni\u00e3o, que acontece mensalmente na sede do Crea-PB, em Jo\u00e3o Pessoa, foi aberta pelo presidente do Regional, Antonio Carlos de Arag\u00e3o, que coordenou os trabalhos da sess\u00e3o. Em seguida, as delegadas Ma\u00edsa F\u00e9lix [&hellip;]<\/p>\n","protected":false},"author":2,"featured_media":15026,"comment_status":"open","ping_status":"open","sticky":false,"template":"","format":"standard","meta":{"_acf_changed":false,"footnotes":""},"categories":[9],"tags":[],"class_list":["post-15023","post","type-post","status-publish","format-standard","has-post-thumbnail","hentry","category-noticias"],"acf":[],"_links":{"self":[{"href":"https:\/\/creapb.org.br\/site\/wp-json\/wp\/v2\/posts\/15023","targetHints":{"allow":["GET"]}}],"collection":[{"href":"https:\/\/creapb.org.br\/site\/wp-json\/wp\/v2\/posts"}],"about":[{"href":"https:\/\/creapb.org.br\/site\/wp-json\/wp\/v2\/types\/post"}],"author":[{"embeddable":true,"href":"https:\/\/creapb.org.br\/site\/wp-json\/wp\/v2\/users\/2"}],"replies":[{"embeddable":true,"href":"https:\/\/creapb.org.br\/site\/wp-json\/wp\/v2\/comments?post=15023"}],"version-history":[{"count":1,"href":"https:\/\/creapb.org.br\/site\/wp-json\/wp\/v2\/posts\/15023\/revisions"}],"predecessor-version":[{"id":15029,"href":"https:\/\/creapb.org.br\/site\/wp-json\/wp\/v2\/posts\/15023\/revisions\/15029"}],"wp:featuredmedia":[{"embeddable":true,"href":"https:\/\/creapb.org.br\/site\/wp-json\/wp\/v2\/media\/15026"}],"wp:attachment":[{"href":"https:\/\/creapb.org.br\/site\/wp-json\/wp\/v2\/media?parent=15023"}],"wp:term":[{"taxonomy":"category","embeddable":true,"href":"https:\/\/creapb.org.br\/site\/wp-json\/wp\/v2\/categories?post=15023"},{"taxonomy":"post_tag","embeddable":true,"href":"https:\/\/creapb.org.br\/site\/wp-json\/wp\/v2\/tags?post=15023"}],"curies":[{"name":"wp","href":"https:\/\/api.w.org\/{rel}","templated":true}]}}