{"id":15044,"date":"2018-03-23T14:20:11","date_gmt":"2018-03-23T17:20:11","guid":{"rendered":"http:\/\/creapb.org.br\/?p=15044"},"modified":"2018-03-23T14:20:11","modified_gmt":"2018-03-23T17:20:11","slug":"crea-pb-lanca-marca-em-comemoracao-aos-seus-50-anos","status":"publish","type":"post","link":"https:\/\/creapb.org.br\/site\/crea-pb-lanca-marca-em-comemoracao-aos-seus-50-anos\/","title":{"rendered":"Crea-PB lan\u00e7a marca em comemora\u00e7\u00e3o aos seus 50 anos"},"content":{"rendered":"<p><img fetchpriority=\"high\" decoding=\"async\" class=\"aligncenter size-large wp-image-15047\" src=\"https:\/\/creapb.org.br\/site\/wp-content\/uploads\/2018\/03\/WhatsApp-Image-2018-03-23-at-13.31.29-1024x390.jpeg\" alt=\"\" width=\"1024\" height=\"390\" srcset=\"https:\/\/creapb.org.br\/site\/wp-content\/uploads\/2018\/03\/WhatsApp-Image-2018-03-23-at-13.31.29-1024x390.jpeg 1024w, https:\/\/creapb.org.br\/site\/wp-content\/uploads\/2018\/03\/WhatsApp-Image-2018-03-23-at-13.31.29-300x114.jpeg 300w, https:\/\/creapb.org.br\/site\/wp-content\/uploads\/2018\/03\/WhatsApp-Image-2018-03-23-at-13.31.29-768x292.jpeg 768w, https:\/\/creapb.org.br\/site\/wp-content\/uploads\/2018\/03\/WhatsApp-Image-2018-03-23-at-13.31.29.jpeg 1280w\" sizes=\"(max-width: 1024px) 100vw, 1024px\" \/><\/p>\n<p>Nesta sexta-feira (23), o Conselho Regional de Engenharia e Agronomia da Para\u00edba (Crea-PB) comemora seus 50 anos de exist\u00eancia. Para marcar o anivers\u00e1rio de cinco d\u00e9cadas, a entidade lan\u00e7a hoje uma marca comemorativa, que ser\u00e1 utilizada em todos os seus canais de comunica\u00e7\u00e3o.<\/p>\n<p>A marca, desenvolvida pela equipe da Ag\u00eancia Mayday, sintetiza em seu conceito a tradi\u00e7\u00e3o do posicionamento atuante do Crea-PB, junto \u00e0 vis\u00e3o do desenvolvimento, transforma\u00e7\u00e3o e movimento, inseridos no contexto da \u00e1rea tecnol\u00f3gica. O selo comemorativo faz refer\u00eancia a uma linha do tempo, formando o s\u00edmbolo do Conselho e harmoniosamente aplicado em uma paleta de cor dourada, alus\u00e3o ao per\u00edodo de ouro (cinquenta anos, bodas de ouro no pensamento coletivo), tamb\u00e9m homenageando a todos que fizeram e fazem a hist\u00f3ria do Regional.<\/p>\n<p>Para o presidente do Crea-PB, eng. civil Antonio Carlos de Arag\u00e3o, a cria\u00e7\u00e3o da marca \u00e9 importante porque representa um s\u00edmbolo de identifica\u00e7\u00e3o de valores perante os profissionais e a sociedade. &#8220;Fico feliz em ocupar a Presid\u00eancia neste per\u00edodo importante, em que celebramos a nossa hist\u00f3ria. Se os 50 anos que se passaram merecem ser lembrados, \u00e9 nossa obriga\u00e7\u00e3o fazer com que as pr\u00f3ximas cinco d\u00e9cadas sejam marcadas, cada vez mais, pela efic\u00e1cia e transpar\u00eancia do nosso Conselho&#8221;, acrescenta.<\/p>\n<p>Ele conta que, a partir de hoje, as publica\u00e7\u00f5es nos canais de comunica\u00e7\u00e3o e as correspond\u00eancias oficiais do Crea-PB contar\u00e3o com a marca dos 50 anos e o slogan &#8220;Valorizando nossos profissionais, cuidado da sociedade&#8221;, uma refer\u00eancia aos valores e miss\u00e3o do Conselho, que abrange mais de 300 profiss\u00f5es da \u00e1rea tecnol\u00f3gica.<\/p>\n<p><strong>Hist\u00f3ria<\/strong><\/p>\n<p>Antes denominado Conselho Regional de Engenharia, Arquitetura e Agronomia, o CREA da 16\u00aa regi\u00e3o foi criado em 1967, com sede em Jo\u00e3o Pessoa e jurisdi\u00e7\u00e3o nos Estados da Para\u00edba e Rio Grande do Norte (Resolu\u00e7\u00e3o n\u00ba 165, de 27 de outubro de 1967). Em 23 de mar\u00e7o de 1968 passou a atender exclusivamente o Estado da Para\u00edba e, em 1972, adquiriu sua sede pr\u00f3pria no endere\u00e7o que at\u00e9 hoje est\u00e1 localizado, na Av. Dom Pedro I, centro da capital paraibana. No final de 2011, com a sa\u00edda dos arquitetos para a cria\u00e7\u00e3o do seu pr\u00f3prio Conselho profissional, passou a constituir-se como Conselho Regional de Engenharia e Agronomia do Estado da Para\u00edba. Ao longo de sua hist\u00f3ria, o CREA-PB contou com 12 presidentes e, a partir de 2018, passou a ser presidido pelo engenheiro civil Antonio Carlos de Arag\u00e3o.<\/p>\n<p>&nbsp;<\/p>\n<p><em>*Ascom Crea-PB<\/em><\/p>\n","protected":false},"excerpt":{"rendered":"<p>Nesta sexta-feira (23), o Conselho Regional de Engenharia e Agronomia da Para\u00edba (Crea-PB) comemora seus 50 anos de exist\u00eancia. Para marcar o anivers\u00e1rio de cinco d\u00e9cadas, a entidade lan\u00e7a hoje uma marca comemorativa, que ser\u00e1 utilizada em todos os seus canais de comunica\u00e7\u00e3o. A marca, desenvolvida pela equipe da Ag\u00eancia Mayday, sintetiza em seu conceito a tradi\u00e7\u00e3o do posicionamento atuante do Crea-PB, junto \u00e0 vis\u00e3o do desenvolvimento, transforma\u00e7\u00e3o e movimento, inseridos no contexto da \u00e1rea tecnol\u00f3gica. O selo comemorativo faz refer\u00eancia a uma linha do tempo, formando o s\u00edmbolo do Conselho e harmoniosamente aplicado em uma paleta de cor dourada, [&hellip;]<\/p>\n","protected":false},"author":2,"featured_media":15048,"comment_status":"open","ping_status":"open","sticky":false,"template":"","format":"standard","meta":{"_acf_changed":false,"footnotes":""},"categories":[9],"tags":[],"class_list":["post-15044","post","type-post","status-publish","format-standard","has-post-thumbnail","hentry","category-noticias"],"acf":[],"_links":{"self":[{"href":"https:\/\/creapb.org.br\/site\/wp-json\/wp\/v2\/posts\/15044","targetHints":{"allow":["GET"]}}],"collection":[{"href":"https:\/\/creapb.org.br\/site\/wp-json\/wp\/v2\/posts"}],"about":[{"href":"https:\/\/creapb.org.br\/site\/wp-json\/wp\/v2\/types\/post"}],"author":[{"embeddable":true,"href":"https:\/\/creapb.org.br\/site\/wp-json\/wp\/v2\/users\/2"}],"replies":[{"embeddable":true,"href":"https:\/\/creapb.org.br\/site\/wp-json\/wp\/v2\/comments?post=15044"}],"version-history":[{"count":3,"href":"https:\/\/creapb.org.br\/site\/wp-json\/wp\/v2\/posts\/15044\/revisions"}],"predecessor-version":[{"id":15050,"href":"https:\/\/creapb.org.br\/site\/wp-json\/wp\/v2\/posts\/15044\/revisions\/15050"}],"wp:featuredmedia":[{"embeddable":true,"href":"https:\/\/creapb.org.br\/site\/wp-json\/wp\/v2\/media\/15048"}],"wp:attachment":[{"href":"https:\/\/creapb.org.br\/site\/wp-json\/wp\/v2\/media?parent=15044"}],"wp:term":[{"taxonomy":"category","embeddable":true,"href":"https:\/\/creapb.org.br\/site\/wp-json\/wp\/v2\/categories?post=15044"},{"taxonomy":"post_tag","embeddable":true,"href":"https:\/\/creapb.org.br\/site\/wp-json\/wp\/v2\/tags?post=15044"}],"curies":[{"name":"wp","href":"https:\/\/api.w.org\/{rel}","templated":true}]}}