{"id":15112,"date":"2018-04-16T14:20:10","date_gmt":"2018-04-16T17:20:10","guid":{"rendered":"http:\/\/creapb.org.br\/?p=15112"},"modified":"2018-04-16T14:20:27","modified_gmt":"2018-04-16T17:20:27","slug":"forum-de-presidentes-dos-creas-do-nordeste-debate-conselho-dos-tecnicos","status":"publish","type":"post","link":"https:\/\/creapb.org.br\/site\/forum-de-presidentes-dos-creas-do-nordeste-debate-conselho-dos-tecnicos\/","title":{"rendered":"F\u00f3rum de Presidentes dos Creas do Nordeste debate Conselho dos T\u00e9cnicos"},"content":{"rendered":"<p>Resolu\u00e7\u00e3o de n\u00ba 680\/2017 da Anatel e exig\u00eancias do TCU foram tamb\u00e9m pautas da reuni\u00e3o<\/p>\n<p><img fetchpriority=\"high\" decoding=\"async\" class=\"aligncenter wp-image-15113\" src=\"https:\/\/creapb.org.br\/site\/wp-content\/uploads\/2018\/04\/IMG_7078.jpg\" alt=\"\" width=\"600\" height=\"400\" srcset=\"https:\/\/creapb.org.br\/site\/wp-content\/uploads\/2018\/04\/IMG_7078.jpg 920w, https:\/\/creapb.org.br\/site\/wp-content\/uploads\/2018\/04\/IMG_7078-300x200.jpg 300w, https:\/\/creapb.org.br\/site\/wp-content\/uploads\/2018\/04\/IMG_7078-768x512.jpg 768w\" sizes=\"(max-width: 600px) 100vw, 600px\" \/><\/p>\n<p>A discuss\u00e3o em torno da sa\u00edda dos t\u00e9cnicos do Sistema Confea\/Crea norteou as discuss\u00f5es do F\u00f3rum de Presidentes dos Creas Nordeste, que est\u00e1 sendo realizada durante toda a sexta-feira (13), em Salvador. O evento tem o objetivo de encaminhar propostas para a reuni\u00e3o do Col\u00e9gio de Presidentes, que ocorrer\u00e1 na pr\u00f3xima semana em Macei\u00f3 (AL). Participam do encontro os presidentes dos Creas da Bahia, Alagoas, Sergipe, Para\u00edba, Pernambuco, Rio Grande do Norte, Piau\u00ed, Cear\u00e1 e Maranh\u00e3o. A reuni\u00e3o foi coordenada pelo gestor do Crea-BA, engenheiro civil Lu\u00eds Edmundo Prado de Campos.<\/p>\n<p>A perda de 10% a 15% da receita com a sa\u00edda dos t\u00e9cnicos \u00e9 a nova realidade encarada pelos gestores que foram un\u00e2nimes em afirmar que o momento agora \u00e9 de trabalhar com planejamento, normativos e atos que protejam os profissionais que s\u00e3o acolhidos pelo Sistema Confea\/Crea. \u201cHoje a perda pode ser de 10%, mas n\u00e3o sabemos o que isso representar\u00e1 no futuro. Tudo vai depender das nossas a\u00e7\u00f5es agora. \u00c9 preciso nos prepararmos e sermos acima de tudo coesos\u201d, destacou a presidente do Crea-RN, engenheira civil Ana Adalgisa Dias Paulino.<\/p>\n<p>O comportamento do Conselho Federal, em rela\u00e7\u00e3o a sa\u00edda dos t\u00e9cnicos do Sistema, foi destacado pelo presidente do Crea-PI, engenheiro agr\u00f4nomo Raimundo Ulisses Oliveira Filho. \u201c\u00c9 estranha essa passividade do Confea em uma situa\u00e7\u00e3o como essas. \u00c9 necess\u00e1rio ter agilidade para que n\u00e3o tenhamos mais preju\u00edzos\u201d. O presidente do Crea-CE, engenheiro civil Emanuel Mota, explicou as medidas que o Cear\u00e1 tomou para enfrentar o momento. \u201cEstamos tendo um bom relacionamento com as lideran\u00e7as dos t\u00e9cnicos e solicitamos relat\u00f3rios de todos os setores para ver o que cada um pode fazer para economizar. Estamos ainda investindo em gera\u00e7\u00e3o de energia, por exemplo, para poder gerar uma economia mensal de R$ 20 mil\u201d, comenta.<\/p>\n<p><img decoding=\"async\" class=\"aligncenter wp-image-15114\" src=\"https:\/\/creapb.org.br\/site\/wp-content\/uploads\/2018\/04\/IMG_6973.jpg\" alt=\"\" width=\"600\" height=\"400\" srcset=\"https:\/\/creapb.org.br\/site\/wp-content\/uploads\/2018\/04\/IMG_6973.jpg 920w, https:\/\/creapb.org.br\/site\/wp-content\/uploads\/2018\/04\/IMG_6973-300x200.jpg 300w, https:\/\/creapb.org.br\/site\/wp-content\/uploads\/2018\/04\/IMG_6973-768x512.jpg 768w\" sizes=\"(max-width: 600px) 100vw, 600px\" \/><\/p>\n<p>O presidente do Crea-SE, engenheiro agr\u00f4nomo Ar\u00edcio Resende Silva, afirmou que os gestores n\u00e3o podem se preocupar apenas com a percentagem de perdas, mas trabalhar com outros indicadores. \u201cNo meu estado, percebi por exemplo, um impacto em torno da suspens\u00e3o dos t\u00edtulos de engenheiros civis\u201d, acrescenta.<\/p>\n<p>TCU \u2013 As exig\u00eancias em torno do que \u00e9 cobrado pelo Tribunal de Contas da Uni\u00e3o foi destacado pelo presidente do Crea-BA. Na ocasi\u00e3o, ele partilhou a experi\u00eancia que a Bahia teve com o TCU e aproveitou a oportunidade para lembrar a import\u00e2ncia do Livro de Ordem para combater o acobertamento profissional. \u201cA hora agora \u00e9 de elaborar resolu\u00e7\u00e3o mais clara em rela\u00e7\u00e3o as obras e servi\u00e7os \u00e0s quais efetivamente se aplicar\u00e1 o Livro de Ordem\u201d.<\/p>\n<p>Anatel \u2013 A Resolu\u00e7\u00e3o 680\/2017 da Anatel, que aprova o regulamento sobre equipamentos de radiocomuica\u00e7\u00e3o de radia\u00e7\u00e3o restrita e altera o regulamento dos servi\u00e7os de telecomunica\u00e7\u00f5es, o regulamento de gest\u00e3o da qualidade do servi\u00e7o de comunica\u00e7\u00e3o multim\u00eddia, o regulamento do servi\u00e7o de comunica\u00e7\u00e3o multim\u00eddia e o regulamento do servi\u00e7o limitado privado. A mat\u00e9ria, apresentada pelo presidente do Crea-SE, Ar\u00edcio Resende Silva, dispensa registro de empresas com at\u00e9 5 mil acessos. Como encaminhamento, o f\u00f3rum se posicionou a favor do registro do respons\u00e1vel t\u00e9cnico pelos empreendimentos, independente de resolu\u00e7\u00e3o, e vai solicitar da ag\u00eancia a rela\u00e7\u00e3o das empresas que se enquadram no perfil contemplado pela regulamenta\u00e7\u00e3o.<\/p>\n<p>F\u00f3runs de Conselhos Estaduais \u2013 Foi outro item da pauta da reuni\u00e3o. A experi\u00eancia exitosa do Rio Grande do Norte foi relatada pela gestora. \u201cNesses colegiados \u00e9 poss\u00edvel unir os pontos comuns, promover a\u00e7\u00f5es sociais, rever taxas banc\u00e1rias e fornecedores. \u00c9 interessante que os estados sejam protagonistas desta ideia para o fortalecimento dos conselhos e ordens de fiscaliza\u00e7\u00e3o profissional\u201d, afirma Ana Adalgisa. Os Creas da Bahia e de Pernambuco tamb\u00e9m participam de grupos semelhantes.<\/p>\n<p>&nbsp;<\/p>\n<p><em>Nadja Pacheco<\/em><br \/>\n<em>Fotos: Clara Feliciano<\/em><\/p>\n","protected":false},"excerpt":{"rendered":"<p>Resolu\u00e7\u00e3o de n\u00ba 680\/2017 da Anatel e exig\u00eancias do TCU foram tamb\u00e9m pautas da reuni\u00e3o A discuss\u00e3o em torno da sa\u00edda dos t\u00e9cnicos do Sistema Confea\/Crea norteou as discuss\u00f5es do F\u00f3rum de Presidentes dos Creas Nordeste, que est\u00e1 sendo realizada durante toda a sexta-feira (13), em Salvador. O evento tem o objetivo de encaminhar propostas para a reuni\u00e3o do Col\u00e9gio de Presidentes, que ocorrer\u00e1 na pr\u00f3xima semana em Macei\u00f3 (AL). Participam do encontro os presidentes dos Creas da Bahia, Alagoas, Sergipe, Para\u00edba, Pernambuco, Rio Grande do Norte, Piau\u00ed, Cear\u00e1 e Maranh\u00e3o. A reuni\u00e3o foi coordenada pelo gestor do Crea-BA, engenheiro [&hellip;]<\/p>\n","protected":false},"author":2,"featured_media":15113,"comment_status":"open","ping_status":"open","sticky":false,"template":"","format":"standard","meta":{"_acf_changed":false,"footnotes":""},"categories":[9],"tags":[],"class_list":["post-15112","post","type-post","status-publish","format-standard","has-post-thumbnail","hentry","category-noticias"],"acf":[],"_links":{"self":[{"href":"https:\/\/creapb.org.br\/site\/wp-json\/wp\/v2\/posts\/15112","targetHints":{"allow":["GET"]}}],"collection":[{"href":"https:\/\/creapb.org.br\/site\/wp-json\/wp\/v2\/posts"}],"about":[{"href":"https:\/\/creapb.org.br\/site\/wp-json\/wp\/v2\/types\/post"}],"author":[{"embeddable":true,"href":"https:\/\/creapb.org.br\/site\/wp-json\/wp\/v2\/users\/2"}],"replies":[{"embeddable":true,"href":"https:\/\/creapb.org.br\/site\/wp-json\/wp\/v2\/comments?post=15112"}],"version-history":[{"count":1,"href":"https:\/\/creapb.org.br\/site\/wp-json\/wp\/v2\/posts\/15112\/revisions"}],"predecessor-version":[{"id":15115,"href":"https:\/\/creapb.org.br\/site\/wp-json\/wp\/v2\/posts\/15112\/revisions\/15115"}],"wp:featuredmedia":[{"embeddable":true,"href":"https:\/\/creapb.org.br\/site\/wp-json\/wp\/v2\/media\/15113"}],"wp:attachment":[{"href":"https:\/\/creapb.org.br\/site\/wp-json\/wp\/v2\/media?parent=15112"}],"wp:term":[{"taxonomy":"category","embeddable":true,"href":"https:\/\/creapb.org.br\/site\/wp-json\/wp\/v2\/categories?post=15112"},{"taxonomy":"post_tag","embeddable":true,"href":"https:\/\/creapb.org.br\/site\/wp-json\/wp\/v2\/tags?post=15112"}],"curies":[{"name":"wp","href":"https:\/\/api.w.org\/{rel}","templated":true}]}}