{"id":15151,"date":"2018-05-03T00:37:03","date_gmt":"2018-05-03T03:37:03","guid":{"rendered":"http:\/\/creapb.org.br\/?p=15151"},"modified":"2018-12-19T16:51:25","modified_gmt":"2018-12-19T19:51:25","slug":"em-joao-pessoa-semana-de-etica-reune-mais-de-500-profissionais-e-estudantes","status":"publish","type":"post","link":"https:\/\/creapb.org.br\/site\/em-joao-pessoa-semana-de-etica-reune-mais-de-500-profissionais-e-estudantes\/","title":{"rendered":"Em Jo\u00e3o Pessoa, Semana de \u00c9tica re\u00fane mais de 500 profissionais e estudantes"},"content":{"rendered":"<p><img fetchpriority=\"high\" decoding=\"async\" class=\"wp-image-15155 alignleft\" src=\"https:\/\/creapb.org.br\/site\/wp-content\/uploads\/2018\/05\/IMG_6201-1024x683.jpg\" width=\"400\" height=\"267\" srcset=\"https:\/\/creapb.org.br\/site\/wp-content\/uploads\/2018\/05\/IMG_6201-1024x683.jpg 1024w, https:\/\/creapb.org.br\/site\/wp-content\/uploads\/2018\/05\/IMG_6201-300x200.jpg 300w, https:\/\/creapb.org.br\/site\/wp-content\/uploads\/2018\/05\/IMG_6201-768x512.jpg 768w\" sizes=\"(max-width: 400px) 100vw, 400px\" \/><\/p>\n<p>Nesta quarta-feira (2), a Semana Paraibana de \u00c9tica teve seu pontap\u00e9 inicial com a realiza\u00e7\u00e3o de tr\u00eas eventos em Jo\u00e3o Pessoa. As institui\u00e7\u00f5es de ensino UFPB, Maur\u00edcio de Nassau e Unip\u00ea foram os locais escolhidos para reunir profissionais e estudantes da \u00e1rea tecnol\u00f3gica em torno do debate sobre a cultura \u00e9tica<\/p>\n<p>Pela manh\u00e3, o evento foi realizado na Universidade Federal da Para\u00edba (UFPB) e contou com exposi\u00e7\u00e3o dos engenheiros eletricistas Jo\u00e3o de Deus Barros e Luiz Vallad\u00e3o Ferreira, diretor geral da M\u00fatua\/PB e diretor da Associa\u00e7\u00e3o Brasileira de Engenheiros Eletricistas \u2013 Se\u00e7\u00e3o Para\u00edba, respectivamente. O procurador de Justi\u00e7a Valberto Lira tamb\u00e9m foi um dos painelistas.<\/p>\n<p>\u00c0 tarde, no Unip\u00ea, o presidente do Confea, Joel Kr\u00fcger, ministrou palestra sobre Engenharia e \u00c9tica na Reconstru\u00e7\u00e3o do Brasil. Durante a abertura, ele parabenizou o Crea-PB pela iniciativa em promover um debate amplo sobre o tema. O engenheiro civil lembrou que tanto a \u00e9tica como a corrup\u00e7\u00e3o est\u00e3o presentes no cotidiano particular e profissional de todos. No entanto, destacou a import\u00e2ncia da Engenharia para o desenvolvimento brasileiro e a necessidade de uma atua\u00e7\u00e3o profissional \u00e9tica. \u201cCada a\u00e7\u00e3o nossa tem que ser pensada de maneira \u00e9tica. Quando eu n\u00e3o utilizo a melhor t\u00e9cnica, pensando na acessibilidade, nas condi\u00e7\u00f5es de seguran\u00e7a de trabalho, eu estou faltando com a \u00e9tica profissional. N\u00e3o devemos pensar s\u00f3 no produto das a\u00e7\u00f5es, portanto, mas em todo o processo\u201d, disse Joel Kr\u00fcger.<\/p>\n<p><img decoding=\"async\" class=\"wp-image-15154 alignright\" src=\"https:\/\/creapb.org.br\/site\/wp-content\/uploads\/2018\/05\/P1330256-1024x768.jpg\" width=\"400\" height=\"300\" srcset=\"https:\/\/creapb.org.br\/site\/wp-content\/uploads\/2018\/05\/P1330256-1024x768.jpg 1024w, https:\/\/creapb.org.br\/site\/wp-content\/uploads\/2018\/05\/P1330256-300x225.jpg 300w, https:\/\/creapb.org.br\/site\/wp-content\/uploads\/2018\/05\/P1330256-768x576.jpg 768w\" sizes=\"(max-width: 400px) 100vw, 400px\" \/><\/p>\n<p>O presidente do Crea-PB, Antonio Carlos de Arag\u00e3o, falou sobre o simbolismo em iniciar a Semana na data em que comemora-se o Dia Nacional da \u00c9tica. \u201cNo momento atual do nosso pa\u00eds, discutir essa tem\u00e1tica \u00e9 uma obriga\u00e7\u00e3o da nossa classe profissional\u201d, destacou. Arag\u00e3o deu as boas vindas aos presentes e colocou o Crea-PB \u00e0 disposi\u00e7\u00e3o dos estudantes, maioria do p\u00fablico. \u201cAs portas est\u00e3o abertas, tanto para a institui\u00e7\u00e3o de ensino, como para os futuros profissionais, que podem nos ver como aliados na valoriza\u00e7\u00e3o educacional, profissional, e na defesa da popula\u00e7\u00e3o\u201d, concluiu.<\/p>\n<p>A programa\u00e7\u00e3o da tarde foi finalizada pelo painel \u201c\u00c9tica e Transpar\u00eancia\u201d, que contou com as exposi\u00e7\u00f5es da contadora Maria Elisabete Vila Nova, controladora do Crea-PB, e do procurador de Justi\u00e7a, Leonardo Quintans, representante do FOCCO-F\u00f3rum Paraibano de Combate \u00e0 Corrup\u00e7\u00e3o.<\/p>\n<p>A faculdade Maur\u00edcio Nassau foi palco do \u00faltimo evento da Semana Paraibana de \u00c9tica em Jo\u00e3o Pessoa. Na ocasi\u00e3o, foi destaque o debate da \u00e9tica a partir da interlocu\u00e7\u00e3o entre o Conselho de Engenharia e a Ordem dos Advogados do Brasil. Neste debate, a coordenadora da Comiss\u00e3o de \u00c9tica do Crea-PB, Carmem Eleon\u00f4ra Amorim, e o membro do Tribunal de \u00c9tica da OAB-PB, Carlos Neves.<\/p>\n<p>&nbsp;<\/p>\n<p style=\"text-align: center;\"><a href=\"https:\/\/www.facebook.com\/pg\/creapb\/photos\/?tab=album&amp;album_id=1697133773740787\"><strong>CLIQUE AQUI PARA VER TODAS AS FOTOS DA SEMANA PARAIBANA DE \u00c9TICA\u00a0<\/strong><\/a><\/p>\n<p>&nbsp;<\/p>\n<p><em>*Grazielle Uch\u00f4a\/Ascom Crea-PB<\/em><\/p>\n","protected":false},"excerpt":{"rendered":"<p>Nesta quarta-feira (2), a Semana Paraibana de \u00c9tica teve seu pontap\u00e9 inicial com a realiza\u00e7\u00e3o de tr\u00eas eventos em Jo\u00e3o Pessoa. As institui\u00e7\u00f5es de ensino UFPB, Maur\u00edcio de Nassau e Unip\u00ea foram os locais escolhidos para reunir profissionais e estudantes da \u00e1rea tecnol\u00f3gica em torno do debate sobre a cultura \u00e9tica Pela manh\u00e3, o evento foi realizado na Universidade Federal da Para\u00edba (UFPB) e contou com exposi\u00e7\u00e3o dos engenheiros eletricistas Jo\u00e3o de Deus Barros e Luiz Vallad\u00e3o Ferreira, diretor geral da M\u00fatua\/PB e diretor da Associa\u00e7\u00e3o Brasileira de Engenheiros Eletricistas \u2013 Se\u00e7\u00e3o Para\u00edba, respectivamente. O procurador de Justi\u00e7a Valberto Lira [&hellip;]<\/p>\n","protected":false},"author":2,"featured_media":15152,"comment_status":"open","ping_status":"open","sticky":false,"template":"","format":"standard","meta":{"_acf_changed":false,"footnotes":""},"categories":[9],"tags":[],"class_list":["post-15151","post","type-post","status-publish","format-standard","has-post-thumbnail","hentry","category-noticias"],"acf":[],"_links":{"self":[{"href":"https:\/\/creapb.org.br\/site\/wp-json\/wp\/v2\/posts\/15151","targetHints":{"allow":["GET"]}}],"collection":[{"href":"https:\/\/creapb.org.br\/site\/wp-json\/wp\/v2\/posts"}],"about":[{"href":"https:\/\/creapb.org.br\/site\/wp-json\/wp\/v2\/types\/post"}],"author":[{"embeddable":true,"href":"https:\/\/creapb.org.br\/site\/wp-json\/wp\/v2\/users\/2"}],"replies":[{"embeddable":true,"href":"https:\/\/creapb.org.br\/site\/wp-json\/wp\/v2\/comments?post=15151"}],"version-history":[{"count":4,"href":"https:\/\/creapb.org.br\/site\/wp-json\/wp\/v2\/posts\/15151\/revisions"}],"predecessor-version":[{"id":15755,"href":"https:\/\/creapb.org.br\/site\/wp-json\/wp\/v2\/posts\/15151\/revisions\/15755"}],"wp:featuredmedia":[{"embeddable":true,"href":"https:\/\/creapb.org.br\/site\/wp-json\/wp\/v2\/media\/15152"}],"wp:attachment":[{"href":"https:\/\/creapb.org.br\/site\/wp-json\/wp\/v2\/media?parent=15151"}],"wp:term":[{"taxonomy":"category","embeddable":true,"href":"https:\/\/creapb.org.br\/site\/wp-json\/wp\/v2\/categories?post=15151"},{"taxonomy":"post_tag","embeddable":true,"href":"https:\/\/creapb.org.br\/site\/wp-json\/wp\/v2\/tags?post=15151"}],"curies":[{"name":"wp","href":"https:\/\/api.w.org\/{rel}","templated":true}]}}