{"id":15202,"date":"2018-05-24T11:56:31","date_gmt":"2018-05-24T14:56:31","guid":{"rendered":"http:\/\/creapb.org.br\/?p=15202"},"modified":"2018-05-24T11:56:31","modified_gmt":"2018-05-24T14:56:31","slug":"crea-pb-integra-gt-para-padronizar-procedimentos-de-seguranca-em-industrias","status":"publish","type":"post","link":"https:\/\/creapb.org.br\/site\/crea-pb-integra-gt-para-padronizar-procedimentos-de-seguranca-em-industrias\/","title":{"rendered":"Crea-PB integra GT para padronizar procedimentos de seguran\u00e7a em ind\u00fastrias"},"content":{"rendered":"<p><img fetchpriority=\"high\" decoding=\"async\" class=\"wp-image-15203 alignleft\" src=\"https:\/\/creapb.org.br\/site\/wp-content\/uploads\/2018\/05\/WhatsApp-Image-2018-05-23-at-11.03.47-1024x768.jpeg\" width=\"550\" height=\"413\" srcset=\"https:\/\/creapb.org.br\/site\/wp-content\/uploads\/2018\/05\/WhatsApp-Image-2018-05-23-at-11.03.47-1024x768.jpeg 1024w, https:\/\/creapb.org.br\/site\/wp-content\/uploads\/2018\/05\/WhatsApp-Image-2018-05-23-at-11.03.47-300x225.jpeg 300w, https:\/\/creapb.org.br\/site\/wp-content\/uploads\/2018\/05\/WhatsApp-Image-2018-05-23-at-11.03.47-768x576.jpeg 768w, https:\/\/creapb.org.br\/site\/wp-content\/uploads\/2018\/05\/WhatsApp-Image-2018-05-23-at-11.03.47.jpeg 1280w\" sizes=\"(max-width: 550px) 100vw, 550px\" \/>\u00a0Nesta quarta-feira (23), a Ger\u00eancia de Fiscaliza\u00e7\u00e3o do Crea-PB participou de reuni\u00e3o junto \u00e0 Superintend\u00eancia Regional do Trabalho e Emprego na Para\u00edba e engenheiros de seguran\u00e7a do trabalho de ind\u00fastrias e usinas do Estado. O objetivo foi constituir Grupo de Trabalho para elabora\u00e7\u00e3o de procedimentos operacionais\u00a0de seguran\u00e7a nessas empresas, no que diz respeito \u00e0s m\u00e1quinas e equipamentos, caldeiras, vasos de press\u00e3o, tubula\u00e7\u00f5es e trabalhos com inflam\u00e1veis.<\/p>\n<p>De acordo com o Gerente de Fiscaliza\u00e7\u00e3o do Conselho, Antonio C\u00e9sar, a reuni\u00e3o possibilitou a aproxima\u00e7\u00e3o das empresas com os \u00f3rg\u00e3os, que poder\u00e3o dialogar sobre o atendimento \u00e0s normas. &#8220;Al\u00e9m disso, a parceria entre Crea e SRTE proporcionar\u00e1 uma fiscaliza\u00e7\u00e3o inteligente. A convoca\u00e7\u00e3o dessas empresas foi poss\u00edvel, por exemplo, porque n\u00f3s repassamos para a Superintend\u00eancia uma rela\u00e7\u00e3o de empresas que trabalham hoje com caldeiras, vasos de press\u00e3o, etc.&#8221;, comenta.<\/p>\n<p>Segundo Antonio C\u00e9sar, com o interc\u00e2mbio de informa\u00e7\u00f5es e a atua\u00e7\u00e3o conjunta, tamb\u00e9m ser\u00e1 poss\u00edvel agir de maneira mais efetiva nos casos em que as ind\u00fastrias n\u00e3o estiverem atendendo \u00e0s normas. &#8220;Quando uma caldeira de uma f\u00e1brica em Sousa explodiu, em 2015, deixando mortos e feridos, nossa fiscaliza\u00e7\u00e3o havia estado no local uma semana antes, por\u00e9m n\u00e3o p\u00f4de entrar. Se estiv\u00e9ssemos atuando conjuntamente com o SRTE, talvez aquela trag\u00e9dia n\u00e3o tivesse ocorrido&#8221;, lembra o gerente.<\/p>\n<p>Para Juan \u00c9bano, gerente adjunto de Fiscaliza\u00e7\u00e3o do Crea, essa parceria com o Minist\u00e9rio do Trabalho deve ser fortalecida para benef\u00edcio e seguran\u00e7a de toda popula\u00e7\u00e3o. Ele conta que est\u00e1 sendo elaborado um Termo de Coopera\u00e7\u00e3o, a ser\u00a0ser firmado entre os dois \u00f3rg\u00e3os. &#8220;Ap\u00f3s a assinatura, a SRTE vai ter acesso direto ao nosso sistema corporativo, podendo consultar dados e otimizar a sua fiscaliza\u00e7\u00e3o que, por sua vez, provocar\u00e1 o Crea-PB a agir nos casos de n\u00e3o atendimento \u00e0s normas&#8221;, explica.<\/p>\n<p>Uma nova reuni\u00e3o acontecer\u00e1 no pr\u00f3ximo dia 21 de junho, sob a coordena\u00e7\u00e3o do auditor fiscal da SRTE, coordenador do GT, Ulisses Freitas de Sousa.<\/p>\n<p>&nbsp;<\/p>\n","protected":false},"excerpt":{"rendered":"<p>\u00a0Nesta quarta-feira (23), a Ger\u00eancia de Fiscaliza\u00e7\u00e3o do Crea-PB participou de reuni\u00e3o junto \u00e0 Superintend\u00eancia Regional do Trabalho e Emprego na Para\u00edba e engenheiros de seguran\u00e7a do trabalho de ind\u00fastrias e usinas do Estado. O objetivo foi constituir Grupo de Trabalho para elabora\u00e7\u00e3o de procedimentos operacionais\u00a0de seguran\u00e7a nessas empresas, no que diz respeito \u00e0s m\u00e1quinas e equipamentos, caldeiras, vasos de press\u00e3o, tubula\u00e7\u00f5es e trabalhos com inflam\u00e1veis. De acordo com o Gerente de Fiscaliza\u00e7\u00e3o do Conselho, Antonio C\u00e9sar, a reuni\u00e3o possibilitou a aproxima\u00e7\u00e3o das empresas com os \u00f3rg\u00e3os, que poder\u00e3o dialogar sobre o atendimento \u00e0s normas. &#8220;Al\u00e9m disso, a parceria entre [&hellip;]<\/p>\n","protected":false},"author":2,"featured_media":15203,"comment_status":"open","ping_status":"open","sticky":false,"template":"","format":"standard","meta":{"_acf_changed":false,"footnotes":""},"categories":[9],"tags":[],"class_list":["post-15202","post","type-post","status-publish","format-standard","has-post-thumbnail","hentry","category-noticias"],"acf":[],"_links":{"self":[{"href":"https:\/\/creapb.org.br\/site\/wp-json\/wp\/v2\/posts\/15202","targetHints":{"allow":["GET"]}}],"collection":[{"href":"https:\/\/creapb.org.br\/site\/wp-json\/wp\/v2\/posts"}],"about":[{"href":"https:\/\/creapb.org.br\/site\/wp-json\/wp\/v2\/types\/post"}],"author":[{"embeddable":true,"href":"https:\/\/creapb.org.br\/site\/wp-json\/wp\/v2\/users\/2"}],"replies":[{"embeddable":true,"href":"https:\/\/creapb.org.br\/site\/wp-json\/wp\/v2\/comments?post=15202"}],"version-history":[{"count":3,"href":"https:\/\/creapb.org.br\/site\/wp-json\/wp\/v2\/posts\/15202\/revisions"}],"predecessor-version":[{"id":15206,"href":"https:\/\/creapb.org.br\/site\/wp-json\/wp\/v2\/posts\/15202\/revisions\/15206"}],"wp:featuredmedia":[{"embeddable":true,"href":"https:\/\/creapb.org.br\/site\/wp-json\/wp\/v2\/media\/15203"}],"wp:attachment":[{"href":"https:\/\/creapb.org.br\/site\/wp-json\/wp\/v2\/media?parent=15202"}],"wp:term":[{"taxonomy":"category","embeddable":true,"href":"https:\/\/creapb.org.br\/site\/wp-json\/wp\/v2\/categories?post=15202"},{"taxonomy":"post_tag","embeddable":true,"href":"https:\/\/creapb.org.br\/site\/wp-json\/wp\/v2\/tags?post=15202"}],"curies":[{"name":"wp","href":"https:\/\/api.w.org\/{rel}","templated":true}]}}