{"id":15255,"date":"2018-06-18T13:28:14","date_gmt":"2018-06-18T16:28:14","guid":{"rendered":"http:\/\/creapb.org.br\/?p=15255"},"modified":"2018-06-18T13:29:00","modified_gmt":"2018-06-18T16:29:00","slug":"15255","status":"publish","type":"post","link":"https:\/\/creapb.org.br\/site\/15255\/","title":{"rendered":"75\u00aa SOEA: Prazo de inscri\u00e7\u00f5es com desconto \u00e9 prorrogado at\u00e9 22 de junho"},"content":{"rendered":"<p><img fetchpriority=\"high\" decoding=\"async\" class=\"alignright wp-image-15256\" src=\"https:\/\/creapb.org.br\/site\/wp-content\/uploads\/2018\/06\/Post_inscri\u00e7\u00f5es_prorrogadas.jpg\" width=\"500\" height=\"500\" srcset=\"https:\/\/creapb.org.br\/site\/wp-content\/uploads\/2018\/06\/Post_inscri\u00e7\u00f5es_prorrogadas.jpg 1000w, https:\/\/creapb.org.br\/site\/wp-content\/uploads\/2018\/06\/Post_inscri\u00e7\u00f5es_prorrogadas-150x150.jpg 150w, https:\/\/creapb.org.br\/site\/wp-content\/uploads\/2018\/06\/Post_inscri\u00e7\u00f5es_prorrogadas-300x300.jpg 300w, https:\/\/creapb.org.br\/site\/wp-content\/uploads\/2018\/06\/Post_inscri\u00e7\u00f5es_prorrogadas-768x768.jpg 768w, https:\/\/creapb.org.br\/site\/wp-content\/uploads\/2018\/06\/Post_inscri\u00e7\u00f5es_prorrogadas-115x115.jpg 115w\" sizes=\"(max-width: 500px) 100vw, 500px\" \/><\/p>\n<p>Em decorr\u00eancia de um problema na estrutura de energia da sede do Confea, que impediu o uso do site e caixa postal do Confea, a\u00a0\u00a0Comiss\u00e3o\u00a0\u00a0de Articula\u00e7\u00e3o Institucional do Sistema (Cais), ap\u00f3s solicita\u00e7\u00e3o da Comiss\u00e3o Organizadora Nacional da 75\u00aa SOEA, prop\u00f4s alterar a Decis\u00e3o Plen\u00e1ria 744\/2018 para ampliar o prazo de inscri\u00e7\u00f5es com desconto para a Semana Oficial da Engenharia e da Agronomia (Soea), a ser realizada de 21 a 24 de agosto, em Macei\u00f3 (AL).<\/p>\n<p>Agora, as inscri\u00e7\u00f5es poder\u00e3o ser realizadas at\u00e9 22 de junho com os mesmos valores estabelecidos anteriormente para o dia 15 de junho, enquanto as inscri\u00e7\u00f5es a partir de 23 de junho, pagar\u00e3o os valores mais elevados. Confira abaixo:<\/p>\n<p><strong>At\u00e9 22\/06\/2018 \u2013 sexta-feira:<\/strong><br \/>\n\u2013 Profissionais com registro ou visto do Crea-AL: R$ 350,00;<br \/>\n\u2013 Profissionais com registro ou visto fora de AL: R$ 450,00;<br \/>\n\u2013 Estudantes de cursos de gradua\u00e7\u00e3o em profiss\u00f5es normatizadas e fiscalizados pelo Sistema Confea\/Crea: R$ 200,00;<br \/>\n\u2013 Acompanhantes (necess\u00e1rio indicar o CPF do titular da inscri\u00e7\u00e3o): R$ 200,00 ;<br \/>\n\u2013 Graduados e P\u00f3s-Graduandos que apresentarem trabalhos aprovados no Contecc: R$ 200,00;<br \/>\n\u2013 Outros: R$ 550,00.<\/p>\n<p><strong>A partir de 23\/06\/2018 \u2013 s\u00e1bado:<\/strong><br \/>\n\u2013 Profissionais com registro ou visto do Crea-AL: R$ 450,00;<br \/>\n\u2013 Profissionais com registro ou visto fora de Alagoas: R$ 550,00;<br \/>\n\u2013 Estudantes de cursos de gradua\u00e7\u00e3o em profiss\u00f5es normatizadas e fiscalizadas pelo Sistema Confea\/Crea: R$ 250,00;<br \/>\n\u2013 Acompanhantes (necess\u00e1rio indicar o CPF do titular da inscri\u00e7\u00e3o): R$ 250,00;<br \/>\n\u2013 Graduados e P\u00f3s-Graduandos que apresentarem trabalhos aprovados no Contecc: R$ 250,00;<br \/>\nOutros: R$ 650,00.<\/p>\n<p><a href=\"http:\/\/inscricoes.confea.org.br\/Account\/Register\">INSCRI\u00c7\u00d5ES PARA A SOEA<\/a><\/p>\n<p>&nbsp;<\/p>\n<p><strong>Equipe de Comunica\u00e7\u00e3o do Confea<\/strong><\/p>\n<p>&nbsp;<\/p>\n","protected":false},"excerpt":{"rendered":"<p>Em decorr\u00eancia de um problema na estrutura de energia da sede do Confea, que impediu o uso do site e caixa postal do Confea, a\u00a0\u00a0Comiss\u00e3o\u00a0\u00a0de Articula\u00e7\u00e3o Institucional do Sistema (Cais), ap\u00f3s solicita\u00e7\u00e3o da Comiss\u00e3o Organizadora Nacional da 75\u00aa SOEA, prop\u00f4s alterar a Decis\u00e3o Plen\u00e1ria 744\/2018 para ampliar o prazo de inscri\u00e7\u00f5es com desconto para a Semana Oficial da Engenharia e da Agronomia (Soea), a ser realizada de 21 a 24 de agosto, em Macei\u00f3 (AL). Agora, as inscri\u00e7\u00f5es poder\u00e3o ser realizadas at\u00e9 22 de junho com os mesmos valores estabelecidos anteriormente para o dia 15 de junho, enquanto as inscri\u00e7\u00f5es [&hellip;]<\/p>\n","protected":false},"author":2,"featured_media":15256,"comment_status":"open","ping_status":"open","sticky":false,"template":"","format":"standard","meta":{"_acf_changed":false,"footnotes":""},"categories":[9],"tags":[],"class_list":["post-15255","post","type-post","status-publish","format-standard","has-post-thumbnail","hentry","category-noticias"],"acf":[],"_links":{"self":[{"href":"https:\/\/creapb.org.br\/site\/wp-json\/wp\/v2\/posts\/15255","targetHints":{"allow":["GET"]}}],"collection":[{"href":"https:\/\/creapb.org.br\/site\/wp-json\/wp\/v2\/posts"}],"about":[{"href":"https:\/\/creapb.org.br\/site\/wp-json\/wp\/v2\/types\/post"}],"author":[{"embeddable":true,"href":"https:\/\/creapb.org.br\/site\/wp-json\/wp\/v2\/users\/2"}],"replies":[{"embeddable":true,"href":"https:\/\/creapb.org.br\/site\/wp-json\/wp\/v2\/comments?post=15255"}],"version-history":[{"count":2,"href":"https:\/\/creapb.org.br\/site\/wp-json\/wp\/v2\/posts\/15255\/revisions"}],"predecessor-version":[{"id":15258,"href":"https:\/\/creapb.org.br\/site\/wp-json\/wp\/v2\/posts\/15255\/revisions\/15258"}],"wp:featuredmedia":[{"embeddable":true,"href":"https:\/\/creapb.org.br\/site\/wp-json\/wp\/v2\/media\/15256"}],"wp:attachment":[{"href":"https:\/\/creapb.org.br\/site\/wp-json\/wp\/v2\/media?parent=15255"}],"wp:term":[{"taxonomy":"category","embeddable":true,"href":"https:\/\/creapb.org.br\/site\/wp-json\/wp\/v2\/categories?post=15255"},{"taxonomy":"post_tag","embeddable":true,"href":"https:\/\/creapb.org.br\/site\/wp-json\/wp\/v2\/tags?post=15255"}],"curies":[{"name":"wp","href":"https:\/\/api.w.org\/{rel}","templated":true}]}}