{"id":15259,"date":"2018-06-21T12:44:47","date_gmt":"2018-06-21T15:44:47","guid":{"rendered":"http:\/\/creapb.org.br\/?p=15259"},"modified":"2018-06-21T12:44:47","modified_gmt":"2018-06-21T15:44:47","slug":"horarios-da-copa-veja-como-sera-o-expediente-do-crea-pb-no-jogos-do-brasil","status":"publish","type":"post","link":"https:\/\/creapb.org.br\/site\/horarios-da-copa-veja-como-sera-o-expediente-do-crea-pb-no-jogos-do-brasil\/","title":{"rendered":"Hor\u00e1rios da Copa: Veja como ser\u00e1 o expediente do Crea-PB no jogos do Brasil"},"content":{"rendered":"<p><img fetchpriority=\"high\" decoding=\"async\" class=\"alignright wp-image-15260\" src=\"https:\/\/creapb.org.br\/site\/wp-content\/uploads\/2018\/06\/WhatsApp-Image-2018-06-21-at-12.37.56-1024x1024.jpeg\" width=\"500\" height=\"500\" srcset=\"https:\/\/creapb.org.br\/site\/wp-content\/uploads\/2018\/06\/WhatsApp-Image-2018-06-21-at-12.37.56-1024x1024.jpeg 1024w, https:\/\/creapb.org.br\/site\/wp-content\/uploads\/2018\/06\/WhatsApp-Image-2018-06-21-at-12.37.56-150x150.jpeg 150w, https:\/\/creapb.org.br\/site\/wp-content\/uploads\/2018\/06\/WhatsApp-Image-2018-06-21-at-12.37.56-300x300.jpeg 300w, https:\/\/creapb.org.br\/site\/wp-content\/uploads\/2018\/06\/WhatsApp-Image-2018-06-21-at-12.37.56-768x768.jpeg 768w, https:\/\/creapb.org.br\/site\/wp-content\/uploads\/2018\/06\/WhatsApp-Image-2018-06-21-at-12.37.56-115x115.jpeg 115w, https:\/\/creapb.org.br\/site\/wp-content\/uploads\/2018\/06\/WhatsApp-Image-2018-06-21-at-12.37.56.jpeg 1280w\" sizes=\"(max-width: 500px) 100vw, 500px\" \/><\/p>\n<p>&nbsp;<\/p>\n<p>O\u00a0Conselho Regional de Engenharia e Agronomia da Para\u00edba (CREA-PB)\u00a0informa que trabalhar\u00e1 com expediente flex\u00edvel nos dias de jogos do Brasil na Copa do Mundo da Fifa. O hor\u00e1rio de atendimento ao p\u00fablico ser\u00e1 das 12h \u00e0s 18 horas, nesta sexta-feira (22), quando\u00a0h\u00e1 jogo pela manh\u00e3. E, na pr\u00f3xima quarta-feira (27), quando a partida do Brasil ocorre \u00e0 tarde, o expediente ser\u00e1 das 8h \u00e0s 14 horas.<\/p>\n<p>A Portaria n\u00ba 41\/2018, assinada pelo presidente Antonio Carlos de Arag\u00e3o, se baseia no decreto no ministro do Planejamento, Esteves Colnago, de 04 de junho deste ano. Caso haja altera\u00e7\u00e3o na programa\u00e7\u00e3o dos jogos da sele\u00e7\u00e3o brasileira, durante o campeonato, os hor\u00e1rios poder\u00e3o ser revistos.<\/p>\n<p>&nbsp;<\/p>\n<p><em>Ascom Crea-PB<\/em><\/p>\n","protected":false},"excerpt":{"rendered":"<p>&nbsp; O\u00a0Conselho Regional de Engenharia e Agronomia da Para\u00edba (CREA-PB)\u00a0informa que trabalhar\u00e1 com expediente flex\u00edvel nos dias de jogos do Brasil na Copa do Mundo da Fifa. O hor\u00e1rio de atendimento ao p\u00fablico ser\u00e1 das 12h \u00e0s 18 horas, nesta sexta-feira (22), quando\u00a0h\u00e1 jogo pela manh\u00e3. E, na pr\u00f3xima quarta-feira (27), quando a partida do Brasil ocorre \u00e0 tarde, o expediente ser\u00e1 das 8h \u00e0s 14 horas. A Portaria n\u00ba 41\/2018, assinada pelo presidente Antonio Carlos de Arag\u00e3o, se baseia no decreto no ministro do Planejamento, Esteves Colnago, de 04 de junho deste ano. Caso haja altera\u00e7\u00e3o na programa\u00e7\u00e3o dos [&hellip;]<\/p>\n","protected":false},"author":2,"featured_media":15260,"comment_status":"open","ping_status":"open","sticky":false,"template":"","format":"standard","meta":{"_acf_changed":false,"footnotes":""},"categories":[9],"tags":[],"class_list":["post-15259","post","type-post","status-publish","format-standard","has-post-thumbnail","hentry","category-noticias"],"acf":[],"_links":{"self":[{"href":"https:\/\/creapb.org.br\/site\/wp-json\/wp\/v2\/posts\/15259","targetHints":{"allow":["GET"]}}],"collection":[{"href":"https:\/\/creapb.org.br\/site\/wp-json\/wp\/v2\/posts"}],"about":[{"href":"https:\/\/creapb.org.br\/site\/wp-json\/wp\/v2\/types\/post"}],"author":[{"embeddable":true,"href":"https:\/\/creapb.org.br\/site\/wp-json\/wp\/v2\/users\/2"}],"replies":[{"embeddable":true,"href":"https:\/\/creapb.org.br\/site\/wp-json\/wp\/v2\/comments?post=15259"}],"version-history":[{"count":2,"href":"https:\/\/creapb.org.br\/site\/wp-json\/wp\/v2\/posts\/15259\/revisions"}],"predecessor-version":[{"id":15262,"href":"https:\/\/creapb.org.br\/site\/wp-json\/wp\/v2\/posts\/15259\/revisions\/15262"}],"wp:featuredmedia":[{"embeddable":true,"href":"https:\/\/creapb.org.br\/site\/wp-json\/wp\/v2\/media\/15260"}],"wp:attachment":[{"href":"https:\/\/creapb.org.br\/site\/wp-json\/wp\/v2\/media?parent=15259"}],"wp:term":[{"taxonomy":"category","embeddable":true,"href":"https:\/\/creapb.org.br\/site\/wp-json\/wp\/v2\/categories?post=15259"},{"taxonomy":"post_tag","embeddable":true,"href":"https:\/\/creapb.org.br\/site\/wp-json\/wp\/v2\/tags?post=15259"}],"curies":[{"name":"wp","href":"https:\/\/api.w.org\/{rel}","templated":true}]}}