{"id":15278,"date":"2018-07-05T11:59:09","date_gmt":"2018-07-05T14:59:09","guid":{"rendered":"http:\/\/creapb.org.br\/?p=15278"},"modified":"2018-07-05T17:06:12","modified_gmt":"2018-07-05T20:06:12","slug":"novos-inspetores-do-crea-pb-tomam-posse-nesta-quinta-feira5","status":"publish","type":"post","link":"https:\/\/creapb.org.br\/site\/novos-inspetores-do-crea-pb-tomam-posse-nesta-quinta-feira5\/","title":{"rendered":"Novos inspetores do Crea-PB tomam posse nesta quinta-feira(5)"},"content":{"rendered":"<p><img fetchpriority=\"high\" decoding=\"async\" class=\"alignleft wp-image-15281\" src=\"https:\/\/creapb.org.br\/site\/wp-content\/uploads\/2018\/07\/inspetores-1024x554.jpg\" width=\"600\" height=\"324\" srcset=\"https:\/\/creapb.org.br\/site\/wp-content\/uploads\/2018\/07\/inspetores-1024x554.jpg 1024w, https:\/\/creapb.org.br\/site\/wp-content\/uploads\/2018\/07\/inspetores-300x162.jpg 300w, https:\/\/creapb.org.br\/site\/wp-content\/uploads\/2018\/07\/inspetores-768x415.jpg 768w\" sizes=\"(max-width: 600px) 100vw, 600px\" \/><\/p>\n<p>Nesta quinta-feira (5), os inspetores eleitos no \u00faltimo dia 29 de maio tomaram posse em evento ocorrido na cidade de Pombal, no audit\u00f3rio da UFCG. A posse contou com a presen\u00e7a do prefeito municipal,\u00a0Abmael Lacerda, do diretor do Campus da UFCG em Pombal, eng. agr\u00ba. Anielson dos Santos Souza, do tamb\u00e9m agr\u00f4nomo Jos\u00e9 Geraldo Baracuhy, ex-conselheiro federal e do advogado Alberg de Oliveira Calado, representante da OAB.<\/p>\n<p>Al\u00e9m da posse dos inspetores que assumem para o tri\u00eanio 2018-2020, foram entregues aos inspetores que encerraram seus mandatos em 2017 certificados de honra ao m\u00e9rito pelos relevantes servi\u00e7os prestados \u00e0 na\u00e7\u00e3o e ao sistema Confea\/Crea e M\u00fatua. Em seguida, foi realizada a primeira reuni\u00e3o do Col\u00e9gio de Inspetores sob a nova forma\u00e7\u00e3o, oportunidade na qual foram discutidos planos de a\u00e7\u00e3o e demandas para a gest\u00e3o.<\/p>\n<p>Na ocasi\u00e3o, o presidente do Crea-PB, Antonio Carlos de Arag\u00e3o destacou a import\u00e2ncia de descentralizar as a\u00e7\u00f5es do Conselhos atrav\u00e9s dos inspetores. &#8220;Precisamos ampliar nosso eixo de a\u00e7\u00e3o, democratizando cada vez mais o acesso dos profissionais e empresas ao Crea&#8221;, afirmou. O engenheiro parabenizou os profissionais que assumem as inspetorias e lembrou \u00e1reas estrat\u00e9gicas nas quais eles devem agir em suas jurisdi\u00e7\u00f5es. &#8220;Voc\u00eas conhecem as suas regi\u00f5es mais do que ningu\u00e9m, por isso, \u00e9 preciso que voc\u00eas sejam o elo entre o Crea e os profissionais, trazendo as demandas das localidades. Precisamos agir neste sentido em especial em rela\u00e7\u00e3o \u00e0 quest\u00e3o salarial e \u00e0 agenda de educa\u00e7\u00e3o continuada dos profissionais&#8221;, disse o presidente.<\/p>\n<p><img decoding=\"async\" class=\"alignleft size-medium wp-image-15282\" src=\"https:\/\/creapb.org.br\/site\/wp-content\/uploads\/2018\/07\/P1330471-300x225.jpg\" alt=\"\" width=\"300\" height=\"225\" srcset=\"https:\/\/creapb.org.br\/site\/wp-content\/uploads\/2018\/07\/P1330471-300x225.jpg 300w, https:\/\/creapb.org.br\/site\/wp-content\/uploads\/2018\/07\/P1330471-768x576.jpg 768w, https:\/\/creapb.org.br\/site\/wp-content\/uploads\/2018\/07\/P1330471-1024x768.jpg 1024w\" sizes=\"(max-width: 300px) 100vw, 300px\" \/>Atrav\u00e9s do voto de profissionais aptos,\u00a0foram eleitos 21 inspetores, sendo 7 titulares e os demais adjuntos,\u00a0 que\u00a0assumem\u00a0para o tri\u00eanio 2018-2020\u00a0e desenvolver\u00e3o suas atividades em Guarabira, Itaporanga, Campina Grande, Sousa, Pombal, Patos e Cajazeiras &#8211; cidades onde o Crea tem inspetorias.<\/p>\n<h3>Pombal ter\u00e1 nova inspetoria<\/h3>\n<p>&nbsp;<\/p>\n<p>Com a presen\u00e7a do prefeito da cidade de Pombal, Abmael Lacerda, foi entregue em m\u00e3os, ao presidente do Crea-PB, Antonio Carlos de Arag\u00e3o, documento oficializando a doa\u00e7\u00e3o do terreno no qual ser\u00e1 constru\u00edda a nova sede da inspetoria da cidade. Atrav\u00e9s do PRODESU, o Crea captou recursos do Conselho Federal para constru\u00e7\u00e3o do pr\u00e9dio ainda este ano.<\/p>\n<blockquote>\n<h3 style=\"text-align: center;\"><a href=\"https:\/\/www.facebook.com\/pg\/creapb\/photos\/?tab=album&amp;album_id=1783581501762680\">VEJA AQUI TODAS AS FOTOS DA POSSE<\/a><\/h3>\n<\/blockquote>\n<h1>Os inspetores do Crea-PB<\/h1>\n<blockquote>\n<h3>Inspetoria de Campina Grande<\/h3>\n<\/blockquote>\n<p>Titular: Eng. Agr\u00ba Verneck Abrantes de Sousa<\/p>\n<p>Adjuntos:\u00a0Eng. Agr\u00ba Ewerton de Souza Bronzeado<\/p>\n<p>Eng. Agr\u00ba Antonio Ferreira Filho<\/p>\n<blockquote>\n<h3>Inspetoria de Guarabira<\/h3>\n<\/blockquote>\n<p>Titular:\u00a0Eng. Agr\u00ba Jos\u00e9 Pessoa Filho<\/p>\n<p>Adjuntos: Eng. Civil Danilo Simpl\u00edcio Dantas<\/p>\n<p>Eng. Civil Anderson Oliveira de Sousa<\/p>\n<blockquote>\n<h3>Inspetoria de Patos<\/h3>\n<\/blockquote>\n<p>Titular: Eng. Civil Antonio Alves de Lima J\u00fanior<\/p>\n<p>Adjuntos: Eng. Civil\u00a0D\u00e1rio de Medeiros Morais<\/p>\n<p>Eng. Civil Adriano de Souto Gomes<\/p>\n<blockquote>\n<h3>Inspetoria de Pombal<\/h3>\n<\/blockquote>\n<p>Titular: Eng. Agr\u00ba Felemon Benigno de Ara\u00fajo Filho<\/p>\n<p>Adjuntos:\u00a0Eng. Civil Raimundo Queiroga Neto<\/p>\n<p>Eng. Mec. Nildo Freitas Dantas<\/p>\n<blockquote>\n<h3>Inspetoria de Sousa<\/h3>\n<\/blockquote>\n<p>Titular:\u00a0Eng. Agr\u00ba Guilherme S\u00e1 Abrantes de Sena<\/p>\n<p>Adjuntos:\u00a0Eng. Civil Julimar Ces\u00e1rio Batista<\/p>\n<p>Eng. Civil Breno Augusto Rodrigues Soares<\/p>\n<blockquote>\n<h3>Inspetoria de Itaporanga<\/h3>\n<\/blockquote>\n<p>Titular: Eng. Civil Wendeyson Gomes Ferreiras<\/p>\n<p>Adjuntos:\u00a0Eng. Civil\u00a0Hilton Nobre Xavier<\/p>\n<p>Eng. Civil\u00a0Domingos Marques Neto<\/p>\n<blockquote>\n<h3>Inspetoria de\u00a0Cajazeiras<\/h3>\n<\/blockquote>\n<p>Titular: Eng. Civil\u00a0Jonatas Jos\u00e9 Moreira Pessoa<\/p>\n<p>Adjuntos:\u00a0Eng. Civil\u00a0Jo\u00e3o Paulo Oliveira de Albuquerque<\/p>\n<p>Eng.\u00a0Mec. Diego Oliveira de Albuquerque<\/p>\n<h2>Fun\u00e7\u00e3o<\/h2>\n<p>O Inspetor \u00e9 o profissional volunt\u00e1rio designado pelo Crea para, junto \u00e0 sua comunidade, melhorar a efici\u00eancia da a\u00e7\u00e3o fiscal, em defesa do exerc\u00edcio profissional e da sociedade. \u00c9 um delegado corporativo que dever\u00e1 estar atento \u00e0s necessidades, anseios e pr\u00e1ticas do seu ambiente social de atua\u00e7\u00e3o. O Inspetor ser\u00e1 um observador de seus pares na conduta \u00e9tica e na atua\u00e7\u00e3o administrativa. Tem o papel de atuar no Sistema Confea\/Crea, para sua comunidade e \u00f3rg\u00e3os que representa, segundo as pol\u00edticas e programas da Presid\u00eancia, do Conselho e das C\u00e2maras Especializadas.<\/p>\n<h2>Atribui\u00e7\u00f5es<\/h2>\n<ul>\n<li>Representar o presidente do Crea quando designado<\/li>\n<li>Divulgar a legisla\u00e7\u00e3o e o C\u00f3digo de \u00c9tica<\/li>\n<li>Cumprir e fazer cumprir as normas legais e administrativas<\/li>\n<li>Colaborar com as C\u00e2maras Especializadas em suas atividades<\/li>\n<li>Colaborar na elabora\u00e7\u00e3o, desdobramento e execu\u00e7\u00e3o do plano de fiscaliza\u00e7\u00e3o<\/li>\n<li>Dar ci\u00eancia \u00e0 Diretoria de qualquer fato ou acontecimento que julgar de interesse do Crea e dos profissionais, ocorridas em sua jurisdi\u00e7\u00e3o.<\/li>\n<\/ul>\n<h2>Compet\u00eancias<\/h2>\n<p>O Inspetor, no exerc\u00edcio de suas fun\u00e7\u00f5es, vincula-se de uma forma ou de outra, com todas as inst\u00e2ncias e organismos gestores do sistema profissional. Sua posi\u00e7\u00e3o geral \u00e9 de portador da miss\u00e3o e de articulador das a\u00e7\u00f5es do Crea com a sua comunidade profissional e com a sociedade civil na qual se insere. O Conselheiro v\u00ea sua miss\u00e3o complementada pelo trabalho do Inspetor. A harmonia de a\u00e7\u00f5es entre Conselheiro e Inspetor \u00e9 fulcral para a efic\u00e1cia dos resultados da miss\u00e3o do Crea. \u00c9 uma via de m\u00e3o dupla entre o Crea e a sociedade.<\/p>\n<h2>Responsabilidades<\/h2>\n<p>&nbsp;<\/p>\n<h3>O que se espera do Inspetor<\/h3>\n<ul>\n<li>Dedica\u00e7\u00e3o \u00e0s causas profissionais.<\/li>\n<li>Produ\u00e7\u00e3o de resultados para o desenvolvimento de sua profiss\u00e3o.<\/li>\n<li>Empenho na defesa da sociedade.<\/li>\n<li>Participa\u00e7\u00e3o colaborativa nas tarefas do Crea.<\/li>\n<li>Cumprimento formal, material e de prazos em suas tarefas.<\/li>\n<li>Liberdade de consci\u00eancia nas suas posi\u00e7\u00f5es<\/li>\n<li>Tratamento igualit\u00e1rio com seus colegas, representados e funcion\u00e1rios do Conselho.<\/li>\n<li>Respeito a pontos de vistas divergentes.<\/li>\n<li>Plenitude na postura e observ\u00e2ncia de conduta \u00e9ticas.<\/li>\n<\/ul>\n<h3>O que n\u00e3o se deseja do Inspetor<\/h3>\n<ul>\n<li>Busca da satisfa\u00e7\u00e3o de interesses pessoais.<\/li>\n<li>Ostenta\u00e7\u00e3o do cargo como s\u00edmbolo de status.<\/li>\n<li>Uso da fun\u00e7\u00e3o para a promo\u00e7\u00e3o pessoal.<\/li>\n<li>Abuso dos privil\u00e9gios da fun\u00e7\u00e3o<\/li>\n<li>Utiliza\u00e7\u00e3o da estrutura do Crea para realiza\u00e7\u00e3o de neg\u00f3cios particulares.<\/li>\n<li>Uso das prerrogativas do cargo para prejudicar ou favorecer terceiros.<\/li>\n<\/ul>\n<h2>Deveres<\/h2>\n<ul>\n<li>Contatar permanentemente o Conselho, a este devendo se reportar e com este dialogar periodicamente, participando das reuni\u00f5es de Governan\u00e7a Cooperativa.<\/li>\n<li>Ter a conduta correta e pr\u00f3-ativa a fim de ser fundamento balizador ante os colegas.<\/li>\n<li>Apoiar a fiscaliza\u00e7\u00e3o do Crea como um todo reportando ao Conselho a vis\u00e3o local sobre o exerc\u00edcio profissional.<\/li>\n<li>Comprometer-se com a profiss\u00e3o e com cada um de seus profissionais e com sua comunidade.<\/li>\n<li>Representar, em delega\u00e7\u00e3o, a Presid\u00eancia do Conselho nas Entidades de Classe e organiza\u00e7\u00f5es da sociedade civil as quais s\u00e3o a base corporativa do sistema profissional.<\/li>\n<li>Representar a Presid\u00eancia do Conselho nas Institui\u00e7\u00f5es de Ensino, organiza\u00e7\u00f5es educacionais regulares, que s\u00e3o os agentes formadores, qualificadores e certificadores do profissional.<\/li>\n<li>Promover a integra\u00e7\u00e3o desejada e a efici\u00eancia corporativa entre o Crea e as Entidades de Classe e as Institui\u00e7\u00f5es de Ensino, visto que n\u00e3o existe representa\u00e7\u00e3o do Conselho nestes.<\/li>\n<li>Agir no Sistema, segundo as pol\u00edticas e programas da Presid\u00eancia, do Conselho e das C\u00e2maras Especializadas para sua comunidade profissional e retornar aos \u00f3rg\u00e3os que representa com as respostas produzidas.<\/li>\n<\/ul>\n","protected":false},"excerpt":{"rendered":"<p>Nesta quinta-feira (5), os inspetores eleitos no \u00faltimo dia 29 de maio tomaram posse em evento ocorrido na cidade de Pombal, no audit\u00f3rio da UFCG. A posse contou com a presen\u00e7a do prefeito municipal,\u00a0Abmael Lacerda, do diretor do Campus da UFCG em Pombal, eng. agr\u00ba. Anielson dos Santos Souza, do tamb\u00e9m agr\u00f4nomo Jos\u00e9 Geraldo Baracuhy, ex-conselheiro federal e do advogado Alberg de Oliveira Calado, representante da OAB. Al\u00e9m da posse dos inspetores que assumem para o tri\u00eanio 2018-2020, foram entregues aos inspetores que encerraram seus mandatos em 2017 certificados de honra ao m\u00e9rito pelos relevantes servi\u00e7os prestados \u00e0 na\u00e7\u00e3o e [&hellip;]<\/p>\n","protected":false},"author":2,"featured_media":15281,"comment_status":"open","ping_status":"open","sticky":false,"template":"","format":"standard","meta":{"_acf_changed":false,"footnotes":""},"categories":[9],"tags":[],"class_list":["post-15278","post","type-post","status-publish","format-standard","has-post-thumbnail","hentry","category-noticias"],"acf":[],"_links":{"self":[{"href":"https:\/\/creapb.org.br\/site\/wp-json\/wp\/v2\/posts\/15278","targetHints":{"allow":["GET"]}}],"collection":[{"href":"https:\/\/creapb.org.br\/site\/wp-json\/wp\/v2\/posts"}],"about":[{"href":"https:\/\/creapb.org.br\/site\/wp-json\/wp\/v2\/types\/post"}],"author":[{"embeddable":true,"href":"https:\/\/creapb.org.br\/site\/wp-json\/wp\/v2\/users\/2"}],"replies":[{"embeddable":true,"href":"https:\/\/creapb.org.br\/site\/wp-json\/wp\/v2\/comments?post=15278"}],"version-history":[{"count":11,"href":"https:\/\/creapb.org.br\/site\/wp-json\/wp\/v2\/posts\/15278\/revisions"}],"predecessor-version":[{"id":15291,"href":"https:\/\/creapb.org.br\/site\/wp-json\/wp\/v2\/posts\/15278\/revisions\/15291"}],"wp:featuredmedia":[{"embeddable":true,"href":"https:\/\/creapb.org.br\/site\/wp-json\/wp\/v2\/media\/15281"}],"wp:attachment":[{"href":"https:\/\/creapb.org.br\/site\/wp-json\/wp\/v2\/media?parent=15278"}],"wp:term":[{"taxonomy":"category","embeddable":true,"href":"https:\/\/creapb.org.br\/site\/wp-json\/wp\/v2\/categories?post=15278"},{"taxonomy":"post_tag","embeddable":true,"href":"https:\/\/creapb.org.br\/site\/wp-json\/wp\/v2\/tags?post=15278"}],"curies":[{"name":"wp","href":"https:\/\/api.w.org\/{rel}","templated":true}]}}