{"id":15323,"date":"2018-07-18T16:16:19","date_gmt":"2018-07-18T19:16:19","guid":{"rendered":"http:\/\/creapb.org.br\/?p=15323"},"modified":"2018-07-18T16:16:19","modified_gmt":"2018-07-18T19:16:19","slug":"editais-selecionam-entidades-do-sistema-confeacrea-para-mutua-cooperacao","status":"publish","type":"post","link":"https:\/\/creapb.org.br\/site\/editais-selecionam-entidades-do-sistema-confeacrea-para-mutua-cooperacao\/","title":{"rendered":"Editais selecionam entidades do sistema Confea\/Crea para m\u00fatua coopera\u00e7\u00e3o"},"content":{"rendered":"<p>Confira os editais que t\u00eam como\u00a0objetivo selecionar entidades de classe do Sistema Confea\/Crea, em regime de m\u00fatua coopera\u00e7\u00e3o, para a consecu\u00e7\u00e3o de atividades ou de projetos de interesse p\u00fablico ou rec\u00edproco. A previs\u00e3o \u00e9 de que os termos de fomento sejam assinados at\u00e9 dezembro de 2018 e que as entidades executem os projetos at\u00e9 o fim do primeiro semestre de 2019.<\/p>\n<p>O primeiro chamamento p\u00fablico pretende selecionar entidades de classe nacionais, precursoras e regionais, credenciadas no Col\u00e9gio de Entidades Nacionais (CDEN) ou devidamente registradas no Sistema Confea\/Crea, respectivamente, interessadas em celebrar termo de fomento que tenham por objeto a execu\u00e7\u00e3o de projetos voltados \u00e0 execu\u00e7\u00e3o de debate t\u00e9cnico-cient\u00edfico. Poder\u00e3o ser selecionados at\u00e9 10 projetos em cada um das quatro \u00e1reas tem\u00e1ticas eleitas, desde que limitados \u00e0 an\u00e1lise e aprova\u00e7\u00e3o pelo Confea e ao valor m\u00e1ximo de R$ 75.000,00. Para essa modalidade, o or\u00e7amento, por \u00e1rea tem\u00e1tica, \u00e9 de R$ 750.000,00 e o valor global \u00e9 de R$ 3.000.000,00.<\/p>\n<p>A segunda chamada p\u00fablica tamb\u00e9m visa \u00e0 sele\u00e7\u00e3o de entidades de classe, por\u00e9m para firmar termo de fomento voltado para execu\u00e7\u00e3o de debate p\u00fablico. Poder\u00e3o ser escolhidos at\u00e9 quatro projetos por tema, limitados a R$ 50.000,00. O or\u00e7amento destinado, por tem\u00e1tica, \u00e9 de R$ 200.000,00 e o valor global de R$ 2.000.000,00.<\/p>\n<p>Veja os documentos:<\/p>\n<h4><a href=\"http:\/\/www.confea.org.br\/media\/rev.Edital_Chamamento_1_2018_v_5_CAIS_ed1.pdf\" target=\"_blank\"><span style=\"font-size: xx-small;\">Edital de Chamamento P\u00fablico Confea n\u00ba 001\/2018<\/span>\u00a0<\/a>*<br \/>\n<a href=\"http:\/\/www.confea.org.br\/media\/rev.Anexo%20I%20-%20Declara%C3%A7%C3%A3o%20de%20Ci%C3%AAncia%20e%20Concord%C3%A2ncia_ed1.pdf\" target=\"_blank\"><span style=\"font-size: xx-small;\">Anexo I &#8211; Declara\u00e7\u00e3o de Ci\u00eancia e Concord\u00e2ncia<\/span>\u00a0<\/a><br \/>\n<a href=\"http:\/\/www.confea.org.br\/media\/rev.Anexo%20II%20-%20Declara%C3%A7%C3%A3o%20sobre%20Instala%C3%A7%C3%B5es%20e%20Condi%C3%A7%C3%B5es%20Materiais_ed1.pdf\" target=\"_blank\"><span style=\"font-size: xx-small;\">Anexo II &#8211; Declara\u00e7\u00e3o sobre Instala\u00e7\u00f5es e Condi\u00e7\u00f5es Materiais<\/span>\u00a0<\/a><br \/>\n<a href=\"http:\/\/www.confea.org.br\/media\/rev.Anexo%20III%20-%20Declara%C3%A7%C3%A3o%20Dirigente_ed1.pdf\" target=\"_blank\"><span style=\"font-size: xx-small;\">Anexo III &#8211; Declara\u00e7\u00e3o Dirigente<\/span>\u00a0<\/a><br \/>\n<a href=\"http:\/\/www.confea.org.br\/media\/revv.Anexo%20IV%20-%20Declara%C3%A7%C3%A3o%20da%20n%C3%A3o%20Ocorr%C3%AAncia%20de%20Impedimentos_ed1.pdf\" target=\"_blank\"><span style=\"font-size: xx-small;\">Anexo IV &#8211; Declara\u00e7\u00e3o da n\u00e3o Ocorr\u00eancia de Impedimentos<\/span>\u00a0<\/a><br \/>\n<a href=\"http:\/\/www.confea.org.br\/media\/rev.Anexo%20V%20-%20Diretrizes_ed1.pdf\" target=\"_blank\"><span style=\"font-size: xx-small;\">Anexo V &#8211; Diretrizes<\/span>\u00a0<\/a><br \/>\n<a href=\"http:\/\/www.confea.org.br\/media\/rev.Anexo%20VI%20-%20Modelo%20de%20Proposta_ed1.pdf\" target=\"_blank\"><span style=\"font-size: xx-small;\">Anexo VI &#8211; Modelo de Proposta<\/span>\u00a0<\/a><br \/>\n<a href=\"http:\/\/www.confea.org.br\/media\/rev.Anexo%20VII%20-%20Modelo%20de%20Plano%20de%20Trabalho_ed1.pdf\" target=\"_blank\"><span style=\"font-size: xx-small;\">Anexo VII &#8211; Modelo de Plano de Trabalho<\/span>\u00a0<\/a><br \/>\n<a href=\"http:\/\/www.confea.org.br\/media\/rev.Anexo%20VIII%20-%20Minuta%20do%20Termo%20de%20Fomento_ed1.pdf\" target=\"_blank\"><span style=\"font-size: xx-small;\">Anexo VIII &#8211; Minuta do Termo de Fomento<\/span><\/a><\/p>\n<p><a href=\"http:\/\/www.confea.org.br\/media\/chamamento2_%20polyana2.pdf\" target=\"_blank\"><span style=\"font-size: xx-small;\">Edital de Chamamento P\u00fablico Confea n\u00ba 002\/2018<\/span>\u00a0<\/a>*<br \/>\n<a href=\"http:\/\/www.confea.org.br\/media\/Anexo%20I%20-%20Declara%C3%A7%C3%A3o%20de%20Ci%C3%AAncia%20e%20Concord%C3%A2ncia_ed2.pdf\" target=\"_blank\"><span style=\"font-size: xx-small;\">Anexo I &#8211; Declara\u00e7\u00e3o de Ci\u00eancia e Concord\u00e2ncia<\/span>\u00a0<\/a><br \/>\n<a href=\"http:\/\/www.confea.org.br\/media\/Anexo%20II%20-%20Declara%C3%A7%C3%A3o%20sobre%20Instala%C3%A7%C3%B5es%20e%20Condi%C3%A7%C3%B5es%20Materiais_ed2.pdf\" target=\"_blank\"><span style=\"font-size: xx-small;\">Anexo II &#8211; Declara\u00e7\u00e3o sobre Instala\u00e7\u00f5es e Condi\u00e7\u00f5es Materiais<\/span>\u00a0<\/a><br \/>\n<a href=\"http:\/\/www.confea.org.br\/media\/Anexo%20III%20-%20Declaracao%20Dirigente_ed2.pdf\" target=\"_blank\"><span style=\"font-size: xx-small;\">Anexo III &#8211; Declara\u00e7\u00e3o Dirigente<\/span>\u00a0<\/a><br \/>\n<a href=\"http:\/\/www.confea.org.br\/media\/Anexo%20IV%20-%20Declara%C3%A7%C3%A3o%20da%20N%C3%A3o%20Ocorr%C3%AAncia%20de%20Impedimentos_ed2.pdf\" target=\"_blank\"><span style=\"font-size: xx-small;\">Anexo IV &#8211; Declara\u00e7\u00e3o da N\u00e3o Ocorr\u00eancia de Impedimentos<\/span>\u00a0<\/a><br \/>\n<a href=\"http:\/\/www.confea.org.br\/media\/Anexo%20V%20-%20Diretrizes_ed2.pdf\" target=\"_blank\"><span style=\"font-size: xx-small;\">Anexo V &#8211; Diretrizes<\/span>\u00a0<\/a><br \/>\n<a href=\"http:\/\/www.confea.org.br\/media\/Anexo%20VI%20-%20Modelo%20de%20Proposta_ed2.pdf\" target=\"_blank\"><span style=\"font-size: xx-small;\">Anexo VI &#8211; Modelo de Proposta<\/span>\u00a0<\/a><br \/>\n<a href=\"http:\/\/www.confea.org.br\/media\/Anexo%20VII%20-%20Modelo%20de%20Plano%20de%20Trabalho_ed2.pdf\" target=\"_blank\"><span style=\"font-size: xx-small;\">Anexo VII &#8211; Modelo de Plano de Trabalho<\/span>\u00a0<\/a><br \/>\n<a href=\"http:\/\/www.confea.org.br\/media\/Anexo%20VIII%20-%20Minuta%20do%20Termo%20de%20Fomento_ed2.pdf\" target=\"_blank\"><span style=\"font-size: xx-small;\">Anexo VIII &#8211; Minuta do Termo de Fomento<\/span><\/a><\/h4>\n<p>* Os documentos foram assinados eletronicamente e est\u00e3o dispon\u00edveis no SEI.<\/p>\n<p>&nbsp;<\/p>\n","protected":false},"excerpt":{"rendered":"<p>Confira os editais que t\u00eam como\u00a0objetivo selecionar entidades de classe do Sistema Confea\/Crea, em regime de m\u00fatua coopera\u00e7\u00e3o, para a consecu\u00e7\u00e3o de atividades ou de projetos de interesse p\u00fablico ou rec\u00edproco. A previs\u00e3o \u00e9 de que os termos de fomento sejam assinados at\u00e9 dezembro de 2018 e que as entidades executem os projetos at\u00e9 o fim do primeiro semestre de 2019. O primeiro chamamento p\u00fablico pretende selecionar entidades de classe nacionais, precursoras e regionais, credenciadas no Col\u00e9gio de Entidades Nacionais (CDEN) ou devidamente registradas no Sistema Confea\/Crea, respectivamente, interessadas em celebrar termo de fomento que tenham por objeto a execu\u00e7\u00e3o [&hellip;]<\/p>\n","protected":false},"author":2,"featured_media":15326,"comment_status":"open","ping_status":"open","sticky":false,"template":"","format":"standard","meta":{"_acf_changed":false,"footnotes":""},"categories":[9],"tags":[],"class_list":["post-15323","post","type-post","status-publish","format-standard","has-post-thumbnail","hentry","category-noticias"],"acf":[],"_links":{"self":[{"href":"https:\/\/creapb.org.br\/site\/wp-json\/wp\/v2\/posts\/15323","targetHints":{"allow":["GET"]}}],"collection":[{"href":"https:\/\/creapb.org.br\/site\/wp-json\/wp\/v2\/posts"}],"about":[{"href":"https:\/\/creapb.org.br\/site\/wp-json\/wp\/v2\/types\/post"}],"author":[{"embeddable":true,"href":"https:\/\/creapb.org.br\/site\/wp-json\/wp\/v2\/users\/2"}],"replies":[{"embeddable":true,"href":"https:\/\/creapb.org.br\/site\/wp-json\/wp\/v2\/comments?post=15323"}],"version-history":[{"count":3,"href":"https:\/\/creapb.org.br\/site\/wp-json\/wp\/v2\/posts\/15323\/revisions"}],"predecessor-version":[{"id":15327,"href":"https:\/\/creapb.org.br\/site\/wp-json\/wp\/v2\/posts\/15323\/revisions\/15327"}],"wp:featuredmedia":[{"embeddable":true,"href":"https:\/\/creapb.org.br\/site\/wp-json\/wp\/v2\/media\/15326"}],"wp:attachment":[{"href":"https:\/\/creapb.org.br\/site\/wp-json\/wp\/v2\/media?parent=15323"}],"wp:term":[{"taxonomy":"category","embeddable":true,"href":"https:\/\/creapb.org.br\/site\/wp-json\/wp\/v2\/categories?post=15323"},{"taxonomy":"post_tag","embeddable":true,"href":"https:\/\/creapb.org.br\/site\/wp-json\/wp\/v2\/tags?post=15323"}],"curies":[{"name":"wp","href":"https:\/\/api.w.org\/{rel}","templated":true}]}}