{"id":15348,"date":"2018-08-03T08:58:11","date_gmt":"2018-08-03T11:58:11","guid":{"rendered":"http:\/\/creapb.org.br\/?p=15348"},"modified":"2018-08-03T08:58:11","modified_gmt":"2018-08-03T11:58:11","slug":"contecc-2018-bate-recorde-e-recebe-673-inscricoes-de-profissionais-e-estudantes-confira-a-lista-dos-trabalhos-classificados","status":"publish","type":"post","link":"https:\/\/creapb.org.br\/site\/contecc-2018-bate-recorde-e-recebe-673-inscricoes-de-profissionais-e-estudantes-confira-a-lista-dos-trabalhos-classificados\/","title":{"rendered":"Contecc 2018 bate recorde e recebe 673 inscri\u00e7\u00f5es de profissionais e estudantes. Confira a lista dos trabalhos classificados"},"content":{"rendered":"<p>A quinta edi\u00e7\u00e3o do Congresso T\u00e9cnico e Cient\u00edfico da Engenharia e da Agronomia (Contecc)\u00a0\u00e9 recordista de inscri\u00e7\u00f5es para o evento que vai ocorrer dentro da 75\u00aa Semana Oficial da Engenharia e Agronomia (Soea). O encontro cient\u00edfico\u00a0alcan\u00e7ou\u00a0673 inscri\u00e7\u00f5es para participar do\u00a0Congresso que ser\u00e1 realizado entre os dias 21 a 24 de agosto, em Macei\u00f3\/AL.<\/p>\n<p>De acordo com a organiza\u00e7\u00e3o do Contecc, 775 trabalhos foram enviados e 577 deles foram aprovados para serem apresentados. Entre eles est\u00e3o aprovados 8 trabalhos de Agrimensura, 246 de Agronomia, 199 de Engenharia Civil, 24 de Engenharia El\u00e9trica, 43 de Experi\u00eancia Profissional, Educa\u00e7\u00e3o, Gest\u00e3o, Acessibilidade e Sustentabilidade, 8 de Geologia, 24 de Mec\u00e2nica e 25 de Qu\u00edmica. <a href=\"http:\/\/www.confea.org.br\/media\/tabela_contecc.pdf\">CLIQUE AQUI PARA CONFERIR OS TRABALHOS SELECIONADOS.\u00a0<\/a><\/p>\n<p>O assistente do Contecc e assessor t\u00e9cnico do Crea Alagoas, Andr\u00e9 Battalhini, comemora o n\u00famero expressivo de inscri\u00e7\u00f5es e de trabalhos enviados, que superou a marca do ano passado onde foram 550 inscritos e 607 trabalhos enviados. \u201cEstamos muito satisfeitos com esse resultado de inscri\u00e7\u00f5es. O Contecc deixar\u00e1 um legado para todos os participantes\u201d, afirmou.<\/p>\n<p><strong>Comparativo<\/strong><\/p>\n<p>Na primeira edi\u00e7\u00e3o do Contecc\u00a02014, ocorrido em Teresina-PI,\u00a0foram recebidos para avalia\u00e7\u00e3o 563 trabalhos,\u00a0com a presen\u00e7a de 226 congressistas;\u00a0J\u00e1 no de\u00a02015, que aconteceu em Fortaleza-CE, foram recebidos 801 trabalhos t\u00e9cnicos cient\u00edficos e\u00a0550 eram congressistas; Na terceira edi\u00e7\u00e3o, em 2016, sediado\u00a0em Foz do Igua\u00e7u-PR foram recebidos 701 trabalhos e 443 pessoas inscritas. Por fim, ano passado,\u00a0em Bel\u00e9m-PA, a organiza\u00e7\u00e3o recebeu 607 trabalhos e\u00a0550 congressistas.<\/p>\n<p><strong>Ilha de inova\u00e7\u00e3o \u00e9 a novidade no evento<\/strong><\/p>\n<p>Em 2018, o Congresso T\u00e9cnico e Cient\u00edfico da Engenharia e da Agronomia (Contecc) ser\u00e1 realizado em Macei\u00f3 (AL) entre 22 e 24 de agosto. Com o tema \u201cEngenharia e \u00c9tica na Reconstru\u00e7\u00e3o do Brasil\u201d, a quinta edi\u00e7\u00e3o do evento espera reunir alguns dos principais especialistas em todas as \u00e1reas da Engenharia e da Agronomia, para discutir o cen\u00e1rio de suas realidades locais e nacional,\u00a0compartilhando\u00a0inova\u00e7\u00f5es em empresas e institutos de pesquisas que\u00a0devem\u00a0apontar caminhos para o desenvolvimento do pa\u00eds.<\/p>\n<p>\u201cO Congresso vai proporcionar a aproxima\u00e7\u00e3o entre academia e o setor produtivo, al\u00e9m de ser uma boa oportunidade de apresentar os resultados de pesquisas\u201d, comenta o coordenador da Comiss\u00e3o Organizadora, eng. ftal. Fernando Ant\u00f4nio Souza Bemerguy, ao adiantar que na edi\u00e7\u00e3o deste ano os participantes ter\u00e3o um espa\u00e7o dedicado \u00e0 divulga\u00e7\u00e3o de prot\u00f3tipos e produtos locais.<\/p>\n<p>\u201cSer\u00e1 uma ilha de inova\u00e7\u00e3o com tecnologias aplicadas \u00e0 realidade de Alagoas. Neste novo espa\u00e7o, os profissionais poder\u00e3o apresentar sua pesquisa e os resultados obtidos\u201d, acrescentou.<\/p>\n<p>Do ponto de vista acad\u00eamico, Bemerguy ressalta que o Contecc oportuniza ganhos para os estudantes ao incrementar o portf\u00f3lio t\u00e9cnico cient\u00edfico: \u201cAquele que tem seu trabalho selecionado pelo Congresso \u00e9 reconhecido, passa a ter um curr\u00edculo diferenciado porque tem uma produ\u00e7\u00e3o autoral e, com isso, tem as possibilidades de emprego ampliadas\u201d.<\/p>\n<p>&nbsp;<\/p>\n<p>Fonte:\u00a0http:\/\/www.soea.org.br\/?p=3076<\/p>\n","protected":false},"excerpt":{"rendered":"<p>A quinta edi\u00e7\u00e3o do Congresso T\u00e9cnico e Cient\u00edfico da Engenharia e da Agronomia (Contecc)\u00a0\u00e9 recordista de inscri\u00e7\u00f5es para o evento que vai ocorrer dentro da 75\u00aa Semana Oficial da Engenharia e Agronomia (Soea). O encontro cient\u00edfico\u00a0alcan\u00e7ou\u00a0673 inscri\u00e7\u00f5es para participar do\u00a0Congresso que ser\u00e1 realizado entre os dias 21 a 24 de agosto, em Macei\u00f3\/AL. De acordo com a organiza\u00e7\u00e3o do Contecc, 775 trabalhos foram enviados e 577 deles foram aprovados para serem apresentados. Entre eles est\u00e3o aprovados 8 trabalhos de Agrimensura, 246 de Agronomia, 199 de Engenharia Civil, 24 de Engenharia El\u00e9trica, 43 de Experi\u00eancia Profissional, Educa\u00e7\u00e3o, Gest\u00e3o, Acessibilidade e Sustentabilidade, [&hellip;]<\/p>\n","protected":false},"author":2,"featured_media":15350,"comment_status":"open","ping_status":"open","sticky":false,"template":"","format":"standard","meta":{"_acf_changed":false,"footnotes":""},"categories":[9],"tags":[],"class_list":["post-15348","post","type-post","status-publish","format-standard","has-post-thumbnail","hentry","category-noticias"],"acf":[],"_links":{"self":[{"href":"https:\/\/creapb.org.br\/site\/wp-json\/wp\/v2\/posts\/15348","targetHints":{"allow":["GET"]}}],"collection":[{"href":"https:\/\/creapb.org.br\/site\/wp-json\/wp\/v2\/posts"}],"about":[{"href":"https:\/\/creapb.org.br\/site\/wp-json\/wp\/v2\/types\/post"}],"author":[{"embeddable":true,"href":"https:\/\/creapb.org.br\/site\/wp-json\/wp\/v2\/users\/2"}],"replies":[{"embeddable":true,"href":"https:\/\/creapb.org.br\/site\/wp-json\/wp\/v2\/comments?post=15348"}],"version-history":[{"count":1,"href":"https:\/\/creapb.org.br\/site\/wp-json\/wp\/v2\/posts\/15348\/revisions"}],"predecessor-version":[{"id":15349,"href":"https:\/\/creapb.org.br\/site\/wp-json\/wp\/v2\/posts\/15348\/revisions\/15349"}],"wp:featuredmedia":[{"embeddable":true,"href":"https:\/\/creapb.org.br\/site\/wp-json\/wp\/v2\/media\/15350"}],"wp:attachment":[{"href":"https:\/\/creapb.org.br\/site\/wp-json\/wp\/v2\/media?parent=15348"}],"wp:term":[{"taxonomy":"category","embeddable":true,"href":"https:\/\/creapb.org.br\/site\/wp-json\/wp\/v2\/categories?post=15348"},{"taxonomy":"post_tag","embeddable":true,"href":"https:\/\/creapb.org.br\/site\/wp-json\/wp\/v2\/tags?post=15348"}],"curies":[{"name":"wp","href":"https:\/\/api.w.org\/{rel}","templated":true}]}}