{"id":15403,"date":"2018-08-23T14:27:20","date_gmt":"2018-08-23T17:27:20","guid":{"rendered":"http:\/\/creapb.org.br\/?p=15403"},"modified":"2018-08-28T14:28:44","modified_gmt":"2018-08-28T17:28:44","slug":"estande-da-mutua-tem-movimentacao-intensa-na-exposoea","status":"publish","type":"post","link":"https:\/\/creapb.org.br\/site\/estande-da-mutua-tem-movimentacao-intensa-na-exposoea\/","title":{"rendered":"Estande da M\u00fatua tem movimenta\u00e7\u00e3o intensa na ExpoSoea"},"content":{"rendered":"<p>Um espa\u00e7o de mais de 200m\u00b2 est\u00e1 destinado \u00e0s atividades da M\u00fatua na ExpoSoea, feira tecnol\u00f3gica que acontece simultaneamente \u00e0 75\u00aa Semana Oficial da Engenharia e da Agronomia (Soea), em Macei\u00f3 (AL), at\u00e9 essa sexta-feira (24).<\/p>\n<p><img fetchpriority=\"high\" decoding=\"async\" class=\"size-medium wp-image-44468 alignright\" src=\"http:\/\/www.mutua.com.br\/wp-content\/uploads\/2018\/08\/IMG-20180823-WA0057-300x200.jpg\" sizes=\"(max-width: 300px) 100vw, 300px\" srcset=\"http:\/\/www.mutua.com.br\/wp-content\/uploads\/2018\/08\/IMG-20180823-WA0057-300x200.jpg 300w, http:\/\/www.mutua.com.br\/wp-content\/uploads\/2018\/08\/IMG-20180823-WA0057.jpg 1024w, http:\/\/www.mutua.com.br\/wp-content\/uploads\/2018\/08\/IMG-20180823-WA0057-272x182.jpg 272w\" alt=\"\" width=\"300\" height=\"200\" data-id=\"44468\" \/>Para homenagear o eng. eletricista Jos\u00e9 Chacon de Assis, falecido no \u00faltimo dia tr\u00eas de julho, a M\u00fatua deu o nome do conselheiro federal ao seu audit\u00f3rio, localizado no estande da Caixa de Assist\u00eancia na ExpoSoea. No ambiente est\u00e3o sendo realizadas reuni\u00f5es, atendimentos e, principalmente, tem sido um ponto de encontro dos participantes e de compartilhamento de experi\u00eancias.<\/p>\n<p><strong>Atividades no estande<\/strong><\/p>\n<p><img decoding=\"async\" class=\"alignleft size-medium wp-image-44465\" src=\"http:\/\/www.mutua.com.br\/wp-content\/uploads\/2018\/08\/IMG-20180822-WA0050-300x200.jpg\" sizes=\"(max-width: 300px) 100vw, 300px\" srcset=\"http:\/\/www.mutua.com.br\/wp-content\/uploads\/2018\/08\/IMG-20180822-WA0050-300x200.jpg 300w, http:\/\/www.mutua.com.br\/wp-content\/uploads\/2018\/08\/IMG-20180822-WA0050.jpg 1024w, http:\/\/www.mutua.com.br\/wp-content\/uploads\/2018\/08\/IMG-20180822-WA0050-272x182.jpg 272w\" alt=\"\" width=\"300\" height=\"200\" data-id=\"44465\" \/>Al\u00e9m dos produtos, servi\u00e7os e programas que a M\u00fatua disponibiliza aos associados, est\u00e3o presentes no estande, em Macei\u00f3, alguns dos parceiros, que incrementam as atividades no espa\u00e7o.<\/p>\n<p>De v\u00e1rios segmentos, como tecnologia, seguros, e-commerce, acessibilidade e cuidados com a sa\u00fade, as empresas parcerias da M\u00fatua prestaram atendimento ao p\u00fablico do evento, passando informa\u00e7\u00f5es sobre as oportunidades e solu\u00e7\u00f5es que as institui\u00e7\u00f5es oferecem aos profissionais do Sistema. Est\u00e3o com a M\u00fatua na 75\u00aa Soea a Mongeral Aegon, a Argo Seguros, a Dynamus (Clube M\u00fatua de Vantagens), o Instituto HandsFree, a Techno UP e a Plenos Tecnology.<\/p>\n<p><strong>TecnoPrev tem grande procura<\/strong><\/p>\n<p><img decoding=\"async\" class=\"size-medium wp-image-44467 alignright\" src=\"http:\/\/www.mutua.com.br\/wp-content\/uploads\/2018\/08\/IMG-20180822-WA0087-300x200.jpg\" sizes=\"(max-width: 300px) 100vw, 300px\" srcset=\"http:\/\/www.mutua.com.br\/wp-content\/uploads\/2018\/08\/IMG-20180822-WA0087-300x200.jpg 300w, http:\/\/www.mutua.com.br\/wp-content\/uploads\/2018\/08\/IMG-20180822-WA0087.jpg 1024w, http:\/\/www.mutua.com.br\/wp-content\/uploads\/2018\/08\/IMG-20180822-WA0087-272x182.jpg 272w\" alt=\"\" width=\"300\" height=\"200\" data-id=\"44467\" \/><\/p>\n<p>O gerente de Previd\u00eancia da M\u00fatua, Rodrigo Castilho, que est\u00e1 \u00e0 frente da equipe do setor que presta o atendimento na Soea sobre o TecnoPrev, acredita que alguns fatores levaram os profissionais a cada vez mais buscar a seguran\u00e7a e a estabilidade que o plano de previd\u00eancia complementar oferece.<\/p>\n<p>Cerca de 180 inscri\u00e7\u00f5es de novos participantes no plano da M\u00fatua j\u00e1 foram feitas apenas nesses dois primeiros dias de Soea. \u201cIsso \u00e9 resultado de todo o trabalho de divulga\u00e7\u00e3o e conscientiza\u00e7\u00e3o sobre a import\u00e2ncia da previd\u00eancia complementar que a M\u00fatua vem fazendo. Al\u00e9m disso, o momento e o cen\u00e1rio brasileiro refor\u00e7am a necessidade de uma previd\u00eancia complementar e todas as vantagens e os benef\u00edcios que o TecnoPrev oferece, como a taxa zero de carregamento, tamb\u00e9m ampliaram a busca pelo plano\u201d, destacou Castilho.<\/p>\n<p>Uma equipe da Mongeral Aegon tamb\u00e9m atende aos interessados no plano e nas coberturas de risco adicionais oferecidas pela empresa.<\/p>\n<p>&nbsp;<\/p>\n<p><strong>Fonte: Gecom\/M\u00fatua<\/strong><\/p>\n<p><strong>Fotos: Rafael Leal e Dimmy Falc\u00e3o<\/strong><\/p>\n<p>&nbsp;<\/p>\n","protected":false},"excerpt":{"rendered":"<p>Um espa\u00e7o de mais de 200m\u00b2 est\u00e1 destinado \u00e0s atividades da M\u00fatua na ExpoSoea, feira tecnol\u00f3gica que acontece simultaneamente \u00e0 75\u00aa Semana Oficial da Engenharia e da Agronomia (Soea), em Macei\u00f3 (AL), at\u00e9 essa sexta-feira (24). Para homenagear o eng. eletricista Jos\u00e9 Chacon de Assis, falecido no \u00faltimo dia tr\u00eas de julho, a M\u00fatua deu o nome do conselheiro federal ao seu audit\u00f3rio, localizado no estande da Caixa de Assist\u00eancia na ExpoSoea. No ambiente est\u00e3o sendo realizadas reuni\u00f5es, atendimentos e, principalmente, tem sido um ponto de encontro dos participantes e de compartilhamento de experi\u00eancias. Atividades no estande Al\u00e9m dos produtos, [&hellip;]<\/p>\n","protected":false},"author":2,"featured_media":15404,"comment_status":"open","ping_status":"open","sticky":false,"template":"","format":"standard","meta":{"_acf_changed":false,"footnotes":""},"categories":[9],"tags":[],"class_list":["post-15403","post","type-post","status-publish","format-standard","has-post-thumbnail","hentry","category-noticias"],"acf":[],"_links":{"self":[{"href":"https:\/\/creapb.org.br\/site\/wp-json\/wp\/v2\/posts\/15403","targetHints":{"allow":["GET"]}}],"collection":[{"href":"https:\/\/creapb.org.br\/site\/wp-json\/wp\/v2\/posts"}],"about":[{"href":"https:\/\/creapb.org.br\/site\/wp-json\/wp\/v2\/types\/post"}],"author":[{"embeddable":true,"href":"https:\/\/creapb.org.br\/site\/wp-json\/wp\/v2\/users\/2"}],"replies":[{"embeddable":true,"href":"https:\/\/creapb.org.br\/site\/wp-json\/wp\/v2\/comments?post=15403"}],"version-history":[{"count":1,"href":"https:\/\/creapb.org.br\/site\/wp-json\/wp\/v2\/posts\/15403\/revisions"}],"predecessor-version":[{"id":15405,"href":"https:\/\/creapb.org.br\/site\/wp-json\/wp\/v2\/posts\/15403\/revisions\/15405"}],"wp:featuredmedia":[{"embeddable":true,"href":"https:\/\/creapb.org.br\/site\/wp-json\/wp\/v2\/media\/15404"}],"wp:attachment":[{"href":"https:\/\/creapb.org.br\/site\/wp-json\/wp\/v2\/media?parent=15403"}],"wp:term":[{"taxonomy":"category","embeddable":true,"href":"https:\/\/creapb.org.br\/site\/wp-json\/wp\/v2\/categories?post=15403"},{"taxonomy":"post_tag","embeddable":true,"href":"https:\/\/creapb.org.br\/site\/wp-json\/wp\/v2\/tags?post=15403"}],"curies":[{"name":"wp","href":"https:\/\/api.w.org\/{rel}","templated":true}]}}