{"id":15409,"date":"2018-08-24T14:35:52","date_gmt":"2018-08-24T17:35:52","guid":{"rendered":"http:\/\/creapb.org.br\/?p=15409"},"modified":"2018-08-28T14:37:31","modified_gmt":"2018-08-28T17:37:31","slug":"75a-soea-e-encerrada-com-posse-da-diretoria-executiva-da-mutua-paraibana-giucelia-figueiredo-esta-entre-os-diretores","status":"publish","type":"post","link":"https:\/\/creapb.org.br\/site\/75a-soea-e-encerrada-com-posse-da-diretoria-executiva-da-mutua-paraibana-giucelia-figueiredo-esta-entre-os-diretores\/","title":{"rendered":"75\u00aa Soea \u00e9 encerrada com posse da Diretoria Executiva da M\u00fatua; paraibana Giuc\u00e9lia Figueiredo est\u00e1 entre os diretores"},"content":{"rendered":"<p>O encerramento do mandato dos diretores executivos da M\u00fatua, tri\u00eanio 2015\/2018, e a transi\u00e7\u00e3o para in\u00edcio da nova gest\u00e3o (2018\/2021) marcaram o encerramento da 75\u00aa Semana Oficial da Engenharia e da Agronomia (Soea), em Macei\u00f3 (AL), na noite da sexta-feira (24). O Teatro Gustavo Leite, no Centro de Conven\u00e7\u00f5es Ruth Cardoso, serviu como palco de uma Sess\u00e3o Plen\u00e1ria Extraordin\u00e1ria, seguindo os normativos do Sistema que pedem o rito oficial para a posse dos diretores da Caixa de Assist\u00eancia.<\/p>\n<p><strong>Nova gest\u00e3o<\/strong><br \/>\nDois diretores foram reeleitos, o eng. civil Paulo Guimar\u00e3es \u2013 que tamb\u00e9m foi escolhido para mais um mandato como presidente da Institui\u00e7\u00e3o \u2013 e o eng. civil Jorge Silveira, que segue \u00e0 frente da Diretoria de Benef\u00edcios. Eles, ao lado dos novos diretores \u2013 o eng. civil e de Seguran\u00e7a do Trabalho Juares Silveira Samaniego (MT), diretor financeiro, a eng\u00aa. agr\u00f4noma Giuc\u00e9lia Ara\u00fajo de Figueiredo (PB), diretora administrativa, e o eng. agr\u00f4nomo e de Seguran\u00e7a do Trabalho Cl\u00e1udio Pereira Calheiros (AL), diretor de Tecnologia \u2013, tomaram posse na presen\u00e7a dos mais de tr\u00eas mil participantes da Semana Oficial.<\/p>\n<p><img fetchpriority=\"high\" decoding=\"async\" class=\"alignright wp-image-44543\" src=\"http:\/\/www.mutua.com.br\/wp-content\/uploads\/2018\/08\/27-08-Posse-e-encerramento-75-Soea-1-300x298.jpeg\" sizes=\"(max-width: 250px) 100vw, 250px\" srcset=\"http:\/\/www.mutua.com.br\/wp-content\/uploads\/2018\/08\/27-08-Posse-e-encerramento-75-Soea-1-300x298.jpeg 300w, http:\/\/www.mutua.com.br\/wp-content\/uploads\/2018\/08\/27-08-Posse-e-encerramento-75-Soea-1-150x150.jpeg 150w, http:\/\/www.mutua.com.br\/wp-content\/uploads\/2018\/08\/27-08-Posse-e-encerramento-75-Soea-1-126x126.jpeg 126w, http:\/\/www.mutua.com.br\/wp-content\/uploads\/2018\/08\/27-08-Posse-e-encerramento-75-Soea-1.jpeg 454w\" alt=\"\" width=\"250\" height=\"248\" data-id=\"44543\" \/>Pontuando cada uma das inst\u00e2ncias e pessoas que foram lembradas na solenidade, o presidente Paulo Guimar\u00e3es acrescentou em seus cumprimentos as federa\u00e7\u00f5es Fisenge e FNE \u2013 por meio das quais estendeu suas defer\u00eancias a todas as entidades de classe \u2013 e aos estudantes em nome do Crea Jr. Representando seus pais e sua fam\u00edlia, Guimar\u00e3es agradeceu a presen\u00e7a de sua irm\u00e3 Ana Maria Guimar\u00e3es. \u201cCom muito orgulho e honra assumo um segundo mandato na Presid\u00eancia da M\u00fatua. Prometo honrar a confian\u00e7a de cada voto recebido e por saber que votar em menu nome foi o \u00faltimo ato como conselheiro federal, meu querido amigo por 20 anos, Jos\u00e9 Chacon de Assis, minha responsabilidade aumenta ainda mais\u201d, afirmou. Direcionando suas palavras aos diretores que deixaram a M\u00fatua, o presidente falou sobre reconhecimento: \u201c\u00e9 uma palavra forte, necess\u00e1ria e fundamental e por essa raz\u00e3o agrade\u00e7o aos colegas da Diretoria Executiva que encerra hoje seu mandato. Formamos um time que atingiu os objetivos propostos com os programas dos cinco diretores reunidos em nossa carta de servi\u00e7os. Tenho certeza que o time da gest\u00e3o 2018-2021 tamb\u00e9m ser\u00e1 vitorioso, pois os programas convergem para o mesmo foco, os profissionais da \u00e1rea tecnol\u00f3gica\u201d, ensejou.<\/p>\n<p><img decoding=\"async\" class=\"alignleft wp-image-44549\" src=\"http:\/\/www.mutua.com.br\/wp-content\/uploads\/2018\/08\/27-08-Posse-e-encerramento-75-Soea-7-281x300.jpeg\" sizes=\"(max-width: 250px) 100vw, 250px\" srcset=\"http:\/\/www.mutua.com.br\/wp-content\/uploads\/2018\/08\/27-08-Posse-e-encerramento-75-Soea-7-281x300.jpeg 281w, http:\/\/www.mutua.com.br\/wp-content\/uploads\/2018\/08\/27-08-Posse-e-encerramento-75-Soea-7.jpeg 450w\" alt=\"\" width=\"250\" height=\"267\" data-id=\"44549\" \/>\u201cA M\u00fatua est\u00e1 muito mais pr\u00f3xima do Confea e dos Creas. Houve uma uni\u00e3o enorme e um maior entendimento de que somos um Sistema e que temos que andar juntos\u201d. Com essa afirma\u00e7\u00e3o, Jorge Silveira deixou seu agradecimento especial aos conselheiros federais e aos presidentes de Creas \u201cque ajudaram a M\u00fatua nos \u00faltimos tr\u00eas anos\u201d. Ainda agradeceu aos seus amigos e colegas do Crea-SE da Universidade de Sergipe e \u00e0 equipe de colaboradores da M\u00fatua. \u201cAgrade\u00e7o a todos da equipe da M\u00fatua, porque a equipe \u00e9 a M\u00fatua toda. Ningu\u00e9m faz nada sozinho e para que um projeto d\u00ea certo \u00e9 necess\u00e1rio que todos se envolvam. Desde a dona Judite (copeira) \u00e0 Vivianny (superintendente) meus sinceros agradecimentos\u201d. Ainda saudou aos diretores regionais, que, segundo ele, \u201cperceberam que os diretores executivos s\u00e3o parceiros\u201d e lembrou que se a proposta \u00e9 boa para a M\u00fatua, ela ser\u00e1 abra\u00e7ada por todos. Com cita\u00e7\u00e3o nominal a cada um dos diretores executivos que esteve na Direx ao seu lado na gest\u00e3o que se findava, o diretor reeleito citou algumas conquistas e o perfil de cada um. Distinguindo o papel do presidente Paulo Guimar\u00e3es, Silveira disse: \u201cpermitiu que sonh\u00e1ssemos, vo\u00e1ssemos e execut\u00e1ssemos. E vai continuar nessa nova Diretoria, permitindo que tamb\u00e9m sonhe, tamb\u00e9m voe e, tamb\u00e9m, execute. Obrigado, Paulo!\u201d.<\/p>\n<p><img decoding=\"async\" class=\"alignright wp-image-44544\" src=\"http:\/\/www.mutua.com.br\/wp-content\/uploads\/2018\/08\/27-08-Posse-e-encerramento-75-Soea-2-300x241.jpeg\" sizes=\"(max-width: 250px) 100vw, 250px\" srcset=\"http:\/\/www.mutua.com.br\/wp-content\/uploads\/2018\/08\/27-08-Posse-e-encerramento-75-Soea-2-300x241.jpeg 300w, http:\/\/www.mutua.com.br\/wp-content\/uploads\/2018\/08\/27-08-Posse-e-encerramento-75-Soea-2.jpeg 451w\" alt=\"\" width=\"250\" height=\"201\" data-id=\"44544\" \/>Uma posse de agradecimento e de compromisso, assim denominou a solenidade o novo diretor financeiro da M\u00fatua. Samaniego fez agradecimentos aos conselheiros federais, em especial, lembrou ele \u201caos que acreditaram na minha proposta e que me conduziram a este lugar e, em nome do conselheiro Andr\u00e9 Schuring que est\u00e1 me substituindo como conselheiro federal, parabenizo a todos pela dedica\u00e7\u00e3o com que vem conduzindo o Confea\u201d. Uma defer\u00eancia aos colaboradores do Crea-MT e do Confea, onde exerceu mandato de presidente e de conselheiro, e, aos presidentes de Creas, conselheiros regionais e aos profissionais ainda esteve em suas palavras ao tomar posse. \u201cO que posso prometer \u00e9 dedica\u00e7\u00e3o e trabalho. Esse \u00e9 o compromisso de n\u00f3s cinco diretores executivos. Meu agradecimento especial ao Gerson Taguatinga, que est\u00e1 deixando o cargo de diretor financeiro e, em seu nome, a todos os diretores que deixaram seu trabalho. Todos eles sabem que fizeram muito, mas que tem muito mais a se fazer. As coisas v\u00e3o se renovando e a gente tem que ter o compromisso e a dedica\u00e7\u00e3o para ter uma M\u00fatua de qualidade e que realmente atenda aos profissionais\u201d, concluiu.<\/p>\n<p><img loading=\"lazy\" decoding=\"async\" class=\"alignleft wp-image-44545\" src=\"http:\/\/www.mutua.com.br\/wp-content\/uploads\/2018\/08\/27-08-Posse-e-encerramento-75-Soea-3-300x293.jpeg\" sizes=\"(max-width: 250px) 100vw, 250px\" srcset=\"http:\/\/www.mutua.com.br\/wp-content\/uploads\/2018\/08\/27-08-Posse-e-encerramento-75-Soea-3-300x293.jpeg 300w, http:\/\/www.mutua.com.br\/wp-content\/uploads\/2018\/08\/27-08-Posse-e-encerramento-75-Soea-3.jpeg 454w\" alt=\"\" width=\"250\" height=\"244\" data-id=\"44545\" \/>Giuc\u00e9lia Figueiredo, que chega \u00e0 Diretoria da M\u00fatua como a segunda mulher a integrar o colegiado e cerca de 20 anos ap\u00f3s sua antecessora, refor\u00e7ou o papel das mulheres no Sistema citando o nome de algumas presidentes, diretoras regionais, conselheiras e profissionais. \u201cTodas as mulheres aqui presentes fazem o protagonismo da mulher em nosso Sistema\u201d, frisou. Os agradecimentos aos presidentes de Creas tamb\u00e9m foram assinalados pela diretora da Caixa de Assist\u00eancia. \u201cDesde o primeiro momento acreditaram em minha candidatura e em minhas propostas. Mas, principalmente, acreditaram e compreenderam a necessidade de ter na Diretoria da M\u00fatua a presen\u00e7a feminina. H\u00e1 quase duas d\u00e9cadas n\u00e3o temos a participa\u00e7\u00e3o de uma mulher na dire\u00e7\u00e3o nacional da M\u00fatua. Isso \u00e9 uma quebra de paradigma\u201d, avaliou. Giuc\u00e9lia tamb\u00e9m falou sobre o simbolismo e o papel de sua ida para a M\u00fatua, pontuando que estar entre as lideran\u00e7as do Sistema muito a honrava. \u201cMe remete a uma grande responsabilidade representar o protagonismo da mulher, juntamente com as guerreiras e presidentes de Creas L\u00facia Vilarinho, Carminda Pinheiro, Ana Adalgisa e F\u00e1tima C\u00f3 e, claro, todas as mulheres que, de forma silenciosa, mas absolutamente competente, constroem, n\u00e3o s\u00f3 o protagonismo da mulher no nosso Sistema, mas tamb\u00e9m o empoderamento da mulher no Sistema\u201d, frisou.<\/p>\n<p><img loading=\"lazy\" decoding=\"async\" class=\"alignright wp-image-44546\" src=\"http:\/\/www.mutua.com.br\/wp-content\/uploads\/2018\/08\/27-08-Posse-e-encerramento-75-Soea-4-300x300.jpeg\" sizes=\"(max-width: 250px) 100vw, 250px\" srcset=\"http:\/\/www.mutua.com.br\/wp-content\/uploads\/2018\/08\/27-08-Posse-e-encerramento-75-Soea-4-300x300.jpeg 300w, http:\/\/www.mutua.com.br\/wp-content\/uploads\/2018\/08\/27-08-Posse-e-encerramento-75-Soea-4-150x150.jpeg 150w, http:\/\/www.mutua.com.br\/wp-content\/uploads\/2018\/08\/27-08-Posse-e-encerramento-75-Soea-4-126x126.jpeg 126w, http:\/\/www.mutua.com.br\/wp-content\/uploads\/2018\/08\/27-08-Posse-e-encerramento-75-Soea-4.jpeg 456w\" alt=\"\" width=\"250\" height=\"249\" data-id=\"44546\" \/>Registrando a presen\u00e7a de seu pai, o qual se referiu como a pessoa que sempre o \u201cconduziu e orientou no caminho \u00e9tico e profissional\u201d e saudando as mulheres, em nome da esposa, Neuza Maria Calheiros, a quem agradeceu por \u201csempre estar seu lado nos momentos bons e dif\u00edceis\u201d, Calheiros falou da felicidade em retornar \u00e0 M\u00fatua, onde j\u00e1 exerceu os cargos de presidente e diretor de Benef\u00edcios. \u201cUma emo\u00e7\u00e3o muito grande tomar posse mais uma vez e retornar \u00e0 casa da M\u00fatua, essa Institui\u00e7\u00e3o respeitada a n\u00edvel nacional que faz parte do Sistema Confea\/Crea e M\u00fatua. Principalmente estar aqui no meu estado e na minha cidade natal, na minha linda e querida Macei\u00f3\u201d, disse. Ele ainda Parabenizou os diretores que encerram na ocis\u00e3o seus mandatos, afirmando que a nova Direx dar\u00e1 continuidade ao trabalho \u201cimplantado, cada vez mais, projetos que venham a atender aos profissionais da Engenharia e da Agronomia, com um trabalho social e de fortalecimento\u201d.<\/p>\n<p><strong>Despedida<\/strong><\/p>\n<div id=\"attachment_44553\" class=\"wp-caption aligncenter\"><img loading=\"lazy\" decoding=\"async\" class=\"wp-image-44553 size-full\" src=\"http:\/\/www.mutua.com.br\/wp-content\/uploads\/2018\/08\/27-08-Posse-e-encerramento-75-Soea-11.jpeg\" sizes=\"(max-width: 805px) 100vw, 805px\" srcset=\"http:\/\/www.mutua.com.br\/wp-content\/uploads\/2018\/08\/27-08-Posse-e-encerramento-75-Soea-11.jpeg 805w, http:\/\/www.mutua.com.br\/wp-content\/uploads\/2018\/08\/27-08-Posse-e-encerramento-75-Soea-11-300x206.jpeg 300w\" alt=\"\" width=\"805\" height=\"554\" data-id=\"44553\" \/><\/p>\n<p class=\"wp-caption-text\">Encerramento do mandato da Diretoria Executiva, gest\u00e3o 2015\/2018<\/p>\n<\/div>\n<p>Nos \u00faltimos tr\u00eas anos, a M\u00fatua foi dirigida por cinco engenheiros civis, de quatro das cinco regi\u00f5es do pa\u00eds. Eleitos pelos conselheiros federais, Paulo Guimar\u00e3es, de S\u00e3o Paulo, esteve \u00e0 frente da Diretoria como presidente \u2013 e foi reconduzido ao cargo -; Julio Fialkoski, de Santa Catarina, que tamb\u00e9m \u00e9 engenheiro mec\u00e2nico e de Seguran\u00e7a do Trabalho comandou a Diretoria Administrativa, e Marcelo Gon\u00e7alves Nunes de Oliveira Morais, do Piau\u00ed, foi diretor de Tecnologia e, no per\u00edodo eleitoral, atuou como presidente interino. Pelo Col\u00e9gio de Presidentes do Sistema, os representantes na Direx da M\u00fatua no tri\u00eanio foram Jorge Roberto Silveira, de Sergipe, na Diretoria de Benef\u00edcios \u2013 onde segue como diretor -, e Gerson de Almeida Taguatinga, de Goi\u00e1s, na Diretoria Financeira.<\/p>\n<p>Fialkoski foi escolhido para discursar, tamb\u00e9m ao final da 75\u00aa Soea, em nome da Diretoria Executiva que se despediu. Os la\u00e7os de uni\u00e3o existentes entre todos que est\u00e3o envolvidos no dia a dia da Caixa de Assist\u00eancia deram o tom da fala do diretor. Com Paulo Guimar\u00e3es, Jorge Silveira, Marcelo Morais e Gerson Taguatinga, Fialkoski disse que uma verdadeira fam\u00edlia foi formada na M\u00fatua nesses \u00faltimos tr\u00eas anos, e que perseguiram com afinco \u201co melhor para o profissional que realmente precisa de assist\u00eancia, que \u00e9 o fator principal da M\u00fatua, a parte social\u201d.<\/p>\n<p>\u201cAvan\u00e7amos bastante nos trabalhos e na condu\u00e7\u00e3o dos benef\u00edcios, mas a M\u00fatua \u00e9 muito grande, e precisa ser maior ainda. \u00c9 isso que desejo \u00e0 nova Diretoria, em nome dos diretores que est\u00e3o saindo, todo sucesso e que os mutualistas tenham os benef\u00edcios e condi\u00e7\u00f5es para realizar seus trabalhos. Entre as conquistas que alcan\u00e7amos, tivemos uma conquista pessoal, ligada ao corpo profissional da M\u00fatua, que \u00e9 uma p\u00e9rola e que pode ainda ser melhor trabalhada. Ano passado alcan\u00e7amos o ranking das 200 melhores empresas para se trabalhar no Brasil e, nesse ano, estamos aguardando o resultado da pesquisa e acreditamos que estaremos entre as 150 melhores. Isso \u00e9 m\u00e9rito de todos os funcion\u00e1rios que, unidos, t\u00eam conduzido os trabalhos e todas as atribui\u00e7\u00f5es que lhes s\u00e3o conferidas\u201d, destacou.<\/p>\n<div id=\"attachment_44550\" class=\"wp-caption aligncenter\"><img loading=\"lazy\" decoding=\"async\" class=\"wp-image-44550 size-full\" src=\"http:\/\/www.mutua.com.br\/wp-content\/uploads\/2018\/08\/27-08-Posse-e-encerramento-75-Soea-8.jpeg\" sizes=\"(max-width: 809px) 100vw, 809px\" srcset=\"http:\/\/www.mutua.com.br\/wp-content\/uploads\/2018\/08\/27-08-Posse-e-encerramento-75-Soea-8.jpeg 809w, http:\/\/www.mutua.com.br\/wp-content\/uploads\/2018\/08\/27-08-Posse-e-encerramento-75-Soea-8-300x200.jpeg 300w, http:\/\/www.mutua.com.br\/wp-content\/uploads\/2018\/08\/27-08-Posse-e-encerramento-75-Soea-8-272x182.jpeg 272w\" alt=\"\" width=\"809\" height=\"540\" data-id=\"44550\" \/><\/p>\n<p class=\"wp-caption-text\">Os diretores que encerraram sua gest\u00e3o receberam certificados pelos relevantes servi\u00e7os prestados. Registro do diretor Taguatinga recebendo seu certificado das m\u00e3os do presidente do Crea-GO e coord. do CP, Francisco Almeida<\/p>\n<\/div>\n<p><strong>Encerramento da 75\u00aa Soea e pr\u00e9-lan\u00e7amento da 76\u00aa edi\u00e7\u00e3o<\/strong><\/p>\n<div id=\"attachment_44554\" class=\"wp-caption aligncenter\"><img loading=\"lazy\" decoding=\"async\" class=\"wp-image-44554\" src=\"http:\/\/www.mutua.com.br\/wp-content\/uploads\/2018\/08\/Joel-e-Dacal-300x102.jpg\" sizes=\"(max-width: 800px) 100vw, 800px\" srcset=\"http:\/\/www.mutua.com.br\/wp-content\/uploads\/2018\/08\/Joel-e-Dacal-300x102.jpg 300w, http:\/\/www.mutua.com.br\/wp-content\/uploads\/2018\/08\/Joel-e-Dacal.jpg 823w\" alt=\"\" width=\"800\" height=\"273\" data-id=\"44554\" \/><\/p>\n<p class=\"wp-caption-text\">Joel Kr\u00fcger, presidente do Confea, e Fernando Dacal, presidente do Crea-AL, encerram a 75\u00aa Soea<\/p>\n<\/div>\n<p>O Sistema Confea\/Crea e M\u00fatua concluiu os trabalhos de mais uma Soea, comemorando os frutos plantados em Macei\u00f3. Foram realizados debates, palestras, cursos e reuni\u00f5es sobre uma infinidade de temas relevantes para o Sistema, para os profissionais, mas, principalmente, para o pa\u00eds e para a sociedade.<br \/>\nFernando Dacal, presidente do Crea-AL, ainda \u201cpassou a bandeira\u201d da Soea para as m\u00e3os do presidente do Crea-TO, engenheiro civil Marcelo Costa Maia, anfitri\u00e3o da Semana Oficial de 2019. Com isso, foi dada a largada oficial para a pr\u00f3xima Semana Oficial.<\/p>\n<div id=\"attachment_44547\" class=\"wp-caption aligncenter\"><img loading=\"lazy\" decoding=\"async\" class=\"wp-image-44547 size-full\" src=\"http:\/\/www.mutua.com.br\/wp-content\/uploads\/2018\/08\/27-08-Posse-e-encerramento-75-Soea-5.jpeg\" sizes=\"(max-width: 812px) 100vw, 812px\" srcset=\"http:\/\/www.mutua.com.br\/wp-content\/uploads\/2018\/08\/27-08-Posse-e-encerramento-75-Soea-5.jpeg 812w, http:\/\/www.mutua.com.br\/wp-content\/uploads\/2018\/08\/27-08-Posse-e-encerramento-75-Soea-5-300x252.jpeg 300w\" alt=\"\" width=\"812\" height=\"683\" data-id=\"44547\" \/><\/p>\n<p class=\"wp-caption-text\">Marcelo Costa Maia, presidente do Crea-TO, e Carlos Batista das Neves, conselheiro federal pelo Tocantins com a bandeira da Soea<\/p>\n<\/div>\n<p>&nbsp;<\/p>\n<div id=\"attachment_44548\" class=\"wp-caption aligncenter\"><img loading=\"lazy\" decoding=\"async\" class=\"wp-image-44548 size-full\" src=\"http:\/\/www.mutua.com.br\/wp-content\/uploads\/2018\/08\/27-08-Posse-e-encerramento-75-Soea-6.jpeg\" sizes=\"(max-width: 809px) 100vw, 809px\" srcset=\"http:\/\/www.mutua.com.br\/wp-content\/uploads\/2018\/08\/27-08-Posse-e-encerramento-75-Soea-6.jpeg 809w, http:\/\/www.mutua.com.br\/wp-content\/uploads\/2018\/08\/27-08-Posse-e-encerramento-75-Soea-6-300x200.jpeg 300w, http:\/\/www.mutua.com.br\/wp-content\/uploads\/2018\/08\/27-08-Posse-e-encerramento-75-Soea-6-272x182.jpeg 272w\" alt=\"\" width=\"809\" height=\"540\" data-id=\"44548\" \/><\/p>\n<p class=\"wp-caption-text\">A delega\u00e7\u00e3o do Crea-TO comemora o pr\u00e9-lan\u00e7amento da 76\u00aa Soea, que ocorrer\u00e1 no estado em 2019<\/p>\n<\/div>\n<p>&nbsp;<\/p>\n<p>&nbsp;<\/p>\n<p><strong>Fonte: Gecom\/M\u00fatua<\/strong><\/p>\n<p><strong>Fotos: Rafael Leal e Dimmy Falc\u00e3o<\/strong><\/p>\n","protected":false},"excerpt":{"rendered":"<p>O encerramento do mandato dos diretores executivos da M\u00fatua, tri\u00eanio 2015\/2018, e a transi\u00e7\u00e3o para in\u00edcio da nova gest\u00e3o (2018\/2021) marcaram o encerramento da 75\u00aa Semana Oficial da Engenharia e da Agronomia (Soea), em Macei\u00f3 (AL), na noite da sexta-feira (24). O Teatro Gustavo Leite, no Centro de Conven\u00e7\u00f5es Ruth Cardoso, serviu como palco de uma Sess\u00e3o Plen\u00e1ria Extraordin\u00e1ria, seguindo os normativos do Sistema que pedem o rito oficial para a posse dos diretores da Caixa de Assist\u00eancia. Nova gest\u00e3o Dois diretores foram reeleitos, o eng. civil Paulo Guimar\u00e3es \u2013 que tamb\u00e9m foi escolhido para mais um mandato como presidente [&hellip;]<\/p>\n","protected":false},"author":2,"featured_media":0,"comment_status":"open","ping_status":"open","sticky":false,"template":"","format":"standard","meta":{"_acf_changed":false,"footnotes":""},"categories":[9],"tags":[],"class_list":["post-15409","post","type-post","status-publish","format-standard","hentry","category-noticias"],"acf":[],"_links":{"self":[{"href":"https:\/\/creapb.org.br\/site\/wp-json\/wp\/v2\/posts\/15409","targetHints":{"allow":["GET"]}}],"collection":[{"href":"https:\/\/creapb.org.br\/site\/wp-json\/wp\/v2\/posts"}],"about":[{"href":"https:\/\/creapb.org.br\/site\/wp-json\/wp\/v2\/types\/post"}],"author":[{"embeddable":true,"href":"https:\/\/creapb.org.br\/site\/wp-json\/wp\/v2\/users\/2"}],"replies":[{"embeddable":true,"href":"https:\/\/creapb.org.br\/site\/wp-json\/wp\/v2\/comments?post=15409"}],"version-history":[{"count":1,"href":"https:\/\/creapb.org.br\/site\/wp-json\/wp\/v2\/posts\/15409\/revisions"}],"predecessor-version":[{"id":15410,"href":"https:\/\/creapb.org.br\/site\/wp-json\/wp\/v2\/posts\/15409\/revisions\/15410"}],"wp:attachment":[{"href":"https:\/\/creapb.org.br\/site\/wp-json\/wp\/v2\/media?parent=15409"}],"wp:term":[{"taxonomy":"category","embeddable":true,"href":"https:\/\/creapb.org.br\/site\/wp-json\/wp\/v2\/categories?post=15409"},{"taxonomy":"post_tag","embeddable":true,"href":"https:\/\/creapb.org.br\/site\/wp-json\/wp\/v2\/tags?post=15409"}],"curies":[{"name":"wp","href":"https:\/\/api.w.org\/{rel}","templated":true}]}}