{"id":15411,"date":"2018-08-28T15:23:31","date_gmt":"2018-08-28T18:23:31","guid":{"rendered":"http:\/\/creapb.org.br\/?p=15411"},"modified":"2018-08-28T15:23:31","modified_gmt":"2018-08-28T18:23:31","slug":"crea-pb-informa-sobre-obrigatoriedade-de-elaboracao-da-art-de-laudos-periciais","status":"publish","type":"post","link":"https:\/\/creapb.org.br\/site\/crea-pb-informa-sobre-obrigatoriedade-de-elaboracao-da-art-de-laudos-periciais\/","title":{"rendered":"Crea-PB informa sobre obrigatoriedade de elabora\u00e7\u00e3o da ART de laudos periciais"},"content":{"rendered":"<p><img decoding=\"async\" class=\" wp-image-15412 aligncenter\" src=\"https:\/\/creapb.org.br\/site\/wp-content\/uploads\/2018\/08\/Bras\u00e3o-da-Rep\u00fablica-263x300.jpg\" alt=\"\" width=\"115\" height=\"132\" srcset=\"https:\/\/creapb.org.br\/site\/wp-content\/uploads\/2018\/08\/Bras\u00e3o-da-Rep\u00fablica-263x300.jpg 263w, https:\/\/creapb.org.br\/site\/wp-content\/uploads\/2018\/08\/Bras\u00e3o-da-Rep\u00fablica-768x875.jpg 768w, https:\/\/creapb.org.br\/site\/wp-content\/uploads\/2018\/08\/Bras\u00e3o-da-Rep\u00fablica-898x1024.jpg 898w, https:\/\/creapb.org.br\/site\/wp-content\/uploads\/2018\/08\/Bras\u00e3o-da-Rep\u00fablica.jpg 1029w\" sizes=\"(max-width: 115px) 100vw, 115px\" \/><\/p>\n<p style=\"text-align: center;\">Prezado Profissional,<\/p>\n<p>Ao cumpriment\u00e1-lo em nome do Conselho Regional de Engenharia e Agronomia da Para\u00edba \u2013 CREA\/PB, autarquia federal do Sistema CONFEA\/CREA\u2019s, que congrega no Estado mais de 10 mil profissionais da \u00e1rea tecnol\u00f3gica, desejamos inform\u00e1-lo sobre a vig\u00eancia da Lei Federal n\u00ba 6.496\/1977 e das Resolu\u00e7\u00f5es CONFEA n\u00ba 345\/1990 e n\u00ba 1.025\/2009.<\/p>\n<p>Esses diplomas normativos rezam sobre a obrigatoriedade, pelos profissionais do Sistema CONFEA\/CREA\u2019s, da elabora\u00e7\u00e3o de Anota\u00e7\u00e3o de Responsabilidade T\u00e9cnica \u2013 ART relativos \u00e0 presta\u00e7\u00e3o de servi\u00e7os de per\u00edcias e confec\u00e7\u00e3o de laudos t\u00e9cnicos. Nesse sentido, todos os profissionais que venham a atuar na realiza\u00e7\u00e3o de per\u00edcias e confec\u00e7\u00e3o de laudos t\u00e9cnicos voltados \u00e0 seguran\u00e7a do trabalho, insalubridade etc, devem providenciar a elabora\u00e7\u00e3o e registro da respectiva ART junto ao Conselho Regional de Engenharia e Agronomia da Para\u00edba \u2013 CREA\/PB, conforme preceitua o ordenamento jur\u00eddico.<\/p>\n<p><strong><u>Lei Federal n\u00ba 6.496\/1977<\/u><\/strong><\/p>\n<p><strong>Art 1\u00ba &#8211;<\/strong> Todo contrato, escrito ou verbal, para a execu\u00e7\u00e3o de obras ou presta\u00e7\u00e3o de quaisquer servi\u00e7os profissionais referentes \u00e0 Engenharia, \u00e0 Arquitetura e \u00e0 Agronomia fica sujeito \u00e0 &#8220;Anota\u00e7\u00e3o de Responsabilidade T\u00e9cnica&#8221; (ART)<\/p>\n<p>As resolu\u00e7\u00f5es do Conselho Federal de Engenharia e Agronomia \u2013 CONFEA disciplinam acerca da referida obriga\u00e7\u00e3o legal:<\/p>\n<p><strong><u>Resolu\u00e7\u00e3o CONFEA n\u00ba 345\/1990<\/u><\/strong><\/p>\n<p><strong>Art. 1\u00ba &#8211;<\/strong> Para os efeitos desta Resolu\u00e7\u00e3o, define-se:<\/p>\n<p>(&#8230;).<\/p>\n<ol>\n<li><strong>d)<\/strong> PER\u00cdCIA \u00e9 a atividade que envolve a apura\u00e7\u00e3o das causas que motivaram determinado evento ou da asser\u00e7\u00e3o de direitos.<\/li>\n<li><strong>e)<\/strong> LAUDO \u00e9 a pe\u00e7a na qual o perito, profissional habilitado, relata o que observou e d\u00e1 as suas conclus\u00f5es ou avalia o valor de coisas ou direitos, fundamentadamente.<\/li>\n<\/ol>\n<p>(&#8230;).<\/p>\n<p><strong>Art. 3\u00ba &#8211;<\/strong> Ser\u00e3o nulas de pleno direito as <strong><u>per\u00edcias e avalia\u00e7\u00f5es<\/u><\/strong> e demais procedimentos indicados no Art. 2\u00ba, quando efetivados por pessoas f\u00edsicas ou jur\u00eddicas n\u00e3o registradas nos CREAs.<\/p>\n<p><strong>Art. 4\u00ba &#8211;<\/strong> Os trabalhos t\u00e9cnicos indicados no artigo anterior, <strong><u>para sua plena validade, dever\u00e3o ser objeto de Anota\u00e7\u00e3o de Responsabilidade T\u00e9cnica (ART)<\/u><\/strong> exigida pela Lei n\u00ba 6.496, de 07 DEZ 1977.<\/p>\n<p>(&#8230;). (<strong><em>grifamos<\/em><\/strong>)<\/p>\n<p>&nbsp;<\/p>\n<p><strong><u>Resolu\u00e7\u00e3o CONFEA n\u00ba 1.025\/2009<\/u><\/strong><\/p>\n<p><strong>CAP\u00cdTULO I<\/strong><\/p>\n<p><strong>DA ANOTA\u00c7\u00c3O DE RESPONSABILIDADE T\u00c9CNICA<\/strong><\/p>\n<p><strong>Art. 2\u00ba<\/strong> A ART \u00e9 o instrumento que define, para os efeitos legais, os respons\u00e1veis t\u00e9cnicos pela execu\u00e7\u00e3o de obras ou presta\u00e7\u00e3o de servi\u00e7os relativos \u00e0s profiss\u00f5es abrangidas pelo Sistema Confea\/Crea.<\/p>\n<p><strong>Art. 3\u00ba<\/strong> Todo contrato escrito ou verbal para execu\u00e7\u00e3o de obras ou presta\u00e7\u00e3o de servi\u00e7os relativos \u00e0s profiss\u00f5es abrangidas pelo Sistema Confea\/Crea fica sujeito ao registro da ART no Crea em cuja circunscri\u00e7\u00e3o for exercida a respectiva atividade.<\/p>\n<p>(&#8230;). (<strong><em>grifamos<\/em><\/strong>)<\/p>\n<p>Em decis\u00e3o proferida no \u00e2mbito do Supremo Tribunal Federal &#8211; STF (A\u00e7\u00e3o C\u00edvel Origin\u00e1ria 714 \/ Mato Grosso), o Ministro Marco Aur\u00e9lio Mello manifestou entendimento favor\u00e1vel acerca da necessidade do laudo pericial ser acompanhado da respectiva ART:<\/p>\n<p>(&#8230;) \u201c<em>2. Consoante preceituado no artigo 1\u00ba da Lei n\u00ba 6.496\/77, \u201ctodo contrato, escrito ou verbal, para a execu\u00e7\u00e3o de obras ou presta\u00e7\u00e3o de quaisquer servi\u00e7os profissionais referentes \u00e0 Engenharia, \u00e0 Arquitetura e \u00e0 Agronomia fica sujeito \u00e0 \u2018Anota\u00e7\u00e3o de Responsabilidade T\u00e9cnica\u2019 (ART).\u201d O perito respons\u00e1vel pelo laudo pericial \u2013 folhas 1.318 e 1.873 \u2013, embora General do Ex\u00e9rcito, sujeita-se ao recolhimento da ART, tendo, inclusive, indicado o n\u00famero de inscri\u00e7\u00e3o no respectivo conselho de classe<\/em>.\u201d (&#8230;)<\/p>\n<p>(STF &#8211; ACO 714 \u2013 Decis\u00e3o monocr\u00e1tica publicada no DJ Nr. 22 do dia 03\/02\/2014)<\/p>\n<p>Outrossim, \u00e9 importante destacar que a Resolu\u00e7\u00e3o CONFEA n\u00ba 345\/1990 (Art. 4\u00ba) prev\u00ea que a plena validade das per\u00edcias e\/ou laudos t\u00e9cnicos est\u00e1 vinculada ao registro da respectiva ART.<\/p>\n<p>Assim, informamos aos profissionais que prestam servi\u00e7os de per\u00edcia t\u00e9cnica em processos judiciais no Estado da Para\u00edba, de que os laudos periciais devem ser acompanhados das respectivas ART\u2019s devidamente registradas perante o CREA-PB, motivo pelo qual o Conselho intensificar\u00e1 a fiscaliza\u00e7\u00e3o quanto aos referidos laudos a partir do m\u00eas de setembro de 2018.<\/p>\n<p>Atenciosamente,<\/p>\n<p><strong>CONSELHO REGIONAL DE ENGENHARIA E AGRONOMIA DA PARA\u00cdBA \u2013 CREA\/PB<\/strong><\/p>\n<p>&nbsp;<\/p>\n","protected":false},"excerpt":{"rendered":"<p>Prezado Profissional, Ao cumpriment\u00e1-lo em nome do Conselho Regional de Engenharia e Agronomia da Para\u00edba \u2013 CREA\/PB, autarquia federal do Sistema CONFEA\/CREA\u2019s, que congrega no Estado mais de 10 mil profissionais da \u00e1rea tecnol\u00f3gica, desejamos inform\u00e1-lo sobre a vig\u00eancia da Lei Federal n\u00ba 6.496\/1977 e das Resolu\u00e7\u00f5es CONFEA n\u00ba 345\/1990 e n\u00ba 1.025\/2009. Esses diplomas normativos rezam sobre a obrigatoriedade, pelos profissionais do Sistema CONFEA\/CREA\u2019s, da elabora\u00e7\u00e3o de Anota\u00e7\u00e3o de Responsabilidade T\u00e9cnica \u2013 ART relativos \u00e0 presta\u00e7\u00e3o de servi\u00e7os de per\u00edcias e confec\u00e7\u00e3o de laudos t\u00e9cnicos. Nesse sentido, todos os profissionais que venham a atuar na realiza\u00e7\u00e3o de per\u00edcias e [&hellip;]<\/p>\n","protected":false},"author":2,"featured_media":15414,"comment_status":"open","ping_status":"open","sticky":false,"template":"","format":"standard","meta":{"_acf_changed":false,"footnotes":""},"categories":[9],"tags":[],"class_list":["post-15411","post","type-post","status-publish","format-standard","has-post-thumbnail","hentry","category-noticias"],"acf":[],"_links":{"self":[{"href":"https:\/\/creapb.org.br\/site\/wp-json\/wp\/v2\/posts\/15411","targetHints":{"allow":["GET"]}}],"collection":[{"href":"https:\/\/creapb.org.br\/site\/wp-json\/wp\/v2\/posts"}],"about":[{"href":"https:\/\/creapb.org.br\/site\/wp-json\/wp\/v2\/types\/post"}],"author":[{"embeddable":true,"href":"https:\/\/creapb.org.br\/site\/wp-json\/wp\/v2\/users\/2"}],"replies":[{"embeddable":true,"href":"https:\/\/creapb.org.br\/site\/wp-json\/wp\/v2\/comments?post=15411"}],"version-history":[{"count":2,"href":"https:\/\/creapb.org.br\/site\/wp-json\/wp\/v2\/posts\/15411\/revisions"}],"predecessor-version":[{"id":15415,"href":"https:\/\/creapb.org.br\/site\/wp-json\/wp\/v2\/posts\/15411\/revisions\/15415"}],"wp:featuredmedia":[{"embeddable":true,"href":"https:\/\/creapb.org.br\/site\/wp-json\/wp\/v2\/media\/15414"}],"wp:attachment":[{"href":"https:\/\/creapb.org.br\/site\/wp-json\/wp\/v2\/media?parent=15411"}],"wp:term":[{"taxonomy":"category","embeddable":true,"href":"https:\/\/creapb.org.br\/site\/wp-json\/wp\/v2\/categories?post=15411"},{"taxonomy":"post_tag","embeddable":true,"href":"https:\/\/creapb.org.br\/site\/wp-json\/wp\/v2\/tags?post=15411"}],"curies":[{"name":"wp","href":"https:\/\/api.w.org\/{rel}","templated":true}]}}