{"id":15429,"date":"2018-09-12T12:14:31","date_gmt":"2018-09-12T15:14:31","guid":{"rendered":"http:\/\/creapb.org.br\/?p=15429"},"modified":"2018-09-24T14:51:52","modified_gmt":"2018-09-24T17:51:52","slug":"crea-pb-promove-ciclo-de-palestras-sobre-gestao-energetica-municipal","status":"publish","type":"post","link":"https:\/\/creapb.org.br\/site\/crea-pb-promove-ciclo-de-palestras-sobre-gestao-energetica-municipal\/","title":{"rendered":"Crea-PB promove ciclo de palestras sobre Gest\u00e3o Energ\u00e9tica Municipal"},"content":{"rendered":"<p>Nos meses de setembro, outubro e novembro, o Crea-PB, em parceria com o IFPB-Jo\u00e3o Pessoa e o Comit\u00ea de Energia Renov\u00e1vel do Semi\u00e1rido, promovem em sete cidades do Estado o ciclo de palestras &#8220;A import\u00e2ncia da ART no servi\u00e7o p\u00fablico e a gest\u00e3o energ\u00e9tica municipal&#8221;. O professor do IFPB, engenheiro eletricista Walmeran Trindade J\u00fanior ser\u00e1 o palestrante que trar\u00e1 \u00e0 tona o debate, que tem como p\u00fablico alvo profissionais e estudantes da \u00e1rea tecnol\u00f3gica, gestores municipais, servidores t\u00e9cnicos da \u00e1rea e entidades da sociedade civil.<\/p>\n<p>As palestras acontecer\u00e3o nas cidades em que o Crea-PB tem inspetoria: Guarabira, Campina Grande, Sousa, Cajazeiras, Patos e Pombal (veja programa\u00e7\u00e3o abaixo).\u00a0 O objetivo da parceria entre as entidades para promo\u00e7\u00e3o do evento, que \u00e9 gratuito, \u00e9 promover a difus\u00e3o tecnol\u00f3gica da gera\u00e7\u00e3o distribu\u00edda de eletricidade atrav\u00e9s do uso da tecnologia solar fotovoltaica e da mini-e\u00f3lica, a amplia\u00e7\u00e3o do conhecimento sobre energia renov\u00e1vel e o est\u00edmulo \u00e0 gest\u00e3o p\u00fablica municipal para ado\u00e7\u00e3o de uma cultura de gest\u00e3o energ\u00e9tica.<\/p>\n<p>A programa\u00e7\u00e3o ter\u00e1 in\u00edcio no dia 19 deste m\u00eas, em Guarabira, onde a palestra ocorrer\u00e1 na inspetoria do Crea-PB na cidade, e ser\u00e1 encerrada no dia 8 de novembro, na UFCG, em Pombal. Maiores informa\u00e7\u00f5es podem ser obtidas atrav\u00e9s do n\u00famero (83) 3533-2525.<\/p>\n<p><img fetchpriority=\"high\" decoding=\"async\" class=\"alignright size-full wp-image-15472\" src=\"https:\/\/creapb.org.br\/site\/wp-content\/uploads\/2018\/09\/WhatsApp-Image-2018-09-21-at-11.03.07-1.jpeg\" alt=\"\" width=\"1280\" height=\"639\" srcset=\"https:\/\/creapb.org.br\/site\/wp-content\/uploads\/2018\/09\/WhatsApp-Image-2018-09-21-at-11.03.07-1.jpeg 1280w, https:\/\/creapb.org.br\/site\/wp-content\/uploads\/2018\/09\/WhatsApp-Image-2018-09-21-at-11.03.07-1-300x150.jpeg 300w, https:\/\/creapb.org.br\/site\/wp-content\/uploads\/2018\/09\/WhatsApp-Image-2018-09-21-at-11.03.07-1-768x383.jpeg 768w, https:\/\/creapb.org.br\/site\/wp-content\/uploads\/2018\/09\/WhatsApp-Image-2018-09-21-at-11.03.07-1-1024x511.jpeg 1024w\" sizes=\"(max-width: 1280px) 100vw, 1280px\" \/><\/p>\n","protected":false},"excerpt":{"rendered":"<p>Nos meses de setembro, outubro e novembro, o Crea-PB, em parceria com o IFPB-Jo\u00e3o Pessoa e o Comit\u00ea de Energia Renov\u00e1vel do Semi\u00e1rido, promovem em sete cidades do Estado o ciclo de palestras &#8220;A import\u00e2ncia da ART no servi\u00e7o p\u00fablico e a gest\u00e3o energ\u00e9tica municipal&#8221;. O professor do IFPB, engenheiro eletricista Walmeran Trindade J\u00fanior ser\u00e1 o palestrante que trar\u00e1 \u00e0 tona o debate, que tem como p\u00fablico alvo profissionais e estudantes da \u00e1rea tecnol\u00f3gica, gestores municipais, servidores t\u00e9cnicos da \u00e1rea e entidades da sociedade civil. As palestras acontecer\u00e3o nas cidades em que o Crea-PB tem inspetoria: Guarabira, Campina Grande, Sousa, [&hellip;]<\/p>\n","protected":false},"author":2,"featured_media":15433,"comment_status":"open","ping_status":"open","sticky":false,"template":"","format":"standard","meta":{"_acf_changed":false,"footnotes":""},"categories":[9],"tags":[],"class_list":["post-15429","post","type-post","status-publish","format-standard","has-post-thumbnail","hentry","category-noticias"],"acf":[],"_links":{"self":[{"href":"https:\/\/creapb.org.br\/site\/wp-json\/wp\/v2\/posts\/15429","targetHints":{"allow":["GET"]}}],"collection":[{"href":"https:\/\/creapb.org.br\/site\/wp-json\/wp\/v2\/posts"}],"about":[{"href":"https:\/\/creapb.org.br\/site\/wp-json\/wp\/v2\/types\/post"}],"author":[{"embeddable":true,"href":"https:\/\/creapb.org.br\/site\/wp-json\/wp\/v2\/users\/2"}],"replies":[{"embeddable":true,"href":"https:\/\/creapb.org.br\/site\/wp-json\/wp\/v2\/comments?post=15429"}],"version-history":[{"count":3,"href":"https:\/\/creapb.org.br\/site\/wp-json\/wp\/v2\/posts\/15429\/revisions"}],"predecessor-version":[{"id":15474,"href":"https:\/\/creapb.org.br\/site\/wp-json\/wp\/v2\/posts\/15429\/revisions\/15474"}],"wp:featuredmedia":[{"embeddable":true,"href":"https:\/\/creapb.org.br\/site\/wp-json\/wp\/v2\/media\/15433"}],"wp:attachment":[{"href":"https:\/\/creapb.org.br\/site\/wp-json\/wp\/v2\/media?parent=15429"}],"wp:term":[{"taxonomy":"category","embeddable":true,"href":"https:\/\/creapb.org.br\/site\/wp-json\/wp\/v2\/categories?post=15429"},{"taxonomy":"post_tag","embeddable":true,"href":"https:\/\/creapb.org.br\/site\/wp-json\/wp\/v2\/tags?post=15429"}],"curies":[{"name":"wp","href":"https:\/\/api.w.org\/{rel}","templated":true}]}}