{"id":15504,"date":"2018-10-03T12:35:54","date_gmt":"2018-10-03T15:35:54","guid":{"rendered":"http:\/\/creapb.org.br\/?p=15504"},"modified":"2018-10-03T12:35:54","modified_gmt":"2018-10-03T15:35:54","slug":"dialogos-da-engenharia-pela-paraiba-lucelio-cartaxo-cancela-sua-participacao-nesta-quarta-3","status":"publish","type":"post","link":"https:\/\/creapb.org.br\/site\/dialogos-da-engenharia-pela-paraiba-lucelio-cartaxo-cancela-sua-participacao-nesta-quarta-3\/","title":{"rendered":"Di\u00e1logos da Engenharia pela Para\u00edba: Luc\u00e9lio Cartaxo cancela sua participa\u00e7\u00e3o nesta quarta (3)"},"content":{"rendered":"<p>O Conselho Regional de Engenharia e Agronomia da Para\u00edba e as Entidades das Classe profissionais promovem,\u00a0nesta semana de elei\u00e7\u00e3o,\u00a0rodadas de di\u00e1logo com os candidatos ao governo do Estado. Denominados de &#8220;Di\u00e1logos da Engenharia pela Para\u00edba&#8221;, os eventos ocorrem no plen\u00e1rio do Crea-PB, em Jo\u00e3o Pessoa, no dias 1, 2 e 3 de outubro.\u00a0Os cinco postulantes a governador foram convidados. S\u00e3o eles: Rama Dantas (PSTU), Jo\u00e3o Azevedo (PSB), Z\u00e9 Maranh\u00e3o (MDB), T\u00e1rcio Teixeira (PSOL) e Luc\u00e9lio Cartaxo (PV).<\/p>\n<p>Nesta quarta-feira (3), o Crea-PB recebe, \u00e0s 15h, o candidato ao governo do Estado, Jo\u00e3o Azevedo. Devido \u00e0 capacidade do Plen\u00e1rio do Conselho, haver\u00e1 um limite de 60 participantes. J\u00e1 o di\u00e1logo com o candidato Luc\u00e9lio Cartaxo, que ocorreria \u00e0s 18h, foi cancelado por sua coordena\u00e7\u00e3o de campanha devido \u00e0 incompatibilidade de agenda. De acordo com a assessoria do candidato, &#8220;com a etapa final de campanha, as agendas de mobiliza\u00e7\u00e3o de rua se intensificaram, comprometendo a agenda pr\u00e9-estabelecida. Desde o in\u00edcio da candidatura, Luc\u00e9lio sempre se mostrou aberto ao di\u00e1logo com todas as categorias e segmentos. A candidatura do PV se compromete em receber do CREA-PB a carta-proposta da entidade para que as sugest\u00f5es sejam incorporadas ao programa de governo. No segundo turno, o candidato tamb\u00e9m se coloca, desde j\u00e1, \u00e0 disposi\u00e7\u00e3o para o encontro com a categoria&#8221;, afirmou.<\/p>\n<p>Rama Dantas participou na segunda-feira (1),\u00a0 j\u00e1 Z\u00e9 Maranh\u00e3o\u00a0 cancelou sua participa\u00e7\u00e3o, que aconteceria ontem (2),\u00a0mas o\u00a0Crea-PB e a assessoria do candidato est\u00e3o buscando conciliar uma data para a entrega do documento redigido pelo Conselho e entidades de classe com propostas relacionadas \u00e0 \u00e0rea tecnol\u00f3gica para o pr\u00f3ximo tri\u00eanio. A coordena\u00e7\u00e3o de campanha do candidato T\u00e1rcio Teixeira\u00a0tamb\u00e9m suspendeu a sua particpa\u00e7\u00e3o, que ocorreria nesta quarta-feira (3), \u00e0s 16h.<\/p>\n<p>&nbsp;<\/p>\n<p><em>Grazielle Uch\u00f4a\/ Ascom Crea-PB<\/em><\/p>\n<p>&nbsp;<\/p>\n","protected":false},"excerpt":{"rendered":"<p>O Conselho Regional de Engenharia e Agronomia da Para\u00edba e as Entidades das Classe profissionais promovem,\u00a0nesta semana de elei\u00e7\u00e3o,\u00a0rodadas de di\u00e1logo com os candidatos ao governo do Estado. Denominados de &#8220;Di\u00e1logos da Engenharia pela Para\u00edba&#8221;, os eventos ocorrem no plen\u00e1rio do Crea-PB, em Jo\u00e3o Pessoa, no dias 1, 2 e 3 de outubro.\u00a0Os cinco postulantes a governador foram convidados. S\u00e3o eles: Rama Dantas (PSTU), Jo\u00e3o Azevedo (PSB), Z\u00e9 Maranh\u00e3o (MDB), T\u00e1rcio Teixeira (PSOL) e Luc\u00e9lio Cartaxo (PV). Nesta quarta-feira (3), o Crea-PB recebe, \u00e0s 15h, o candidato ao governo do Estado, Jo\u00e3o Azevedo. Devido \u00e0 capacidade do Plen\u00e1rio do Conselho, [&hellip;]<\/p>\n","protected":false},"author":2,"featured_media":15470,"comment_status":"open","ping_status":"open","sticky":false,"template":"","format":"standard","meta":{"_acf_changed":false,"footnotes":""},"categories":[9],"tags":[],"class_list":["post-15504","post","type-post","status-publish","format-standard","has-post-thumbnail","hentry","category-noticias"],"acf":[],"_links":{"self":[{"href":"https:\/\/creapb.org.br\/site\/wp-json\/wp\/v2\/posts\/15504","targetHints":{"allow":["GET"]}}],"collection":[{"href":"https:\/\/creapb.org.br\/site\/wp-json\/wp\/v2\/posts"}],"about":[{"href":"https:\/\/creapb.org.br\/site\/wp-json\/wp\/v2\/types\/post"}],"author":[{"embeddable":true,"href":"https:\/\/creapb.org.br\/site\/wp-json\/wp\/v2\/users\/2"}],"replies":[{"embeddable":true,"href":"https:\/\/creapb.org.br\/site\/wp-json\/wp\/v2\/comments?post=15504"}],"version-history":[{"count":1,"href":"https:\/\/creapb.org.br\/site\/wp-json\/wp\/v2\/posts\/15504\/revisions"}],"predecessor-version":[{"id":15505,"href":"https:\/\/creapb.org.br\/site\/wp-json\/wp\/v2\/posts\/15504\/revisions\/15505"}],"wp:featuredmedia":[{"embeddable":true,"href":"https:\/\/creapb.org.br\/site\/wp-json\/wp\/v2\/media\/15470"}],"wp:attachment":[{"href":"https:\/\/creapb.org.br\/site\/wp-json\/wp\/v2\/media?parent=15504"}],"wp:term":[{"taxonomy":"category","embeddable":true,"href":"https:\/\/creapb.org.br\/site\/wp-json\/wp\/v2\/categories?post=15504"},{"taxonomy":"post_tag","embeddable":true,"href":"https:\/\/creapb.org.br\/site\/wp-json\/wp\/v2\/tags?post=15504"}],"curies":[{"name":"wp","href":"https:\/\/api.w.org\/{rel}","templated":true}]}}