{"id":15506,"date":"2018-10-04T12:27:09","date_gmt":"2018-10-04T15:27:09","guid":{"rendered":"http:\/\/creapb.org.br\/?p=15506"},"modified":"2018-10-04T12:27:09","modified_gmt":"2018-10-04T15:27:09","slug":"dialogos-da-engenharia-pela-paraiba-joao-azevedo-fala-sobre-distorcoes-salariais-de-engenheiros-no-estado","status":"publish","type":"post","link":"https:\/\/creapb.org.br\/site\/dialogos-da-engenharia-pela-paraiba-joao-azevedo-fala-sobre-distorcoes-salariais-de-engenheiros-no-estado\/","title":{"rendered":"Di\u00e1logos da Engenharia pela Para\u00edba: Jo\u00e3o Azevedo fala sobre distor\u00e7\u00f5es salariais de engenheiros no Estado"},"content":{"rendered":"<p><img fetchpriority=\"high\" decoding=\"async\" class=\"alignright size-medium wp-image-15511\" src=\"https:\/\/creapb.org.br\/site\/wp-content\/uploads\/2018\/10\/crea89-300x200.jpg\" alt=\"\" width=\"300\" height=\"200\" srcset=\"https:\/\/creapb.org.br\/site\/wp-content\/uploads\/2018\/10\/crea89-300x200.jpg 300w, https:\/\/creapb.org.br\/site\/wp-content\/uploads\/2018\/10\/crea89-768x512.jpg 768w, https:\/\/creapb.org.br\/site\/wp-content\/uploads\/2018\/10\/crea89-1024x682.jpg 1024w\" sizes=\"(max-width: 300px) 100vw, 300px\" \/>Na tarde desta quarta-feira (3), o Crea-PB recebeu o candidato ao Governo do Estado, Jo\u00e3o Azevedo (PSB), para um di\u00e1logo com os profissionais e colaboradores do Conselho. O evento faz parte dos &#8220;Di\u00e1logos da Engenharia pela Para\u00edba&#8221;, promovidos pelo Crea e entidades de classe para debater com os candidatos ao Governo da Para\u00edba os rumos do Estado no pr\u00f3ximo tri\u00eanio.<\/p>\n<p>Engenheiro, Jo\u00e3o Azevedo contou sua trajet\u00f3ria profissional e afirmou nunca ter imaginado disputar um cargo eletivo. Enalteceu as grandes obras de mobilidade urbana realizadas pelo governo atual e afirmou que, se eleito, dar\u00e1 continuidade tamb\u00e9m \u00e0s obras estruturantes voltadas \u00e0 seguran\u00e7a h\u00eddrica e ao sistema de esgotamento sanit\u00e1rio. &#8220;Olhar a grande obra e as pequenas necessidades. \u00c9 a isso que n\u00f3s queremos dar continuidade e \u00e9 isso que est\u00e1 dando certo na Para\u00edba&#8221;, disse.<\/p>\n<p><img decoding=\"async\" class=\"alignleft size-medium wp-image-15512\" src=\"https:\/\/creapb.org.br\/site\/wp-content\/uploads\/2018\/10\/r6r-300x200.jpg\" alt=\"\" width=\"300\" height=\"200\" srcset=\"https:\/\/creapb.org.br\/site\/wp-content\/uploads\/2018\/10\/r6r-300x200.jpg 300w, https:\/\/creapb.org.br\/site\/wp-content\/uploads\/2018\/10\/r6r-768x512.jpg 768w, https:\/\/creapb.org.br\/site\/wp-content\/uploads\/2018\/10\/r6r-1024x682.jpg 1024w\" sizes=\"(max-width: 300px) 100vw, 300px\" \/>O candidato ressaltou a import\u00e2ncia da participa\u00e7\u00e3o popular em um poss\u00edvel mandato, a partir da experi\u00eancia do programa Or\u00e7amento democr\u00e1tico, que existe hoje. &#8220;Atrav\u00e9s dessa ferramenta, voc\u00ea \u00e9 capaz de identificar os problemas da popula\u00e7\u00e3o e tamb\u00e9m a solu\u00e7\u00e3o para eles. N\u00f3s temos o conhecimento t\u00e9cnicos, mas muitas vezes n\u00e3o conhecemos a regi\u00e3o t\u00e3o bem como o cidad\u00e3o&#8221;, comentou.<\/p>\n<p>Sobre os assuntos relacionados \u00e0 Engenharia, Jo\u00e3o Azevedo destacou a import\u00e2ncia da cobran\u00e7a\u00a0do cumprimento da legisla\u00e7\u00e3o da seguran\u00e7a do trabalho por parte dos \u00f3rg\u00e3os do Estado para as empresas que prestam servi\u00e7os, comentou sobre o projeto que pretende executar para conten\u00e7\u00e3o da eros\u00e3o da fal\u00e9sia do Cabo Branco e falou ainda sobre a quest\u00e3o salarial dos engenheiros. Segundo o candidato, foram empreendidas, ao longo do tempo, lutas salarias individuais entre os profissionais da administra\u00e7\u00e3o direta e indiretas, que resultaram em conquistas desiguais e que precisam ser equalizadas. &#8220;As categorias n\u00e3o lutaram juntas e as conquistas distintas criaram distor\u00e7\u00f5es salariais expressivas. Tenho o compromisso de buscar recuper\u00e1-las\u00a0paulatinamente, n\u00e3o porque eu fa\u00e7o parte da categoria, mas porque eu a respeito&#8221;, pontuou Jo\u00e3o.<img decoding=\"async\" class=\"alignright size-medium wp-image-15509\" src=\"https:\/\/creapb.org.br\/site\/wp-content\/uploads\/2018\/10\/crea4-1-300x200.jpg\" alt=\"\" width=\"300\" height=\"200\" srcset=\"https:\/\/creapb.org.br\/site\/wp-content\/uploads\/2018\/10\/crea4-1-300x200.jpg 300w, https:\/\/creapb.org.br\/site\/wp-content\/uploads\/2018\/10\/crea4-1-768x512.jpg 768w, https:\/\/creapb.org.br\/site\/wp-content\/uploads\/2018\/10\/crea4-1-1024x682.jpg 1024w\" sizes=\"(max-width: 300px) 100vw, 300px\" \/><\/p>\n<p>Ao final da exposi\u00e7\u00e3o do candidato e do debate com os profissionais, o presidente\u00a0do Crea-PB, Antonio Carlos de Arag\u00e3o, e o eng. de Minas, Renan Azevedo, diretor do Conselho e presidente da Associa\u00e7\u00e3o Paraibana de Engenheiros de Minas, entregaram o documento elaborado pelo Crea e entidades com propostas da categoria para o pr\u00f3ximo tri\u00eanio. Arag\u00e3o agradeceu a participa\u00e7\u00e3o do candidato e enfatizou o protagonismo da Engenharia para o desenvolvimento da Para\u00edba. &#8220;N\u00f3s, engenheiros, \u00e9 que ajudamos a concretizar os planos de governo&#8221;, arrematou o presidente.<\/p>\n<p>&nbsp;<\/p>\n<p><em>Grazielle Uch\u00f4a\/ Ascom Crea-PB<\/em><\/p>\n","protected":false},"excerpt":{"rendered":"<p>Na tarde desta quarta-feira (3), o Crea-PB recebeu o candidato ao Governo do Estado, Jo\u00e3o Azevedo (PSB), para um di\u00e1logo com os profissionais e colaboradores do Conselho. O evento faz parte dos &#8220;Di\u00e1logos da Engenharia pela Para\u00edba&#8221;, promovidos pelo Crea e entidades de classe para debater com os candidatos ao Governo da Para\u00edba os rumos do Estado no pr\u00f3ximo tri\u00eanio. Engenheiro, Jo\u00e3o Azevedo contou sua trajet\u00f3ria profissional e afirmou nunca ter imaginado disputar um cargo eletivo. Enalteceu as grandes obras de mobilidade urbana realizadas pelo governo atual e afirmou que, se eleito, dar\u00e1 continuidade tamb\u00e9m \u00e0s obras estruturantes voltadas \u00e0 [&hellip;]<\/p>\n","protected":false},"author":2,"featured_media":15508,"comment_status":"open","ping_status":"open","sticky":false,"template":"","format":"standard","meta":{"_acf_changed":false,"footnotes":""},"categories":[9],"tags":[],"class_list":["post-15506","post","type-post","status-publish","format-standard","has-post-thumbnail","hentry","category-noticias"],"acf":[],"_links":{"self":[{"href":"https:\/\/creapb.org.br\/site\/wp-json\/wp\/v2\/posts\/15506","targetHints":{"allow":["GET"]}}],"collection":[{"href":"https:\/\/creapb.org.br\/site\/wp-json\/wp\/v2\/posts"}],"about":[{"href":"https:\/\/creapb.org.br\/site\/wp-json\/wp\/v2\/types\/post"}],"author":[{"embeddable":true,"href":"https:\/\/creapb.org.br\/site\/wp-json\/wp\/v2\/users\/2"}],"replies":[{"embeddable":true,"href":"https:\/\/creapb.org.br\/site\/wp-json\/wp\/v2\/comments?post=15506"}],"version-history":[{"count":2,"href":"https:\/\/creapb.org.br\/site\/wp-json\/wp\/v2\/posts\/15506\/revisions"}],"predecessor-version":[{"id":17490,"href":"https:\/\/creapb.org.br\/site\/wp-json\/wp\/v2\/posts\/15506\/revisions\/17490"}],"wp:featuredmedia":[{"embeddable":true,"href":"https:\/\/creapb.org.br\/site\/wp-json\/wp\/v2\/media\/15508"}],"wp:attachment":[{"href":"https:\/\/creapb.org.br\/site\/wp-json\/wp\/v2\/media?parent=15506"}],"wp:term":[{"taxonomy":"category","embeddable":true,"href":"https:\/\/creapb.org.br\/site\/wp-json\/wp\/v2\/categories?post=15506"},{"taxonomy":"post_tag","embeddable":true,"href":"https:\/\/creapb.org.br\/site\/wp-json\/wp\/v2\/tags?post=15506"}],"curies":[{"name":"wp","href":"https:\/\/api.w.org\/{rel}","templated":true}]}}