{"id":15534,"date":"2018-10-15T12:38:45","date_gmt":"2018-10-15T15:38:45","guid":{"rendered":"http:\/\/creapb.org.br\/?p=15534"},"modified":"2018-10-15T12:39:00","modified_gmt":"2018-10-15T15:39:00","slug":"sindicato-da-industria-da-construcao-civil-de-joao-pessoa-faz-eleicao-no-dia-15","status":"publish","type":"post","link":"https:\/\/creapb.org.br\/site\/sindicato-da-industria-da-construcao-civil-de-joao-pessoa-faz-eleicao-no-dia-15\/","title":{"rendered":"Sindicato da Ind\u00fastria da Constru\u00e7\u00e3o Civil de Jo\u00e3o Pessoa faz elei\u00e7\u00e3o nesta segunda-feira (15)"},"content":{"rendered":"<p style=\"font-weight: 400;\">Em chapa de consenso, o empres\u00e1rio da constru\u00e7\u00e3o civil, Jos\u00e9 William Montenegro Leal, do Grupo Conserpa\/Enger \u00e9\u00a0o candidato a presidente do Sindicato da Ind\u00fastria da Constru\u00e7\u00e3o Civil de Jo\u00e3o Pessoa (Sinduscon-JP), na vota\u00e7\u00e3o que ocorrer\u00e1 na pr\u00f3xima\u00a0segunda-feira, dia 15, devendo substituir Jo\u00e3o Barbosa de Lucena, diretor presidente da Construtora ABC, que n\u00e3o buscou a reelei\u00e7\u00e3o.<\/p>\n<p style=\"font-weight: 400;\">Jos\u00e9 William encabe\u00e7a a chapa \u00fanica, que\u00a0ter\u00e1 Wagner Breckenfeld como vice-presidente de Administra\u00e7\u00e3o, Finan\u00e7as e Patrim\u00f4nio. Na chapa tamb\u00e9m est\u00e3o Francisco de Assis Neto, da Construtora Equil\u00edbrio, que ser\u00e1\u00a0vice-presidente de Assuntos Imobili\u00e1rios; Gilson Frade, vice-presidente de Obras P\u00fablicas; Oz\u00e1es Mangueira Filho, da AGS, que permanece como vice-presidente de Rela\u00e7\u00f5es do Trabalho e Pol\u00edtica Sindical; assim como Gustavo Amaral, da Construtora Mediterran\u00e9e continua como vice-presidente de Materiais e Tecnologia; e Alisson Dennis Delmas Nunes segue como vice-presidente de Rela\u00e7\u00f5es P\u00fablicas.<\/p>\n<p style=\"font-weight: 400;\">A diretoria \u00e9 composta ainda pelos diretores Eduardo Porto (de Administra\u00e7\u00e3o, Finan\u00e7as e Patrim\u00f4nio),\u00a0Rodolfo Santa Cruz\u00a0Lins\u00a0(de Assuntos Imobili\u00e1rios); F\u00e1bio Maia Vilar (diretor de Obras P\u00fablicas);\u00a0Ant\u00f4nio Erivaldo Lira (de Rela\u00e7\u00f5es do Trabalho e Pol\u00edtica Sindical); Gabriel Monteiro dos Guimar\u00e3es (de Materiais e Tecnologia); Juliana Mayer (de Rela\u00e7\u00f5es P\u00fablicas).<\/p>\n<p style=\"font-weight: 400;\">O atual presidente, Jo\u00e3o Barbosa de Lucena ficar\u00e1 no Conselho Fiscal, juntamente com F\u00e1bio Sinval (ex-presidente) e Eduardo Lins (presidente da Cooperativa da Constru\u00e7\u00e3o Civil &#8211; Coopcon). Ser\u00e3o suplentes os Pedro C\u00e9sar Bezerra Neto (da Eco Constru\u00e7\u00f5es), Alexandre Tavares de Andrade Cunha (da Construtora Daterra) e Ant\u00f4nio Carlos Cat\u00e3o (da Delta Engenharia).<\/p>\n<p style=\"font-weight: 400;\">Como delegados representantes junto \u00e0 Federa\u00e7\u00e3o das Ind\u00fastrias do Estado da Para\u00edba (FIEPB), est\u00e3o Jos\u00e9 William Montenegro e Irenaldo Quintans (da Construtora Ib\u00e9rica), tendo como suplentes Trajano Ramalho Filho (Construtora Brascon) e Cl\u00f3vis Cavalcanti (Construtora PLANC)<\/p>\n<p style=\"font-weight: 400;\">O SINDUSCON\/JP \u2013 O Sindicato da Ind\u00fastria da Constru\u00e7\u00e3o Civil de Jo\u00e3o Pessoa foi fundado pelo engenheiro e construtor Haroldo Lucena, em 1981. Jos\u00e9 William j\u00e1 foi presidente da entidade de 1994 a 2000, tendo constru\u00eddo a sede do sindicato durante a sua gest\u00e3o.<\/p>\n<p style=\"font-weight: 400;\"><em>*Ascom Sinduscon JP<\/em><\/p>\n","protected":false},"excerpt":{"rendered":"<p>Em chapa de consenso, o empres\u00e1rio da constru\u00e7\u00e3o civil, Jos\u00e9 William Montenegro Leal, do Grupo Conserpa\/Enger \u00e9\u00a0o candidato a presidente do Sindicato da Ind\u00fastria da Constru\u00e7\u00e3o Civil de Jo\u00e3o Pessoa (Sinduscon-JP), na vota\u00e7\u00e3o que ocorrer\u00e1 na pr\u00f3xima\u00a0segunda-feira, dia 15, devendo substituir Jo\u00e3o Barbosa de Lucena, diretor presidente da Construtora ABC, que n\u00e3o buscou a reelei\u00e7\u00e3o. Jos\u00e9 William encabe\u00e7a a chapa \u00fanica, que\u00a0ter\u00e1 Wagner Breckenfeld como vice-presidente de Administra\u00e7\u00e3o, Finan\u00e7as e Patrim\u00f4nio. Na chapa tamb\u00e9m est\u00e3o Francisco de Assis Neto, da Construtora Equil\u00edbrio, que ser\u00e1\u00a0vice-presidente de Assuntos Imobili\u00e1rios; Gilson Frade, vice-presidente de Obras P\u00fablicas; Oz\u00e1es Mangueira Filho, da AGS, que permanece [&hellip;]<\/p>\n","protected":false},"author":2,"featured_media":15535,"comment_status":"open","ping_status":"open","sticky":false,"template":"","format":"standard","meta":{"_acf_changed":false,"footnotes":""},"categories":[9],"tags":[],"class_list":["post-15534","post","type-post","status-publish","format-standard","has-post-thumbnail","hentry","category-noticias"],"acf":[],"_links":{"self":[{"href":"https:\/\/creapb.org.br\/site\/wp-json\/wp\/v2\/posts\/15534","targetHints":{"allow":["GET"]}}],"collection":[{"href":"https:\/\/creapb.org.br\/site\/wp-json\/wp\/v2\/posts"}],"about":[{"href":"https:\/\/creapb.org.br\/site\/wp-json\/wp\/v2\/types\/post"}],"author":[{"embeddable":true,"href":"https:\/\/creapb.org.br\/site\/wp-json\/wp\/v2\/users\/2"}],"replies":[{"embeddable":true,"href":"https:\/\/creapb.org.br\/site\/wp-json\/wp\/v2\/comments?post=15534"}],"version-history":[{"count":2,"href":"https:\/\/creapb.org.br\/site\/wp-json\/wp\/v2\/posts\/15534\/revisions"}],"predecessor-version":[{"id":15537,"href":"https:\/\/creapb.org.br\/site\/wp-json\/wp\/v2\/posts\/15534\/revisions\/15537"}],"wp:featuredmedia":[{"embeddable":true,"href":"https:\/\/creapb.org.br\/site\/wp-json\/wp\/v2\/media\/15535"}],"wp:attachment":[{"href":"https:\/\/creapb.org.br\/site\/wp-json\/wp\/v2\/media?parent=15534"}],"wp:term":[{"taxonomy":"category","embeddable":true,"href":"https:\/\/creapb.org.br\/site\/wp-json\/wp\/v2\/categories?post=15534"},{"taxonomy":"post_tag","embeddable":true,"href":"https:\/\/creapb.org.br\/site\/wp-json\/wp\/v2\/tags?post=15534"}],"curies":[{"name":"wp","href":"https:\/\/api.w.org\/{rel}","templated":true}]}}